{"id":15272,"date":"2025-07-14T00:13:13","date_gmt":"2025-07-13T22:13:13","guid":{"rendered":"https:\/\/boklima.de\/?p=15272"},"modified":"2025-07-14T15:19:52","modified_gmt":"2025-07-14T13:19:52","slug":"aufruf-petition-zum-erhalt-von-kemferts-klima-podcast","status":"publish","type":"post","link":"https:\/\/boklima.de\/?p=15272","title":{"rendered":"Aufruf : Petition zum Erhalt von Kemferts Klima-Podcast"},"content":{"rendered":"\n<p class=\"has-text-align-center has-background\" style=\"background-color:#faf7d5\">Direkt zur Petition : <br> <a href=\"https:\/\/weact.campact.de\/petitions\/kemferts-klima-podcast-erhalten\">https:\/\/weact.campact.de\/petitions\/kemferts-klima-podcast-erhalten<\/a> <\/p>\n\n\n\n<p>(aus Wikipedia) : <br>Claudia Kemfert eine deutsche Wirtschaftswissenschaftlerin. Sie ist Leiterin der Abteilung Energie, Verkehr und Umwelt am <a href=\"https:\/\/de.wikipedia.org\/wiki\/Deutsches_Institut_f%C3%BCr_Wirtschaftsforschung\">Deutschen Institut f\u00fcr Wirtschaftsforschung<\/a> (DIW) sowie Professorin an der <a href=\"https:\/\/de.wikipedia.org\/wiki\/Leuphana_Universit%C3%A4t_L%C3%BCneburg\">Leuphana Universit\u00e4t L\u00fcneburg<\/a>.<\/p>\n\n\n\n<p>Kemfert bewertet seit Mitte der 1990er Jahre die volkswirtschaftlichen Kosten des <a href=\"https:\/\/de.wikipedia.org\/wiki\/Globale_Erw%C3%A4rmung\">Klimawandels<\/a> und des <a href=\"https:\/\/de.wikipedia.org\/wiki\/Klimaschutz\">Klimaschutzes<\/a>.<sup><a href=\"https:\/\/de.wikipedia.org\/wiki\/Claudia_Kemfert#cite_note-28\">[28]<\/a><\/sup> Schon vor dem <a href=\"https:\/\/de.wikipedia.org\/wiki\/Stern-Report\">Stern-Report<\/a> berechnete sie am <a href=\"https:\/\/de.wikipedia.org\/wiki\/Deutsches_Institut_f%C3%BCr_Wirtschaftsforschung\">DIW<\/a> die volkswirtschaftlichen <a href=\"https:\/\/de.wikipedia.org\/wiki\/Folgen_der_globalen_Erw%C3%A4rmung\">Folgen des Klimawandels<\/a>. Die Kosten des vorbeugenden Klimaschutzes sind demnach deutlich kleiner als die m\u00f6glichen volkswirtschaftlichen Sch\u00e4den aufgrund des Klimawandels. <strong>Handeln sei also billiger als Nichthandeln.<\/strong><\/p>\n\n\n\n<h2 class=\"wp-block-heading\"><span class=\"ez-toc-section\" id=\"Kemferts_Klima-Podcast\"><\/span>Kemferts Klima-Podcast<span class=\"ez-toc-section-end\"><\/span><\/h2>\n\n\n\n<p>Seit 4 Jahren betreibt Claudia Kemfert den Klima-PodCast beim mdr zu vielen verschiedenen Klima-Themen (Links s.u) <\/p>\n\n\n\n<p>Wir besprechen aktuelle Studien zum Klimawandel und ordnen sie ein. Wir beobachten die deutsche Klimapolitik und bewerten sie. Klima\u00f6konomin Claudia Kemfert gibt im Podcast au\u00dferdem Tipps f\u00fcr ein nachhaltigeres Leben.<\/p>\n\n\n\n<h2 class=\"wp-block-heading\"><span class=\"ez-toc-section\" id=\"MDR_streicht_Kemferts_Klima-Podcast\"><\/span>MDR streicht Kemferts Klima-Podcast<span class=\"ez-toc-section-end\"><\/span><\/h2>\n\n\n\n<p><a href=\"https:\/\/correctiv.org\/aktuelles\/medien\/2025\/07\/03\/mdr-streicht-kemferts-klima-podcast-mit-sofortiger-wirkung\/\" target=\"_blank\" rel=\"noreferrer noopener nofollow\">Am 03.07.25 berichtet Correctiv.org <\/a>: &gt;&gt;MDR streicht Kemferts Klima-Podcast \u2013 mit sofortiger Wirkung . Nach knapp vier Jahren nimmt der MDR den Podcast von Energie- und Klima-\u00d6konomin Claudia Kemfert aus dem Programm. Der Sender erkl\u00e4rt dies mit \u201eKompetenzb\u00fcndelung\u201c.<\/p>\n\n\n\n<p>In \u201eKemferts Klima-Podcast\u201c im <em>Mitteldeutschen Rundfunk (MDR)<\/em> geht es um Politik: zum Beispiel darum, wie sich der Klimawandel auf unsere Lebensgrundlagen auswirkt und wie die handelnden Politiker darauf reagieren sollten. Oder um die Frage, wie sich Westeuropa bei der Energieversorgung unabh\u00e4ngiger von Russland machen k\u00f6nnte. Seit knapp vier Jahren diskutiert die Energie- und Klima-\u00d6konomin Claudia Kemfert, Abteilungsleiterin beim Deutschen Institut f\u00fcr Wirtschaftsforschung (DIW), regelm\u00e4\u00dfig diese Fragen.<\/p>\n\n\n\n<p>Der Podcast soll \u00fcbereinstimmenden Angaben mehrerer Beteiligter zufolge ungew\u00f6hnlich viele H\u00f6rerinnen und H\u00f6rer haben: Bis zu 40.000 Menschen h\u00f6rten sich demnach manche der Folgen an.<br>&#8230;<br>MDR erkl\u00e4rt Einstellung mit Kompetenzb\u00fcndelung&lt;&lt;<\/p>\n\n\n\n<h2 class=\"wp-block-heading\"><span class=\"ez-toc-section\" id=\"Petition\"><\/span>Petition<span class=\"ez-toc-section-end\"><\/span><\/h2>\n\n\n\n<p class=\"has-medium-font-size\"><strong><em>Um diese hoch informative und wissenschaftlich fundierte PodCast &#8211; Reihe zu erhalten und zu retten hat Campact eine Petition gestartet &#8212; <\/em><\/strong><br>                                      <strong><em>bitte mitzeichnen : <\/em><\/strong><a href=\"https:\/\/weact.campact.de\/petitions\/kemferts-klima-podcast-erhalten\" target=\"_blank\" rel=\"noreferrer noopener nofollow\">hier<\/a><\/p>\n\n\n\n<p>(( <a href=\"https:\/\/weact.campact.de\/petitions\/kemferts-klima-podcast-erhalten\">https:\/\/weact.campact.de\/petitions\/kemferts-klima-podcast-erhalten<\/a> ))<\/p>\n\n\n\n<blockquote class=\"wp-block-quote is-layout-flow wp-block-quote-is-layout-flow\">\n<h4 class=\"wp-block-heading\"><span class=\"ez-toc-section\" id=\"An_Mitteldeutscher_Rundfunk\"><\/span>An: Mitteldeutscher Rundfunk<span class=\"ez-toc-section-end\"><\/span><\/h4>\n\n\n\n<h4 class=\"wp-block-heading\"><span class=\"ez-toc-section\" id=\"Kemferts_Klima-Podcast_erhalten\"><\/span>Kemferts Klima-Podcast erhalten!<span class=\"ez-toc-section-end\"><\/span><\/h4>\n\n\n\n<figure class=\"wp-block-image\"><img decoding=\"async\" src=\"https:\/\/weact-s3.campact.de\/agra-uploads\/users\/images\/97095\/avatar\/eng4f_transparent.png?1751982844\" alt=\"\" title=\"\"\/><\/figure>\n\n\n\n<p>Gestartet von<\/p>\n\n\n\n<figure class=\"wp-block-image\"><img decoding=\"async\" src=\"https:\/\/weact.campact.de\/rails\/active_storage\/representations\/proxy\/eyJfcmFpbHMiOnsiZGF0YSI6MjgyNzYsInB1ciI6ImJsb2JfaWQifX0=--ab18406293ea462647d8eb0b8ce00b2cc6adb0cf\/eyJfcmFpbHMiOnsiZGF0YSI6eyJmb3JtYXQiOiJwbmciLCJzdHJpcCI6dHJ1ZSwiY3JvcCI6IjM1NzR4MTQ3NysyKzIzMSIsInJlc2l6ZV90b19maXQiOls3MjUsMzAwXX0sInB1ciI6InZhcmlhdGlvbiJ9fQ==--6b51070d3fa65a6d54e829c374f53034e391a639\/Bild%20Petition%20Cotton_field_experiencing_drought_conditions_Ropesville_Texas_2014.png\" alt=\"\" title=\"\"\/><figcaption class=\"wp-element-caption\">Bild: Unidentified NOAA photographer 2014, Public domain, Cotton field experiencing drought conditions Ropesville Texas 2014.pn<\/figcaption><\/figure>\n\n\n\n<p>CORRECTIV berichtete, dass der Mitteldeutsche Rundfunk beschlossen hat, Kemferts Klima-Podcast zu streichen. Damit w\u00fcrde eine echte Bereicherung der Medienlandschaft und Wissenschaftskommunikation verloren gehen. Der MDR soll daher das erfolgreiche Podcastformat fortf\u00fchren und weiterhin neue Folgen produzieren und ver\u00f6ffentlichen.<\/p>\n\n\n\n<h3 class=\"wp-block-heading\"><span class=\"ez-toc-section\" id=\"Warum_ist_das_wichtig\"><\/span>Warum ist das wichtig?<span class=\"ez-toc-section-end\"><\/span><\/h3>\n\n\n\n<p>Der Podcast \u201eKemferts Klima-Podcast\u201c ist ein bedeutendes journalistisches Format, das wissenschaftlich fundierte Klimainformationen regelm\u00e4\u00dfig und allgemeinverst\u00e4ndlich aufbereiten. Professorin Claudia Kemfert ist eine der renommiertesten Energie\u00f6konominnen Deutschlands und forscht seit Jahrzehnten zu den Zusammenh\u00e4ngen von Klima, Energie und Wirtschaft. Ihre Expertise ist nicht nur national, sondern auch international anerkannt. Im Podcast bringt sie komplexe Zusammenh\u00e4nge verst\u00e4ndlich auf den Punkt und hilft damit vielen Menschen, aktuelle politische Entscheidungen aus einer wissenschaftlichen Perspektive einzuordnen \u2013 ob es um das Geb\u00e4udeenergiegesetz, den Kohleausstieg, Subventionen f\u00fcr fossile Energietr\u00e4ger oder die Klimapolitik der Bundesregierung geht.<\/p>\n\n\n\n<p>&#8230;.<\/p>\n<cite><a href=\"https:\/\/weact.campact.de\/petitions\/kemferts-klima-podcast-erhalten\">https:\/\/weact.campact.de\/petitions\/kemferts-klima-podcast-erhalten<\/a><\/cite><\/blockquote>\n\n\n\n<hr class=\"wp-block-separator has-alpha-channel-opacity\"\/>\n\n\n\n<h3 class=\"wp-block-heading\"><span class=\"ez-toc-section\" id=\"Weitere_Links_und_Infos\"><\/span>Weitere Links und Infos <span class=\"ez-toc-section-end\"><\/span><\/h3>\n\n\n\n<ul class=\"wp-block-list\">\n<li>(, mdr) <a href=\"https:\/\/www.mdr.de\/nachrichten\/podcast\/kemfert-klima\/index.html\" target=\"_blank\" rel=\"noreferrer noopener nofollow\">Kemferts Klima-Podcast beim mdr 87 Podcasts<\/a><\/li>\n\n\n\n<li>(,mdr) <a href=\"https:\/\/www.mdr.de\/barrierefreiheit\/podcast-nachlesen\/kemferts-klima-podcast\/alle-folgen-kemferts-klima-podcast-textversion-100.html\" target=\"_blank\" rel=\"noreferrer noopener nofollow\">Alle Folgen von Kemferts Klima-Podcast <strong>zum Lesen<\/strong><\/a> (Der MDR bietet ausgew\u00e4hlte Podcasts zum Nachlesen an.)<\/li>\n\n\n\n<li>(, podcast.de) <a href=\"https:\/\/www.podcast.de\/podcast\/2614059\/archiv\" target=\"_blank\" rel=\"noreferrer noopener nofollow\">Alle Folgen &#8212; Schnell\u00fcbersicht<\/a><\/li>\n\n\n\n<li>(,campact) <a href=\"https:\/\/weact.campact.de\/petitions\/kemferts-klima-podcast-erhalten\" target=\"_blank\" rel=\"noreferrer noopener nofollow\">die Petition<\/a> <\/li>\n\n\n\n<li>(, wikipedia ) <a href=\"https:\/\/de.wikipedia.org\/wiki\/Claudia_Kemfert\" target=\"_blank\" rel=\"noreferrer noopener nofollow\">Claudia Kemfert<\/a><\/li>\n\n\n\n<li>() <a href=\"https:\/\/www.claudiakemfert.de\/\" target=\"_blank\" rel=\"noreferrer noopener nofollow\">Claudia Kemfert Energie\u00f6konomin <\/a><\/li>\n\n\n\n<li>(24.02.25, fr ) , <a href=\"https:\/\/www.fr.de\/politik\/energieexpertin-claudia-kemfert-klimaneutraler-strom-bis-2035-ist-nicht-schwer-93591601.html\" target=\"_blank\" rel=\"noreferrer noopener nofollow\">Energieexpertin Claudia Kemfert: \u201eKlimaneutraler Strom bis 2035 ist nicht schwer\u201c<\/a> <br>Energieexpertin Kemfert fordert \u201emehr Digitalisierung, mehr Speicher, weniger B\u00fcrokratie\u201c<\/li>\n<\/ul>\n\n\n\n<h3 class=\"wp-block-heading\"><span class=\"ez-toc-section\" id=\"Einige_besondere_Episoden_aus_Kemferts_Klima-Podcast\"><\/span>Einige besondere Episoden aus Kemferts Klima-Podcast<span class=\"ez-toc-section-end\"><\/span><\/h3>\n\n\n\n<p>(( Auch bei <a href=\"https:\/\/www.podcast.de\/podcast\/2614059\/kemferts-klima-podcast\" target=\"_blank\" rel=\"noreferrer noopener nofollow\">podcast.de<\/a> ))<\/p>\n\n\n\n<ul class=\"wp-block-list\">\n<li><a href=\"https:\/\/www.podcast.de\/episode\/690400850\/eu-klimazertifikate-ein-moderner-ablasshandel\"><\/a>09.0725 , <a href=\"https:\/\/www.podcast.de\/episode\/690400850\/eu-klimazertifikate-ein-moderner-ablasshandel\">EU-Klimazertifikate: Ein moderner Ablasshandel?<\/a>\n<ul class=\"wp-block-list\">\n<li>42 Minuten<\/li>\n\n\n\n<li>In der EU sollen die Emissionen bis 2040 um 90 Prozent gesenkt werden. Dabei setzt die EU-Kommission auch auf Klimazertifikate. Claudia Kemfert sieht das kritisch. Und: Umstrittene Klima-\u00c4u\u00dferungen von Kanzler Merz.<\/li>\n<\/ul>\n<\/li>\n\n\n\n<li><a href=\"https:\/\/www.podcast.de\/episode\/689343189\/viele-hitzetote-was-laeuft-in-deutschland-falsch\"><\/a><\/li>\n\n\n\n<li>18.06.25 ,  <a href=\"https:\/\/www.podcast.de\/episode\/689343189\/viele-hitzetote-was-laeuft-in-deutschland-falsch\">Viele Hitzetote: Was l\u00e4uft in Deutschland falsch?<\/a>\n<ul class=\"wp-block-list\">\n<li>44 Minuten<\/li>\n\n\n\n<li>In den Sommern 2023 und 2024 hat es in Deutschland jeweils rund 3.000 Hitzetote gegeben. Claudia Kemfert erkl\u00e4rt, warum die Politik eine Mitschuld tr\u00e4gt. Bei den Schutzma\u00dfnahmen seien L\u00e4nder wie Frankreich viel besser.<\/li>\n\n\n\n<li>22.01.25, <a href=\"https:\/\/www.ardaudiothek.de\/episode\/urn:ard:publication:2dd529af59e46427\/\" target=\"_blank\" rel=\"noreferrer noopener nofollow\">1,5 Grad-Ziel wird wohl verfehlt<\/a>\n<ul class=\"wp-block-list\">\n<li>51 min<\/li>\n\n\n\n<li>2024 war das w\u00e4rmste Jahr seit 1850. Erstmals lag die globale Durchschnittstemperatur 1,6 Grad \u00fcber dem vorindustriellen Niveau. Das zeigen jetzt auch Forschungen des Klimawandeldienstes Copernicus. Au\u00dferdem sei der menschengemachte Klimawandel ein entscheidender Faktor f\u00fcr diese Erderw\u00e4rmung. Im Gespr\u00e4ch mit Host Theresa Brenner erkl\u00e4rt die Klima-\u00d6konomin Claudia Kemfert, warum sie nicht davon ausgeht, dass das Pariser Klimaabkommen so noch zu halten ist \u2013 mit dramatischen Folgen. Au\u00dferdem beschreibt sie, woher Wissenschaftlerinnen und Wissenschaftler wissen, wie die Durchschnitttemperatur 1850 war. Und die Klima-\u00d6konomin erl\u00e4utert, wieso neben dem Menschen auch Wetterextreme f\u00fcr die globale Erw\u00e4rmung verantwortlich sind.<\/li>\n<\/ul>\n<\/li>\n<\/ul>\n<\/li>\n<\/ul>\n\n\n\n<figure class=\"wp-block-image size-full\"><img loading=\"lazy\" decoding=\"async\" width=\"411\" height=\"413\" src=\"https:\/\/boklima.de\/wp-content\/uploads\/2025\/07\/grafik-2.png\" alt=\"\" class=\"wp-image-15273\" srcset=\"https:\/\/boklima.de\/wp-content\/uploads\/2025\/07\/grafik-2.png 411w, https:\/\/boklima.de\/wp-content\/uploads\/2025\/07\/grafik-2-300x300.png 300w, https:\/\/boklima.de\/wp-content\/uploads\/2025\/07\/grafik-2-150x150.png 150w\" sizes=\"auto, (max-width: 411px) 85vw, 411px\" \/><\/figure>\n\n\n\n<p><\/p>\n<div id=\"ez-toc-container\" class=\"ez-toc-v2_0_82_2 counter-hierarchy ez-toc-counter ez-toc-transparent ez-toc-container-direction\">\n<div class=\"ez-toc-title-container\">\n<p class=\"ez-toc-title\" style=\"cursor:inherit\">Inhalte dieser Seite :<\/p>\n<span class=\"ez-toc-title-toggle\"><a href=\"#\" class=\"ez-toc-pull-right ez-toc-btn ez-toc-btn-xs ez-toc-btn-default ez-toc-toggle\" aria-label=\"Toggle Table of Content\"><span class=\"ez-toc-js-icon-con\"><span class=\"\"><span class=\"eztoc-hide\" style=\"display:none;\">Toggle<\/span><span class=\"ez-toc-icon-toggle-span\"><svg style=\"fill: #999;color:#999\" xmlns=\"http:\/\/www.w3.org\/2000\/svg\" class=\"list-377408\" width=\"20px\" height=\"20px\" viewBox=\"0 0 24 24\" fill=\"none\"><path d=\"M6 6H4v2h2V6zm14 0H8v2h12V6zM4 11h2v2H4v-2zm16 0H8v2h12v-2zM4 16h2v2H4v-2zm16 0H8v2h12v-2z\" fill=\"currentColor\"><\/path><\/svg><svg style=\"fill: #999;color:#999\" class=\"arrow-unsorted-368013\" xmlns=\"http:\/\/www.w3.org\/2000\/svg\" width=\"10px\" height=\"10px\" viewBox=\"0 0 24 24\" version=\"1.2\" baseProfile=\"tiny\"><path d=\"M18.2 9.3l-6.2-6.3-6.2 6.3c-.2.2-.3.4-.3.7s.1.5.3.7c.2.2.4.3.7.3h11c.3 0 .5-.1.7-.3.2-.2.3-.5.3-.7s-.1-.5-.3-.7zM5.8 14.7l6.2 6.3 6.2-6.3c.2-.2.3-.5.3-.7s-.1-.5-.3-.7c-.2-.2-.4-.3-.7-.3h-11c-.3 0-.5.1-.7.3-.2.2-.3.5-.3.7s.1.5.3.7z\"\/><\/svg><\/span><\/span><\/span><\/a><\/span><\/div>\n<nav><ul class='ez-toc-list ez-toc-list-level-1 eztoc-toggle-hide-by-default' ><li class='ez-toc-page-1 ez-toc-heading-level-2'><a class=\"ez-toc-link ez-toc-heading-1\" href=\"https:\/\/boklima.de\/?p=15272\/#Kemferts_Klima-Podcast\" >Kemferts Klima-Podcast<\/a><\/li><li class='ez-toc-page-1 ez-toc-heading-level-2'><a class=\"ez-toc-link ez-toc-heading-2\" href=\"https:\/\/boklima.de\/?p=15272\/#MDR_streicht_Kemferts_Klima-Podcast\" >MDR streicht Kemferts Klima-Podcast<\/a><\/li><li class='ez-toc-page-1 ez-toc-heading-level-2'><a class=\"ez-toc-link ez-toc-heading-3\" href=\"https:\/\/boklima.de\/?p=15272\/#Petition\" >Petition<\/a><ul class='ez-toc-list-level-4' ><li class='ez-toc-heading-level-4'><ul class='ez-toc-list-level-4' ><li class='ez-toc-heading-level-4'><a class=\"ez-toc-link ez-toc-heading-4\" href=\"https:\/\/boklima.de\/?p=15272\/#An_Mitteldeutscher_Rundfunk\" >An: Mitteldeutscher Rundfunk<\/a><\/li><li class='ez-toc-page-1 ez-toc-heading-level-4'><a class=\"ez-toc-link ez-toc-heading-5\" href=\"https:\/\/boklima.de\/?p=15272\/#Kemferts_Klima-Podcast_erhalten\" >Kemferts Klima-Podcast erhalten!<\/a><\/li><\/ul><\/li><li class='ez-toc-page-1 ez-toc-heading-level-3'><a class=\"ez-toc-link ez-toc-heading-6\" href=\"https:\/\/boklima.de\/?p=15272\/#Warum_ist_das_wichtig\" >Warum ist das wichtig?<\/a><\/li><li class='ez-toc-page-1 ez-toc-heading-level-3'><a class=\"ez-toc-link ez-toc-heading-7\" href=\"https:\/\/boklima.de\/?p=15272\/#Weitere_Links_und_Infos\" >Weitere Links und Infos<\/a><\/li><li class='ez-toc-page-1 ez-toc-heading-level-3'><a class=\"ez-toc-link ez-toc-heading-8\" href=\"https:\/\/boklima.de\/?p=15272\/#Einige_besondere_Episoden_aus_Kemferts_Klima-Podcast\" >Einige besondere Episoden aus Kemferts Klima-Podcast<\/a><\/li><\/ul><\/li><\/ul><\/nav><\/div>\n","protected":false},"excerpt":{"rendered":"<p>Direkt zur Petition : https:\/\/weact.campact.de\/petitions\/kemferts-klima-podcast-erhalten (aus Wikipedia) : Claudia Kemfert eine deutsche Wirtschaftswissenschaftlerin. Sie ist Leiterin der Abteilung Energie, Verkehr und Umwelt am Deutschen Institut f\u00fcr Wirtschaftsforschung (DIW) sowie Professorin an der Leuphana Universit\u00e4t L\u00fcneburg. Kemfert bewertet seit Mitte der 1990er Jahre die volkswirtschaftlichen Kosten des Klimawandels und des Klimaschutzes.[28] Schon vor dem Stern-Report berechnete &hellip; <a href=\"https:\/\/boklima.de\/?p=15272\" class=\"more-link\"><span class=\"screen-reader-text\">\u201eAufruf : Petition zum Erhalt von Kemferts Klima-Podcast\u201c <\/span>weiterlesen<\/a><\/p>\n","protected":false},"author":2,"featured_media":15273,"comment_status":"open","ping_status":"open","sticky":false,"template":"","format":"standard","meta":{"ngg_post_thumbnail":0,"footnotes":"","_share_on_mastodon":"0"},"categories":[156,157,104],"tags":[396,397,398],"class_list":["post-15272","post","type-post","status-publish","format-standard","has-post-thumbnail","hentry","category-relevant-bochum","category-relevant-klimanews","category-oeffentlich-fuer-alle-site-besucher-lesbar","tag-petiiton-2","tag-klima-podcast","tag-kemfert"],"share_on_mastodon":{"url":"https:\/\/ruhr.social\/@BoKlima\/114848222031274778","error":""},"rttpg_featured_image_url":{"full":["https:\/\/boklima.de\/wp-content\/uploads\/2025\/07\/grafik-2.png",411,413,false],"landscape":["https:\/\/boklima.de\/wp-content\/uploads\/2025\/07\/grafik-2.png",411,413,false],"portraits":["https:\/\/boklima.de\/wp-content\/uploads\/2025\/07\/grafik-2.png",411,413,false],"thumbnail":["https:\/\/boklima.de\/wp-content\/uploads\/2025\/07\/grafik-2-150x150.png",150,150,true],"medium":["https:\/\/boklima.de\/wp-content\/uploads\/2025\/07\/grafik-2-300x300.png",300,300,true],"large":["https:\/\/boklima.de\/wp-content\/uploads\/2025\/07\/grafik-2.png",411,413,false],"1536x1536":["https:\/\/boklima.de\/wp-content\/uploads\/2025\/07\/grafik-2.png",411,413,false],"2048x2048":["https:\/\/boklima.de\/wp-content\/uploads\/2025\/07\/grafik-2.png",411,413,false],"post-thumbnail":["https:\/\/boklima.de\/wp-content\/uploads\/2025\/07\/grafik-2.png",411,413,false]},"rttpg_author":{"display_name":"thomas - als admin","author_link":"https:\/\/boklima.de\/?author=2"},"rttpg_comment":0,"rttpg_category":"<a href=\"https:\/\/boklima.de\/?cat=156\" rel=\"category\">relevant-Bochum<\/a> <a href=\"https:\/\/boklima.de\/?cat=157\" rel=\"category\">relevant-KlimaNews<\/a> <a href=\"https:\/\/boklima.de\/?cat=104\" rel=\"category\">\u00f6ffentlich (f\u00fcr alle lesbar)<\/a>","rttpg_excerpt":"Direkt zur Petition : https:\/\/weact.campact.de\/petitions\/kemferts-klima-podcast-erhalten (aus Wikipedia) : Claudia Kemfert eine deutsche Wirtschaftswissenschaftlerin. Sie ist Leiterin der Abteilung Energie, Verkehr und Umwelt am Deutschen Institut f\u00fcr Wirtschaftsforschung (DIW) sowie Professorin an der Leuphana Universit\u00e4t L\u00fcneburg. Kemfert bewertet seit Mitte der 1990er Jahre die volkswirtschaftlichen Kosten des Klimawandels und des Klimaschutzes.[28] Schon vor dem Stern-Report berechnete&hellip;","_links":{"self":[{"href":"https:\/\/boklima.de\/index.php?rest_route=\/wp\/v2\/posts\/15272","targetHints":{"allow":["GET"]}}],"collection":[{"href":"https:\/\/boklima.de\/index.php?rest_route=\/wp\/v2\/posts"}],"about":[{"href":"https:\/\/boklima.de\/index.php?rest_route=\/wp\/v2\/types\/post"}],"author":[{"embeddable":true,"href":"https:\/\/boklima.de\/index.php?rest_route=\/wp\/v2\/users\/2"}],"replies":[{"embeddable":true,"href":"https:\/\/boklima.de\/index.php?rest_route=%2Fwp%2Fv2%2Fcomments&post=15272"}],"version-history":[{"count":3,"href":"https:\/\/boklima.de\/index.php?rest_route=\/wp\/v2\/posts\/15272\/revisions"}],"predecessor-version":[{"id":15284,"href":"https:\/\/boklima.de\/index.php?rest_route=\/wp\/v2\/posts\/15272\/revisions\/15284"}],"wp:featuredmedia":[{"embeddable":true,"href":"https:\/\/boklima.de\/index.php?rest_route=\/wp\/v2\/media\/15273"}],"wp:attachment":[{"href":"https:\/\/boklima.de\/index.php?rest_route=%2Fwp%2Fv2%2Fmedia&parent=15272"}],"wp:term":[{"taxonomy":"category","embeddable":true,"href":"https:\/\/boklima.de\/index.php?rest_route=%2Fwp%2Fv2%2Fcategories&post=15272"},{"taxonomy":"post_tag","embeddable":true,"href":"https:\/\/boklima.de\/index.php?rest_route=%2Fwp%2Fv2%2Ftags&post=15272"}],"curies":[{"name":"wp","href":"https:\/\/api.w.org\/{rel}","templated":true}]}}