{"id":14941,"date":"2025-04-03T20:54:29","date_gmt":"2025-04-03T18:54:29","guid":{"rendered":"https:\/\/boklima.de\/?p=14941"},"modified":"2025-04-03T20:55:12","modified_gmt":"2025-04-03T18:55:12","slug":"aufruf-fledermaus-beringung-wer-hilft","status":"publish","type":"post","link":"https:\/\/boklima.de\/?p=14941","title":{"rendered":"Aufruf : Fledermaus Beringung &#8212; Wer hilft"},"content":{"rendered":"\n<p>Der <a href=\"https:\/\/aku-bochum.de\" target=\"_blank\" rel=\"noreferrer noopener\">AkU<\/a>  beringt seit 2003 gro\u00dfe Abendsegler. Bis einschlie\u00dflich 2017 haben wir w\u00f6chentlich beringt. <\/p>\n\n\n\n<p>Die Ergebnisse: <a href=\"https:\/\/www.aku-bochum.de\/2008\/beringung\/\" target=\"_blank\" rel=\"noreferrer noopener nofollow\">https:\/\/www.aku-bochum.de\/2008\/beringung\/<\/a><br>Damit die aktuellen Zahlen vergleichbar sind will der AKU diese Jahr wieder w\u00f6chendlich beringen, das hei\u00dft temperaturabh\u00e4ngig die n\u00e4chsten 3 bis max 5 Wochenenden. <\/p>\n\n\n\n<p>Es w\u00e4re toll wenn wir (AkU) das hinbekommen. <\/p>\n\n\n\n<p>Ab Ende April\/Anfang Mai sind keine Abendsegler mehr in den K\u00e4sten. Die Weibchen bringen dann ihre Jungen in Osteuropa zur Welt und die M\u00e4nnchen sind irgendwo.<\/p>\n\n\n\n<p>Damit Alle besser planen k\u00f6nnen: <br>* Wer kann voraussichtlich an den n\u00e4chsten Wochenenden dabei  sein? <br>* Wer ist am n\u00e4chsten Sa. bzw. So. mit welchem Zeitfenster dabei.<\/p>\n\n\n\n<p>Bitte R\u00fcckmeldung an &#8220;<a href=\"mailto:info@aku-bochum.de\" target=\"_blank\" rel=\"noreferrer noopener nofollow\">info [bei] aku-bochum.de<\/a>&#8220;<\/p>\n\n\n\n<p>Der AkU  (und die Flederm\u00e4use \ud83d\ude42 ) hoffen auf zahlreiche R\u00fcckmeldungen.<\/p>\n\n\n\n<p><\/p>\n","protected":false},"excerpt":{"rendered":"<p>Der AkU beringt seit 2003 gro\u00dfe Abendsegler. Bis einschlie\u00dflich 2017 haben wir w\u00f6chentlich beringt. Die Ergebnisse: https:\/\/www.aku-bochum.de\/2008\/beringung\/Damit die aktuellen Zahlen vergleichbar sind will der AKU diese Jahr wieder w\u00f6chendlich beringen, das hei\u00dft temperaturabh\u00e4ngig die n\u00e4chsten 3 bis max 5 Wochenenden. Es w\u00e4re toll wenn wir (AkU) das hinbekommen. Ab Ende April\/Anfang Mai sind keine Abendsegler &hellip; <a href=\"https:\/\/boklima.de\/?p=14941\" class=\"more-link\"><span class=\"screen-reader-text\">\u201eAufruf : Fledermaus Beringung &#8212; Wer hilft\u201c <\/span>weiterlesen<\/a><\/p>\n","protected":false},"author":2,"featured_media":14942,"comment_status":"open","ping_status":"open","sticky":false,"template":"","format":"standard","meta":{"ngg_post_thumbnail":0,"footnotes":"","_share_on_mastodon":"0"},"categories":[155,156,104],"tags":[374,379,380],"class_list":["post-14941","post","type-post","status-publish","format-standard","has-post-thumbnail","hentry","category-relevant-boklima","category-relevant-bochum","category-oeffentlich-fuer-alle-site-besucher-lesbar","tag-fledermaus","tag-fledermausberingung","tag-helfersuche"],"share_on_mastodon":{"url":"https:\/\/ruhr.social\/@BoKlima\/114275547254141890","error":""},"rttpg_featured_image_url":{"full":["https:\/\/boklima.de\/wp-content\/uploads\/2025\/04\/image-1.png",600,400,false],"landscape":["https:\/\/boklima.de\/wp-content\/uploads\/2025\/04\/image-1.png",600,400,false],"portraits":["https:\/\/boklima.de\/wp-content\/uploads\/2025\/04\/image-1.png",600,400,false],"thumbnail":["https:\/\/boklima.de\/wp-content\/uploads\/2025\/04\/image-1-150x150.png",150,150,true],"medium":["https:\/\/boklima.de\/wp-content\/uploads\/2025\/04\/image-1-300x200.png",300,200,true],"large":["https:\/\/boklima.de\/wp-content\/uploads\/2025\/04\/image-1.png",600,400,false],"1536x1536":["https:\/\/boklima.de\/wp-content\/uploads\/2025\/04\/image-1.png",600,400,false],"2048x2048":["https:\/\/boklima.de\/wp-content\/uploads\/2025\/04\/image-1.png",600,400,false],"post-thumbnail":["https:\/\/boklima.de\/wp-content\/uploads\/2025\/04\/image-1.png",600,400,false]},"rttpg_author":{"display_name":"thomas - als admin","author_link":"https:\/\/boklima.de\/?author=2"},"rttpg_comment":0,"rttpg_category":"<a href=\"https:\/\/boklima.de\/?cat=155\" rel=\"category\">relevant-BoKlima<\/a> <a href=\"https:\/\/boklima.de\/?cat=156\" rel=\"category\">relevant-Bochum<\/a> <a href=\"https:\/\/boklima.de\/?cat=104\" rel=\"category\">\u00f6ffentlich (f\u00fcr alle lesbar)<\/a>","rttpg_excerpt":"Der AkU beringt seit 2003 gro\u00dfe Abendsegler. Bis einschlie\u00dflich 2017 haben wir w\u00f6chentlich beringt. Die Ergebnisse: https:\/\/www.aku-bochum.de\/2008\/beringung\/Damit die aktuellen Zahlen vergleichbar sind will der AKU diese Jahr wieder w\u00f6chendlich beringen, das hei\u00dft temperaturabh\u00e4ngig die n\u00e4chsten 3 bis max 5 Wochenenden. Es w\u00e4re toll wenn wir (AkU) das hinbekommen. Ab Ende April\/Anfang Mai sind keine Abendsegler&hellip;","_links":{"self":[{"href":"https:\/\/boklima.de\/index.php?rest_route=\/wp\/v2\/posts\/14941","targetHints":{"allow":["GET"]}}],"collection":[{"href":"https:\/\/boklima.de\/index.php?rest_route=\/wp\/v2\/posts"}],"about":[{"href":"https:\/\/boklima.de\/index.php?rest_route=\/wp\/v2\/types\/post"}],"author":[{"embeddable":true,"href":"https:\/\/boklima.de\/index.php?rest_route=\/wp\/v2\/users\/2"}],"replies":[{"embeddable":true,"href":"https:\/\/boklima.de\/index.php?rest_route=%2Fwp%2Fv2%2Fcomments&post=14941"}],"version-history":[{"count":2,"href":"https:\/\/boklima.de\/index.php?rest_route=\/wp\/v2\/posts\/14941\/revisions"}],"predecessor-version":[{"id":14944,"href":"https:\/\/boklima.de\/index.php?rest_route=\/wp\/v2\/posts\/14941\/revisions\/14944"}],"wp:featuredmedia":[{"embeddable":true,"href":"https:\/\/boklima.de\/index.php?rest_route=\/wp\/v2\/media\/14942"}],"wp:attachment":[{"href":"https:\/\/boklima.de\/index.php?rest_route=%2Fwp%2Fv2%2Fmedia&parent=14941"}],"wp:term":[{"taxonomy":"category","embeddable":true,"href":"https:\/\/boklima.de\/index.php?rest_route=%2Fwp%2Fv2%2Fcategories&post=14941"},{"taxonomy":"post_tag","embeddable":true,"href":"https:\/\/boklima.de\/index.php?rest_route=%2Fwp%2Fv2%2Ftags&post=14941"}],"curies":[{"name":"wp","href":"https:\/\/api.w.org\/{rel}","templated":true}]}}