{"id":14882,"date":"2025-03-16T22:13:53","date_gmt":"2025-03-16T21:13:53","guid":{"rendered":"https:\/\/boklima.de\/?p=14882"},"modified":"2025-03-18T10:54:39","modified_gmt":"2025-03-18T09:54:39","slug":"veranstaltung-natur-freunde-langendreer-bildungsabend-zum-thema-gebaeudesanierung-teil-2","status":"publish","type":"post","link":"https:\/\/boklima.de\/?p=14882","title":{"rendered":"Veranstaltung Natur Freunde Langendreer: Bildungsabend zum Thema Geb\u00e4udesanierung: Teil 2"},"content":{"rendered":"\n<p>Mit Blick auf die Energiepreise und die Klimakrise kommen viele Eigent\u00fcmer:innen zu dem Schluss:<\/p>\n\n\n\n<h3 class=\"wp-block-heading\">Es ist Zeit f\u00fcr eine energetische Sanierung.<\/h3>\n\n\n\n<p>Der Vortrag besch\u00e4ftigt sich unter anderem mit der Frage wie sich sinnvollen Ma\u00dfnahmen f\u00fcr die eigene Immobilie und die Zielsetzungen herausfiltern lassen.<\/p>\n\n\n\n<p class=\"has-medium-font-size\">Im zweiten Teil der Veranstaltung besch\u00e4ftigen wir uns mit Fragen rund um <strong>Fenstersanierung<\/strong> sowie m\u00f6glichen <strong>F\u00f6rdermitteln f\u00fcr Einzelma\u00dfnahmen an der Geb\u00e4udeh\u00fclle.<\/strong><\/p>\n\n\n\n<p><strong>Wann:<\/strong>\u00a020. M\u00e4rz 2025<br><strong>Uhrzeit:<\/strong>\u00a018:30 Uhr<br><strong>Wo:<\/strong>\u00a0in unserem NaturFreundeZentrum Hohe Eiche 20, Bochum<\/p>\n\n\n\n<p class=\"has-medium-font-size\">Weitere Infos : <a href=\"https:\/\/naturfreunde-langendreer.de\/event\/ba-verbraucherzentrale-gebaeudesanierung-ii\/\" target=\"_blank\" rel=\"noreferrer noopener nofollow\">hier<\/a>   ; Home-Page Naturfreunde-Langendreer : <a href=\"https:\/\/naturfreunde-langendreer.de\/\" target=\"_blank\" rel=\"noreferrer noopener nofollow\">hier<\/a><\/p>\n","protected":false},"excerpt":{"rendered":"<p>Mit Blick auf die Energiepreise und die Klimakrise kommen viele Eigent\u00fcmer:innen zu dem Schluss: Es ist Zeit f\u00fcr eine energetische Sanierung. Der Vortrag besch\u00e4ftigt sich unter anderem mit der Frage wie sich sinnvollen Ma\u00dfnahmen f\u00fcr die eigene Immobilie und die Zielsetzungen herausfiltern lassen. Im zweiten Teil der Veranstaltung besch\u00e4ftigen wir uns mit Fragen rund um &hellip; <a href=\"https:\/\/boklima.de\/?p=14882\" class=\"more-link\"><span class=\"screen-reader-text\">\u201eVeranstaltung Natur Freunde Langendreer: Bildungsabend zum Thema Geb\u00e4udesanierung: Teil 2\u201c <\/span>weiterlesen<\/a><\/p>\n","protected":false},"author":2,"featured_media":14883,"comment_status":"open","ping_status":"open","sticky":false,"template":"","format":"standard","meta":{"ngg_post_thumbnail":0,"footnotes":"","_share_on_mastodon":"0"},"categories":[155,104],"tags":[368,369,371],"class_list":["post-14882","post","type-post","status-publish","format-standard","has-post-thumbnail","hentry","category-relevant-boklima","category-oeffentlich-fuer-alle-site-besucher-lesbar","tag-vortrag","tag-energiesparen","tag-gebaeudesanierung"],"share_on_mastodon":{"url":"https:\/\/ruhr.social\/@BoKlima\/114174173793742859","error":""},"rttpg_featured_image_url":{"full":["https:\/\/boklima.de\/wp-content\/uploads\/2025\/03\/image-2.png",905,743,false],"landscape":["https:\/\/boklima.de\/wp-content\/uploads\/2025\/03\/image-2.png",905,743,false],"portraits":["https:\/\/boklima.de\/wp-content\/uploads\/2025\/03\/image-2.png",905,743,false],"thumbnail":["https:\/\/boklima.de\/wp-content\/uploads\/2025\/03\/image-2-150x150.png",150,150,true],"medium":["https:\/\/boklima.de\/wp-content\/uploads\/2025\/03\/image-2-300x246.png",300,246,true],"large":["https:\/\/boklima.de\/wp-content\/uploads\/2025\/03\/image-2.png",840,690,false],"1536x1536":["https:\/\/boklima.de\/wp-content\/uploads\/2025\/03\/image-2.png",905,743,false],"2048x2048":["https:\/\/boklima.de\/wp-content\/uploads\/2025\/03\/image-2.png",905,743,false],"post-thumbnail":["https:\/\/boklima.de\/wp-content\/uploads\/2025\/03\/image-2.png",905,743,false]},"rttpg_author":{"display_name":"thomas - als admin","author_link":"https:\/\/boklima.de\/?author=2"},"rttpg_comment":0,"rttpg_category":"<a href=\"https:\/\/boklima.de\/?cat=155\" rel=\"category\">relevant-BoKlima<\/a> <a href=\"https:\/\/boklima.de\/?cat=104\" rel=\"category\">\u00f6ffentlich (f\u00fcr alle lesbar)<\/a>","rttpg_excerpt":"Mit Blick auf die Energiepreise und die Klimakrise kommen viele Eigent\u00fcmer:innen zu dem Schluss: Es ist Zeit f\u00fcr eine energetische Sanierung. Der Vortrag besch\u00e4ftigt sich unter anderem mit der Frage wie sich sinnvollen Ma\u00dfnahmen f\u00fcr die eigene Immobilie und die Zielsetzungen herausfiltern lassen. Im zweiten Teil der Veranstaltung besch\u00e4ftigen wir uns mit Fragen rund um&hellip;","_links":{"self":[{"href":"https:\/\/boklima.de\/index.php?rest_route=\/wp\/v2\/posts\/14882","targetHints":{"allow":["GET"]}}],"collection":[{"href":"https:\/\/boklima.de\/index.php?rest_route=\/wp\/v2\/posts"}],"about":[{"href":"https:\/\/boklima.de\/index.php?rest_route=\/wp\/v2\/types\/post"}],"author":[{"embeddable":true,"href":"https:\/\/boklima.de\/index.php?rest_route=\/wp\/v2\/users\/2"}],"replies":[{"embeddable":true,"href":"https:\/\/boklima.de\/index.php?rest_route=%2Fwp%2Fv2%2Fcomments&post=14882"}],"version-history":[{"count":2,"href":"https:\/\/boklima.de\/index.php?rest_route=\/wp\/v2\/posts\/14882\/revisions"}],"predecessor-version":[{"id":14888,"href":"https:\/\/boklima.de\/index.php?rest_route=\/wp\/v2\/posts\/14882\/revisions\/14888"}],"wp:featuredmedia":[{"embeddable":true,"href":"https:\/\/boklima.de\/index.php?rest_route=\/wp\/v2\/media\/14883"}],"wp:attachment":[{"href":"https:\/\/boklima.de\/index.php?rest_route=%2Fwp%2Fv2%2Fmedia&parent=14882"}],"wp:term":[{"taxonomy":"category","embeddable":true,"href":"https:\/\/boklima.de\/index.php?rest_route=%2Fwp%2Fv2%2Fcategories&post=14882"},{"taxonomy":"post_tag","embeddable":true,"href":"https:\/\/boklima.de\/index.php?rest_route=%2Fwp%2Fv2%2Ftags&post=14882"}],"curies":[{"name":"wp","href":"https:\/\/api.w.org\/{rel}","templated":true}]}}