{"id":14866,"date":"2025-03-10T12:25:27","date_gmt":"2025-03-10T11:25:27","guid":{"rendered":"https:\/\/boklima.de\/?p=14866"},"modified":"2025-03-10T12:26:52","modified_gmt":"2025-03-10T11:26:52","slug":"vortrag-energieeinsparen-als-teil-der-wohlergehensoekonomie-dr-st-thomas-wuppertal-institut","status":"publish","type":"post","link":"https:\/\/boklima.de\/?p=14866","title":{"rendered":"Vortrag : Energieeinsparen als Teil der Wohlergehens\u00f6konomie , Dr. St. Thomas, Wuppertal Institut"},"content":{"rendered":"\n<p>Einladung zu einem Vortrag des Wuppertal Instituts zum Thema Energieeinsparen als Teil der Wohlergehens\u00f6konomie von Dr. Stefan Thomas, Leiter der Abteilung Energie-,<br>Verkehrs- und Klimapolitik vom Wuppertal Institut f\u00fcr Klima, Umwelt, Energie<br><br>Am 10.04.15, 19h in Hattingen , B\u00fcrgerzentrum Holschentor, Talstra\u00dfe 8, 45525 Hattingen , Raum III , 1. Etage<\/p>\n\n\n<div class=\"wp-block-image\">\n<figure class=\"alignleft size-thumbnail is-resized\"><img loading=\"lazy\" decoding=\"async\" width=\"150\" height=\"150\" src=\"https:\/\/boklima.de\/wp-content\/uploads\/2025\/03\/image-1-150x150.png\" alt=\"\" class=\"wp-image-14868\" style=\"width:196px;height:auto\" srcset=\"https:\/\/boklima.de\/wp-content\/uploads\/2025\/03\/image-1-150x150.png 150w, https:\/\/boklima.de\/wp-content\/uploads\/2025\/03\/image-1.png 200w\" sizes=\"auto, (max-width: 150px) 85vw, 150px\" \/><\/figure>\n<\/div>\n\n\n<p class=\"has-text-align-center\"><strong>Thema : <br>Energieeinsparen als Teil der Wohlergehens\u00f6konomie: zum eigenen Nutzen und f\u00fcr ein gutes Leben f\u00fcr Alle<\/strong><\/p>\n\n\n\n<p class=\"has-text-align-left\">Mit diesem Vortrag soll ein positives Zeichen gesetzt werden, dass Klima und Ressourcenschutz nicht mit einem Verlust von Lebensqualit\u00e4t gleichzusetzen ist.<\/p>\n\n\n\n<hr class=\"wp-block-separator has-alpha-channel-opacity\"\/>\n\n\n\n<div style=\"height:58px\" aria-hidden=\"true\" class=\"wp-block-spacer\"><\/div>\n\n\n\n<p>vollst. Ank\u00fcndigiung als PDF : <a href=\"https:\/\/boklima.de\/wp-content\/uploads\/2025\/03\/250410-vonbeg-vortrag-dr.thomas-wuppert-ankuendigung-energieeinsparen.pdf\">hier<\/a><\/p>\n\n\n\n<div class=\"wp-block-algori-pdf-viewer-block-algori-pdf-viewer\"><iframe class=\"wp-block-algori-pdf-viewer-block-algori-pdf-viewer-iframe\" src=\"https:\/\/boklima.de\/wp-content\/plugins\/algori-pdf-viewer\/dist\/web\/viewer.html?file=https%3A%2F%2Fboklima.de%2Fwp-content%2Fuploads%2F2025%2F03%2F250410-vonbeg-vortrag-dr.thomas-wuppert-ankuendigung-energieeinsparen.pdf\" style=\"width:600px;height:900px\"><\/iframe><\/div>\n\n\n\n<h3 class=\"wp-block-heading\">Weitere Infos , Links <\/h3>\n\n\n\n<ul class=\"wp-block-list\">\n<li><a href=\"https:\/\/wupperinst.org\/\" target=\"_blank\" rel=\"noreferrer noopener nofollow\">Das Wuppertal Institut <\/a><\/li>\n\n\n\n<li><a href=\"https:\/\/wupperinst.org\/c\/wi\/c\/s\/cd\/94\/\" target=\"_blank\" rel=\"noreferrer noopener nofollow\">Dr. Stefan Thomas , Wuppertal Institut<\/a> <\/li>\n\n\n\n<li><a href=\"https:\/\/epub.wupperinst.org\/solrsearch\/index\/search\/start\/0\/rows\/10\/sortfield\/year_sort\/sortorder\/desc\/searchtype\/simple\/query\/thomas\" target=\"_blank\" rel=\"noreferrer noopener nofollow\">Publikationen von Dr. Stefan Thomas<\/a><\/li>\n\n\n\n<li><a href=\"https:\/\/wupperinst.org\/newsroom\/veranstaltungen\" data-type=\"link\" data-id=\"https:\/\/wupperinst.org\/newsroom\/veranstaltungen\" target=\"_blank\" rel=\"noreferrer noopener nofollow\">Veranstaltungen des Wuppertal Instituts<\/a>\n<ul class=\"wp-block-list\">\n<li><\/li>\n\n\n\n<li>Die von FFF beauftrage Studie : <a href=\"https:\/\/wupperinst.org\/p\/wi\/p\/s\/pd\/924\" target=\"_blank\" rel=\"noreferrer noopener nofollow\">Zero2035 &#8212; CO2-neutral bis 2035: Eckpunkte eines deutschen Beitrags zur Einhaltung der 1,5-\u00b0C-Grenze<\/a> <\/li>\n<\/ul>\n<\/li>\n<\/ul>\n\n\n\n<p><\/p>\n","protected":false},"excerpt":{"rendered":"<p>Einladung zu einem Vortrag des Wuppertal Instituts zum Thema Energieeinsparen als Teil der Wohlergehens\u00f6konomie von Dr. Stefan Thomas, Leiter der Abteilung Energie-,Verkehrs- und Klimapolitik vom Wuppertal Institut f\u00fcr Klima, Umwelt, Energie Am 10.04.15, 19h in Hattingen , B\u00fcrgerzentrum Holschentor, Talstra\u00dfe 8, 45525 Hattingen , Raum III , 1. Etage Thema : Energieeinsparen als Teil der &hellip; <a href=\"https:\/\/boklima.de\/?p=14866\" class=\"more-link\"><span class=\"screen-reader-text\">\u201eVortrag : Energieeinsparen als Teil der Wohlergehens\u00f6konomie , Dr. St. Thomas, Wuppertal Institut\u201c <\/span>weiterlesen<\/a><\/p>\n","protected":false},"author":2,"featured_media":14869,"comment_status":"open","ping_status":"open","sticky":false,"template":"","format":"standard","meta":{"ngg_post_thumbnail":0,"footnotes":"","_share_on_mastodon":"0"},"categories":[155,159,104,130,127],"tags":[368,369,370],"class_list":["post-14866","post","type-post","status-publish","format-standard","has-post-thumbnail","hentry","category-relevant-boklima","category-energie","category-oeffentlich-fuer-alle-site-besucher-lesbar","category-co2-einsparen","category-temperaturanstieg","tag-vortrag","tag-energiesparen","tag-wuppertalinstitut"],"share_on_mastodon":{"url":"https:\/\/ruhr.social\/@BoKlima\/114137886175526921","error":""},"rttpg_featured_image_url":{"full":["https:\/\/boklima.de\/wp-content\/uploads\/2025\/03\/logo-uppertalinst-wi-logo.png",132,28,false],"landscape":["https:\/\/boklima.de\/wp-content\/uploads\/2025\/03\/logo-uppertalinst-wi-logo.png",132,28,false],"portraits":["https:\/\/boklima.de\/wp-content\/uploads\/2025\/03\/logo-uppertalinst-wi-logo.png",132,28,false],"thumbnail":["https:\/\/boklima.de\/wp-content\/uploads\/2025\/03\/logo-uppertalinst-wi-logo.png",132,28,false],"medium":["https:\/\/boklima.de\/wp-content\/uploads\/2025\/03\/logo-uppertalinst-wi-logo.png",132,28,false],"large":["https:\/\/boklima.de\/wp-content\/uploads\/2025\/03\/logo-uppertalinst-wi-logo.png",132,28,false],"1536x1536":["https:\/\/boklima.de\/wp-content\/uploads\/2025\/03\/logo-uppertalinst-wi-logo.png",132,28,false],"2048x2048":["https:\/\/boklima.de\/wp-content\/uploads\/2025\/03\/logo-uppertalinst-wi-logo.png",132,28,false],"post-thumbnail":["https:\/\/boklima.de\/wp-content\/uploads\/2025\/03\/logo-uppertalinst-wi-logo.png",132,28,false]},"rttpg_author":{"display_name":"thomas - als admin","author_link":"https:\/\/boklima.de\/?author=2"},"rttpg_comment":0,"rttpg_category":"<a href=\"https:\/\/boklima.de\/?cat=155\" rel=\"category\">relevant-BoKlima<\/a> <a href=\"https:\/\/boklima.de\/?cat=159\" rel=\"category\">Energie<\/a> <a href=\"https:\/\/boklima.de\/?cat=104\" rel=\"category\">\u00f6ffentlich (f\u00fcr alle lesbar)<\/a> <a href=\"https:\/\/boklima.de\/?cat=130\" rel=\"category\">CO2-einsparen<\/a> <a href=\"https:\/\/boklima.de\/?cat=127\" rel=\"category\">Temperaturanstieg<\/a>","rttpg_excerpt":"Einladung zu einem Vortrag des Wuppertal Instituts zum Thema Energieeinsparen als Teil der Wohlergehens\u00f6konomie von Dr. Stefan Thomas, Leiter der Abteilung Energie-,Verkehrs- und Klimapolitik vom Wuppertal Institut f\u00fcr Klima, Umwelt, Energie Am 10.04.15, 19h in Hattingen , B\u00fcrgerzentrum Holschentor, Talstra\u00dfe 8, 45525 Hattingen , Raum III , 1. Etage Thema : Energieeinsparen als Teil der&hellip;","_links":{"self":[{"href":"https:\/\/boklima.de\/index.php?rest_route=\/wp\/v2\/posts\/14866","targetHints":{"allow":["GET"]}}],"collection":[{"href":"https:\/\/boklima.de\/index.php?rest_route=\/wp\/v2\/posts"}],"about":[{"href":"https:\/\/boklima.de\/index.php?rest_route=\/wp\/v2\/types\/post"}],"author":[{"embeddable":true,"href":"https:\/\/boklima.de\/index.php?rest_route=\/wp\/v2\/users\/2"}],"replies":[{"embeddable":true,"href":"https:\/\/boklima.de\/index.php?rest_route=%2Fwp%2Fv2%2Fcomments&post=14866"}],"version-history":[{"count":3,"href":"https:\/\/boklima.de\/index.php?rest_route=\/wp\/v2\/posts\/14866\/revisions"}],"predecessor-version":[{"id":14872,"href":"https:\/\/boklima.de\/index.php?rest_route=\/wp\/v2\/posts\/14866\/revisions\/14872"}],"wp:featuredmedia":[{"embeddable":true,"href":"https:\/\/boklima.de\/index.php?rest_route=\/wp\/v2\/media\/14869"}],"wp:attachment":[{"href":"https:\/\/boklima.de\/index.php?rest_route=%2Fwp%2Fv2%2Fmedia&parent=14866"}],"wp:term":[{"taxonomy":"category","embeddable":true,"href":"https:\/\/boklima.de\/index.php?rest_route=%2Fwp%2Fv2%2Fcategories&post=14866"},{"taxonomy":"post_tag","embeddable":true,"href":"https:\/\/boklima.de\/index.php?rest_route=%2Fwp%2Fv2%2Ftags&post=14866"}],"curies":[{"name":"wp","href":"https:\/\/api.w.org\/{rel}","templated":true}]}}