{"id":14836,"date":"2025-03-03T12:40:24","date_gmt":"2025-03-03T11:40:24","guid":{"rendered":"https:\/\/boklima.de\/?p=14836"},"modified":"2025-03-18T10:51:55","modified_gmt":"2025-03-18T09:51:55","slug":"pv-workshop-im-rahmen-des-aktionstages-zu-klimaschutz-an-der-liebfrauen-kirche","status":"publish","type":"post","link":"https:\/\/boklima.de\/?p=14836","title":{"rendered":"BoKlima PV Workshops im Aprill &#8212; eine Woche voller Sonne und PV"},"content":{"rendered":"\n<h2 class=\"wp-block-heading has-text-align-center\"><span class=\"ez-toc-section\" id=\"%E2%80%9D_Sonnenstrom_fuer_Alle_%E2%80%93_mein_erstes_Balkonkraftwerk_%E2%80%93_Vortrag_und_Workshop_zum_Schnuppern_und_Anfassen_%E2%80%9C\"><\/span>\u201d Sonnenstrom f\u00fcr Alle<br>\u2013 mein erstes Balkonkraftwerk \u2013<br>Vortrag und Workshop <br>zum Schnuppern und Anfassen \u201c<span class=\"ez-toc-section-end\"><\/span><\/h2>\n\n\n\n<p>Workshops gemeinsam mit der Energieberaterin der Verbraucherzentrale NRW in Bochum.<\/p>\n\n\n\n<p>In kurzen Erl\u00e4uterungen am Stand bzw. in Vortr\u00e4gen werden Hintergr\u00fcnde und die Funktionsweise erl\u00e4utert. An konkreten Modulen und Wechselrichter wird dann &#8212; falls die Sonne scheint &#8212; Strom erzeugt und gemessen .<\/p>\n\n\n\n<p>Es wird viel Raum f\u00fcr Fragen und Diskussionen geben &#8212; kommt und macht mit und baut dann Eure  eigene Stecker-Solar-Anlage &#8230;..<\/p>\n\n\n\n<hr class=\"wp-block-separator has-alpha-channel-opacity\"\/>\n\n\n\n<h2 class=\"wp-block-heading\"><span class=\"ez-toc-section\" id=\"PV_%E2%80%93_Workshops_im_Aprill\"><\/span>PV &#8211; Workshops im Aprill :<span class=\"ez-toc-section-end\"><\/span><\/h2>\n\n\n\n<ul class=\"wp-block-list\">\n<li>DI 01.04.25, 17:00 h , &#8216;Zum Kuhhirten&#8217;,  Br\u00fcckstr, Bochum <br>Im Rahmen von &#8220;<em>Innovation anner Theke \/ Solarstrom anne Theke&#8221;<\/em>\n<ul class=\"wp-block-list\">\n<li>Infos dazu bei der Stadt Bochum : <a href=\"https:\/\/www.bochum-wirtschaft.de\/termin\/solarstrom-anne-theke\/\" target=\"_blank\" rel=\"noreferrer noopener nofollow\">hier<\/a><\/li>\n<\/ul>\n<\/li>\n\n\n\n<li>FR 04.04.25, 15:00 h , Kichplatz Liebfrauenkirche, HattoingerStr. 814, Bochum<br>Im Rahmen des &#8220;<em>Aktionstag zu Klimaschutz und Nachhaltigkeit<\/em>&#8221; \n<ul class=\"wp-block-list\">\n<li>Infos dazu bei der Gemeinde Linden : <a href=\"https:\/\/www.liebfrauen.psfb.de\/nachrichten\/detailansicht\/aktionstag-zu-klimaschutz-und-nachhaltigkeit\" target=\"_blank\" rel=\"noreferrer noopener nofollow\">hier<\/a> <\/li>\n<\/ul>\n<\/li>\n\n\n\n<li>SA 05.04.24, 10:30, VHS Clubraum , BVZ , Bochum , weiteres : <a href=\"https:\/\/boklima.de\/?p=14333\">hier<\/a><br>   <br>  <\/li>\n\n\n\n<li><strong>Anmeldung<\/strong> zu den Workshops unter : <a href=\"mailto:balkonsolar@boklima.de\" target=\"_blank\" rel=\"noreferrer noopener\">balkonsolar@boklima.de<\/a><br>  <br>   <\/li>\n\n\n\n<li>Flyer zu den Wokshops : <a href=\"https:\/\/boklima.de\/wp-content\/uploads\/2025\/03\/250400-terminflyer-pv-boklima-thekelindenvhs-v0.01-a4.pdf\">hier (PDF)<\/a>  , <a href=\"https:\/\/boklima.de\/wp-content\/uploads\/2025\/03\/250400-terminflyer-pv-boklima-thekelindenvhs-v0.01-a4-4auf1-small-1.pdf\">4auf1 (PDF)<\/a> (( Bitte weiter verteilen ))<\/li>\n<\/ul>\n\n\n\n<div class=\"wp-block-algori-pdf-viewer-block-algori-pdf-viewer\"><iframe class=\"wp-block-algori-pdf-viewer-block-algori-pdf-viewer-iframe\" src=\"https:\/\/boklima.de\/wp-content\/plugins\/algori-pdf-viewer\/dist\/web\/viewer.html?file=https%3A%2F%2Fboklima.de%2Fwp-content%2Fuploads%2F2025%2F03%2F250400-terminflyer-pv-boklima-thekelindenvhs-v0.01-a4.pdf\" style=\"width:350px;height:440px\"><\/iframe><\/div>\n\n\n\n<h3 class=\"wp-block-heading\"><span class=\"ez-toc-section\" id=\"Weitere_Infos_zu_den_PV-WSs\"><\/span>Weitere Infos zu den PV-WS&#8217;s <span class=\"ez-toc-section-end\"><\/span><\/h3>\n\n\n\n<ul class=\"wp-block-list\">\n<li><a href=\"https:\/\/boklima.de\/pv\">Zentrale BoKlima-PV-Seite <\/a><\/li>\n\n\n\n<li><a href=\"https:\/\/boklima.de\/?p=14333\"><strong>Sa. 05.04.25, 10:30 Uhr, <\/strong>VHS Clubraum<\/a> <a href=\"https:\/\/boklima.de\/?p=14333\">10. Balkon-Solar-Workshops<\/a><\/li>\n\n\n\n<li><a href=\"https:\/\/boklima.de\/?p=14391\">Impressionen vom PV-Workshop in der VHS vom 14.09.24<\/a><\/li>\n\n\n\n<li><a href=\"https:\/\/boklima.de\/?p=14197\">BoKlima \u2014 Workshops zu Balkon-Kraftwerken<\/a><\/li>\n\n\n\n<li>&#8230;<\/li>\n<\/ul>\n\n\n\n<hr class=\"wp-block-separator has-alpha-channel-opacity\"\/>\n\n\n\n<h3 class=\"wp-block-heading\"><span class=\"ez-toc-section\" id=\"Themen_Beschreibung\"><\/span>Themen \/ Beschreibung<span class=\"ez-toc-section-end\"><\/span><\/h3>\n\n\n\n<p>In Theorie und Praxis wird aufgezeigt, wie der Wunsch nach einer eigenen kleinen Photovoltaikanlage Wirklichkeit werden kann.<\/p>\n\n\n\n<p>Sogenannte Balkonkraftwerke sind ein wunderbarer erster Schritt, um Erneuerbare Energie zu Hause selbst zu erzeugen, selbst zu nutzen, die Stromrechnung zu mindern und Teil der Energiewende zu werden.<\/p>\n\n\n\n<p>In einem Vortragsteil werden zun\u00e4chst die Grundlagen der solaren Stromgewinnung erl\u00e4utert und die Besonderheiten der Balkonkraftwerke dargestellt.<\/p>\n\n\n\n<p>Anschlie\u00dfend geht\u2019s ganz praktisch weiter: Solarmodul, Wechselrichter, Verkabelung, Steckverbindungen usw. k\u00f6nnen angefasst und selbst zusammengebaut werden.<\/p>\n\n\n\n<p>Wenn die Sonne scheint, erzeugen wir zum Abschluss des Workshops gemeinsam euren ersten Solarstrom!<\/p>\n\n\n\n<p><strong>Anmeldung<\/strong> zu den Workshops unter : <a rel=\"noreferrer noopener\" href=\"mailto:balkonsolar@boklima.de\" target=\"_blank\">balkonsolar@boklima.de<\/a><\/p>\n\n\n\n<hr class=\"wp-block-separator has-alpha-channel-opacity\"\/>\n\n\n\n<hr class=\"wp-block-separator has-alpha-channel-opacity\"\/>\n\n\n\n<h3 class=\"wp-block-heading\"><span class=\"ez-toc-section\" id=\"weiteres_zur_Veranstaltung_%E2%80%9CAktionstag_zu_Klimaschutz_und_Nachhaltigkeit%E2%80%9D_an_der_LiebfrauenKirche\"><\/span>weiteres zur Veranstaltung : &#8220;Aktionstag zu Klimaschutz und Nachhaltigkeit&#8221; an der LiebfrauenKirche <span class=\"ez-toc-section-end\"><\/span><\/h3>\n\n\n\n<p>Der Klimawandel mit all seinen Auswirkungen kann uns in allen Lebenslagen beeintr\u00e4chtigen.<\/p>\n\n\n\n<p>Aus diesem Grund findet am 4.April 2025 ein Aktionstag zu Klimaschutz und Nachhaltigkeit auf dem Kirchplatz der Liebfrauengemeinde Bochum-Linden statt, veranstaltet von der Kfd .<\/p>\n\n\n\n<p>Der Klimawandel mit all seinen Auswirkungen kann uns in allen Lebenslagen beeintr\u00e4chtigen.<br>Aus diesem Grund findet am 4.April 2025 ein Aktionstag zu Klimaschutz und Nachhaltigkeit auf dem Kirchplatz der Liebfrauengemeinde Bochum-Linden statt, veranstaltet von der Kfd .<br>Zahlreiche Organisationen zeigen, wie man auch selbst dazu beitragen kann.<br>F\u00fcr die Kinder wird es tolle Aktionen geben.<br>Wir freuen uns auf viele Interessierte!<\/p>\n\n\n\n<p>Plakat_Aktionstag zu Klimaschutz und Nachhaltigkeit<\/p>\n\n\n<div class=\"wp-block-image\">\n<figure class=\"aligncenter size-medium\"><a href=\"https:\/\/boklima.de\/wp-content\/uploads\/2025\/03\/image.png\"><img loading=\"lazy\" decoding=\"async\" width=\"212\" height=\"300\" src=\"https:\/\/boklima.de\/wp-content\/uploads\/2025\/03\/image-212x300.png\" alt=\"\" class=\"wp-image-14837\" srcset=\"https:\/\/boklima.de\/wp-content\/uploads\/2025\/03\/image-212x300.png 212w, https:\/\/boklima.de\/wp-content\/uploads\/2025\/03\/image.png 637w\" sizes=\"auto, (max-width: 212px) 85vw, 212px\" \/><\/a><\/figure>\n<\/div>\n\n\n<p>Link zur Veranstaltung : <a href=\"https:\/\/www.liebfrauen.psfb.de\/nachrichten\/detailansicht\/aktionstag-zu-klimaschutz-und-nachhaltigkeit\" target=\"_blank\" rel=\"noreferrer noopener nofollow\">hier<\/a> <\/p>\n\n\n\n<p><\/p>\n<div id=\"ez-toc-container\" class=\"ez-toc-v2_0_82_2 counter-hierarchy ez-toc-counter ez-toc-transparent ez-toc-container-direction\">\n<div class=\"ez-toc-title-container\">\n<p class=\"ez-toc-title\" style=\"cursor:inherit\">Inhalte dieser Seite :<\/p>\n<span class=\"ez-toc-title-toggle\"><a href=\"#\" class=\"ez-toc-pull-right ez-toc-btn ez-toc-btn-xs ez-toc-btn-default ez-toc-toggle\" aria-label=\"Toggle Table of Content\"><span class=\"ez-toc-js-icon-con\"><span class=\"\"><span class=\"eztoc-hide\" style=\"display:none;\">Toggle<\/span><span class=\"ez-toc-icon-toggle-span\"><svg style=\"fill: #999;color:#999\" xmlns=\"http:\/\/www.w3.org\/2000\/svg\" class=\"list-377408\" width=\"20px\" height=\"20px\" viewBox=\"0 0 24 24\" fill=\"none\"><path d=\"M6 6H4v2h2V6zm14 0H8v2h12V6zM4 11h2v2H4v-2zm16 0H8v2h12v-2zM4 16h2v2H4v-2zm16 0H8v2h12v-2z\" fill=\"currentColor\"><\/path><\/svg><svg style=\"fill: #999;color:#999\" class=\"arrow-unsorted-368013\" xmlns=\"http:\/\/www.w3.org\/2000\/svg\" width=\"10px\" height=\"10px\" viewBox=\"0 0 24 24\" version=\"1.2\" baseProfile=\"tiny\"><path d=\"M18.2 9.3l-6.2-6.3-6.2 6.3c-.2.2-.3.4-.3.7s.1.5.3.7c.2.2.4.3.7.3h11c.3 0 .5-.1.7-.3.2-.2.3-.5.3-.7s-.1-.5-.3-.7zM5.8 14.7l6.2 6.3 6.2-6.3c.2-.2.3-.5.3-.7s-.1-.5-.3-.7c-.2-.2-.4-.3-.7-.3h-11c-.3 0-.5.1-.7.3-.2.2-.3.5-.3.7s.1.5.3.7z\"\/><\/svg><\/span><\/span><\/span><\/a><\/span><\/div>\n<nav><ul class='ez-toc-list ez-toc-list-level-1 eztoc-toggle-hide-by-default' ><li class='ez-toc-page-1 ez-toc-heading-level-2'><a class=\"ez-toc-link ez-toc-heading-1\" href=\"https:\/\/boklima.de\/?p=14836\/#%E2%80%9D_Sonnenstrom_fuer_Alle_%E2%80%93_mein_erstes_Balkonkraftwerk_%E2%80%93_Vortrag_und_Workshop_zum_Schnuppern_und_Anfassen_%E2%80%9C\" >\u201d Sonnenstrom f\u00fcr Alle \u2013 mein erstes Balkonkraftwerk \u2013 Vortrag und Workshop  zum Schnuppern und Anfassen \u201c<\/a><\/li><li class='ez-toc-page-1 ez-toc-heading-level-2'><a class=\"ez-toc-link ez-toc-heading-2\" href=\"https:\/\/boklima.de\/?p=14836\/#PV_%E2%80%93_Workshops_im_Aprill\" >PV &#8211; Workshops im Aprill :<\/a><ul class='ez-toc-list-level-3' ><li class='ez-toc-heading-level-3'><a class=\"ez-toc-link ez-toc-heading-3\" href=\"https:\/\/boklima.de\/?p=14836\/#Weitere_Infos_zu_den_PV-WSs\" >Weitere Infos zu den PV-WS&#8217;s<\/a><\/li><li class='ez-toc-page-1 ez-toc-heading-level-3'><a class=\"ez-toc-link ez-toc-heading-4\" href=\"https:\/\/boklima.de\/?p=14836\/#Themen_Beschreibung\" >Themen \/ Beschreibung<\/a><\/li><li class='ez-toc-page-1 ez-toc-heading-level-3'><a class=\"ez-toc-link ez-toc-heading-5\" href=\"https:\/\/boklima.de\/?p=14836\/#weiteres_zur_Veranstaltung_%E2%80%9CAktionstag_zu_Klimaschutz_und_Nachhaltigkeit%E2%80%9D_an_der_LiebfrauenKirche\" >weiteres zur Veranstaltung : &#8220;Aktionstag zu Klimaschutz und Nachhaltigkeit&#8221; an der LiebfrauenKirche<\/a><\/li><\/ul><\/li><\/ul><\/nav><\/div>\n","protected":false},"excerpt":{"rendered":"<p>\u201d Sonnenstrom f\u00fcr Alle\u2013 mein erstes Balkonkraftwerk \u2013Vortrag und Workshop zum Schnuppern und Anfassen \u201c Workshops gemeinsam mit der Energieberaterin der Verbraucherzentrale NRW in Bochum. In kurzen Erl\u00e4uterungen am Stand bzw. in Vortr\u00e4gen werden Hintergr\u00fcnde und die Funktionsweise erl\u00e4utert. An konkreten Modulen und Wechselrichter wird dann &#8212; falls die Sonne scheint &#8212; Strom erzeugt und &hellip; <a href=\"https:\/\/boklima.de\/?p=14836\" class=\"more-link\"><span class=\"screen-reader-text\">\u201eBoKlima PV Workshops im Aprill &#8212; eine Woche voller Sonne und PV\u201c <\/span>weiterlesen<\/a><\/p>\n","protected":false},"author":2,"featured_media":14072,"comment_status":"open","ping_status":"open","sticky":false,"template":"","format":"standard","meta":{"ngg_post_thumbnail":0,"footnotes":"","_share_on_mastodon":"0"},"categories":[155,104],"tags":[295,264,277,278,286,294],"class_list":["post-14836","post","type-post","status-publish","format-standard","has-post-thumbnail","hentry","category-relevant-boklima","category-oeffentlich-fuer-alle-site-besucher-lesbar","tag-klimaschutz-2","tag-pv-2","tag-energiewende","tag-solarenergie","tag-pvworkshop","tag-solar"],"share_on_mastodon":{"url":"https:\/\/ruhr.social\/@BoKlima\/114098308736912960","error":""},"rttpg_featured_image_url":{"full":["https:\/\/boklima.de\/wp-content\/uploads\/2024\/04\/p-240413-123218-tb-pv-ws-vhs-img-8111.small-.jpg",2048,1150,false],"landscape":["https:\/\/boklima.de\/wp-content\/uploads\/2024\/04\/p-240413-123218-tb-pv-ws-vhs-img-8111.small-.jpg",2048,1150,false],"portraits":["https:\/\/boklima.de\/wp-content\/uploads\/2024\/04\/p-240413-123218-tb-pv-ws-vhs-img-8111.small-.jpg",2048,1150,false],"thumbnail":["https:\/\/boklima.de\/wp-content\/uploads\/2024\/04\/p-240413-123218-tb-pv-ws-vhs-img-8111.small--150x150.jpg",150,150,true],"medium":["https:\/\/boklima.de\/wp-content\/uploads\/2024\/04\/p-240413-123218-tb-pv-ws-vhs-img-8111.small--300x168.jpg",300,168,true],"large":["https:\/\/boklima.de\/wp-content\/uploads\/2024\/04\/p-240413-123218-tb-pv-ws-vhs-img-8111.small--1024x575.jpg",840,472,true],"1536x1536":["https:\/\/boklima.de\/wp-content\/uploads\/2024\/04\/p-240413-123218-tb-pv-ws-vhs-img-8111.small--1536x863.jpg",1536,863,true],"2048x2048":["https:\/\/boklima.de\/wp-content\/uploads\/2024\/04\/p-240413-123218-tb-pv-ws-vhs-img-8111.small-.jpg",2048,1150,false],"post-thumbnail":["https:\/\/boklima.de\/wp-content\/uploads\/2024\/04\/p-240413-123218-tb-pv-ws-vhs-img-8111.small--1200x674.jpg",1200,674,true]},"rttpg_author":{"display_name":"thomas - als admin","author_link":"https:\/\/boklima.de\/?author=2"},"rttpg_comment":0,"rttpg_category":"<a href=\"https:\/\/boklima.de\/?cat=155\" rel=\"category\">relevant-BoKlima<\/a> <a href=\"https:\/\/boklima.de\/?cat=104\" rel=\"category\">\u00f6ffentlich (f\u00fcr alle lesbar)<\/a>","rttpg_excerpt":"\u201d Sonnenstrom f\u00fcr Alle\u2013 mein erstes Balkonkraftwerk \u2013Vortrag und Workshop zum Schnuppern und Anfassen \u201c Workshops gemeinsam mit der Energieberaterin der Verbraucherzentrale NRW in Bochum. In kurzen Erl\u00e4uterungen am Stand bzw. in Vortr\u00e4gen werden Hintergr\u00fcnde und die Funktionsweise erl\u00e4utert. An konkreten Modulen und Wechselrichter wird dann &#8212; falls die Sonne scheint &#8212; Strom erzeugt und&hellip;","_links":{"self":[{"href":"https:\/\/boklima.de\/index.php?rest_route=\/wp\/v2\/posts\/14836","targetHints":{"allow":["GET"]}}],"collection":[{"href":"https:\/\/boklima.de\/index.php?rest_route=\/wp\/v2\/posts"}],"about":[{"href":"https:\/\/boklima.de\/index.php?rest_route=\/wp\/v2\/types\/post"}],"author":[{"embeddable":true,"href":"https:\/\/boklima.de\/index.php?rest_route=\/wp\/v2\/users\/2"}],"replies":[{"embeddable":true,"href":"https:\/\/boklima.de\/index.php?rest_route=%2Fwp%2Fv2%2Fcomments&post=14836"}],"version-history":[{"count":9,"href":"https:\/\/boklima.de\/index.php?rest_route=\/wp\/v2\/posts\/14836\/revisions"}],"predecessor-version":[{"id":14887,"href":"https:\/\/boklima.de\/index.php?rest_route=\/wp\/v2\/posts\/14836\/revisions\/14887"}],"wp:featuredmedia":[{"embeddable":true,"href":"https:\/\/boklima.de\/index.php?rest_route=\/wp\/v2\/media\/14072"}],"wp:attachment":[{"href":"https:\/\/boklima.de\/index.php?rest_route=%2Fwp%2Fv2%2Fmedia&parent=14836"}],"wp:term":[{"taxonomy":"category","embeddable":true,"href":"https:\/\/boklima.de\/index.php?rest_route=%2Fwp%2Fv2%2Fcategories&post=14836"},{"taxonomy":"post_tag","embeddable":true,"href":"https:\/\/boklima.de\/index.php?rest_route=%2Fwp%2Fv2%2Ftags&post=14836"}],"curies":[{"name":"wp","href":"https:\/\/api.w.org\/{rel}","templated":true}]}}