{"id":14803,"date":"2025-02-21T13:01:35","date_gmt":"2025-02-21T12:01:35","guid":{"rendered":"https:\/\/boklima.de\/?p=14803"},"modified":"2025-02-21T13:48:45","modified_gmt":"2025-02-21T12:48:45","slug":"veranstaltungshinweise-mobilitaet-und-oeffentlicher-raum-politischer-salon-im-wiesmanns-am-12-03-25","status":"publish","type":"post","link":"https:\/\/boklima.de\/?p=14803","title":{"rendered":"Veranstaltungshinweise : Mobilit\u00e4t und \u00f6ffentlicher Raum: Politischer Salon im Wiesmann\u2019s am 12.03.25"},"content":{"rendered":"\n<p><strong>Politischer Salon im Wiesmann\u2019s am 12.03.25<\/strong><\/p>\n\n\n\n<p>Im Vorfeld der Kommunalwahl im September 25 m\u00f6chte WatWerk e.V. B\u00fcrger*innen und Politiker*innen miteinander in ein Gespr\u00e4ch auf Augenh\u00f6he zum Thema&nbsp;<strong>\u201eZukunft der Stadt \u2013 Stadt der Zukunft\u201c<\/strong>&nbsp;bringen.<br>Im Format eines Politischen Salons wird an drei Abenden jeweils ein Schwerpunkt diskutiert.<br>Ein kurzer fach(wissenschaft)licher Impuls am Anfang wird auf das Thema des Abends fokussieren.<\/p>\n\n\n\n<ul class=\"wp-block-list\">\n<li><strong>Mittwoch 12.03.25, 19.00 Uhr: Mobilit\u00e4t und \u00f6ffentlicher Raum\u00a0<\/strong><br><strong>(Impuls durch Christian Bexen \u2013 Stadtplaner, Verkehrsplaner)<\/strong><\/li>\n\n\n\n<li>Mittwoch 09.04.25, 19:00 Uhr: Soziales Miteinander in Freir\u00e4umen<br>(Impuls durch Martina Nies \u2013 Autorin: Freir\u00e4ume der Transformation im Quartier gestalten)<\/li>\n\n\n\n<li>Mittwoch 21.05.25, 19:00 Uhr: Klimagerechte Stadtumbauten<br>(Impuls durch Sebastian Schlecht \u2013 Architekt und Urbanist)<\/li>\n<\/ul>\n\n\n\n<h3 class=\"wp-block-heading\">weiter Infos :<\/h3>\n\n\n\n<ul class=\"wp-block-list\">\n<li>auch auf bo-aktiv : <a href=\"https:\/\/bo-aktiv.de\/debates\/72-mobilitat-und-offentlicher-raum-politischer-salon-im-wiesmann-s-am-12-03-25\" data-type=\"link\" data-id=\"https:\/\/bo-aktiv.de\/debates\/72-mobilitat-und-offentlicher-raum-politischer-salon-im-wiesmann-s-am-12-03-25\" target=\"_blank\" rel=\"noreferrer noopener\">hier<\/a> <\/li>\n\n\n\n<li>mehr Informationen:\u00a0<a href=\"http:\/\/haus-wiesmann.de\/#programm\">https:\/\/haus-wiesmann.de\/#programm<\/a><\/li>\n<\/ul>\n","protected":false},"excerpt":{"rendered":"<p>Politischer Salon im Wiesmann\u2019s am 12.03.25 Im Vorfeld der Kommunalwahl im September 25 m\u00f6chte WatWerk e.V. B\u00fcrger*innen und Politiker*innen miteinander in ein Gespr\u00e4ch auf Augenh\u00f6he zum Thema&nbsp;\u201eZukunft der Stadt \u2013 Stadt der Zukunft\u201c&nbsp;bringen.Im Format eines Politischen Salons wird an drei Abenden jeweils ein Schwerpunkt diskutiert.Ein kurzer fach(wissenschaft)licher Impuls am Anfang wird auf das Thema des &hellip; <a href=\"https:\/\/boklima.de\/?p=14803\" class=\"more-link\"><span class=\"screen-reader-text\">\u201eVeranstaltungshinweise : Mobilit\u00e4t und \u00f6ffentlicher Raum: Politischer Salon im Wiesmann\u2019s am 12.03.25\u201c <\/span>weiterlesen<\/a><\/p>\n","protected":false},"author":2,"featured_media":0,"comment_status":"closed","ping_status":"open","sticky":false,"template":"","format":"standard","meta":{"ngg_post_thumbnail":0,"footnotes":"","_share_on_mastodon":"0"},"categories":[156,104],"tags":[295,365,366],"class_list":["post-14803","post","type-post","status-publish","format-standard","hentry","category-relevant-bochum","category-oeffentlich-fuer-alle-site-besucher-lesbar","tag-klimaschutz-2","tag-mobilitaet-2","tag-stadtzukunft"],"share_on_mastodon":{"url":"https:\/\/ruhr.social\/@BoKlima\/114041768884253113","error":""},"rttpg_featured_image_url":null,"rttpg_author":{"display_name":"thomas - als admin","author_link":"https:\/\/boklima.de\/?author=2"},"rttpg_comment":0,"rttpg_category":"<a href=\"https:\/\/boklima.de\/?cat=156\" rel=\"category\">relevant-Bochum<\/a> <a href=\"https:\/\/boklima.de\/?cat=104\" rel=\"category\">\u00f6ffentlich (f\u00fcr alle lesbar)<\/a>","rttpg_excerpt":"Politischer Salon im Wiesmann\u2019s am 12.03.25 Im Vorfeld der Kommunalwahl im September 25 m\u00f6chte WatWerk e.V. B\u00fcrger*innen und Politiker*innen miteinander in ein Gespr\u00e4ch auf Augenh\u00f6he zum Thema&nbsp;\u201eZukunft der Stadt \u2013 Stadt der Zukunft\u201c&nbsp;bringen.Im Format eines Politischen Salons wird an drei Abenden jeweils ein Schwerpunkt diskutiert.Ein kurzer fach(wissenschaft)licher Impuls am Anfang wird auf das Thema des&hellip;","_links":{"self":[{"href":"https:\/\/boklima.de\/index.php?rest_route=\/wp\/v2\/posts\/14803","targetHints":{"allow":["GET"]}}],"collection":[{"href":"https:\/\/boklima.de\/index.php?rest_route=\/wp\/v2\/posts"}],"about":[{"href":"https:\/\/boklima.de\/index.php?rest_route=\/wp\/v2\/types\/post"}],"author":[{"embeddable":true,"href":"https:\/\/boklima.de\/index.php?rest_route=\/wp\/v2\/users\/2"}],"replies":[{"embeddable":true,"href":"https:\/\/boklima.de\/index.php?rest_route=%2Fwp%2Fv2%2Fcomments&post=14803"}],"version-history":[{"count":1,"href":"https:\/\/boklima.de\/index.php?rest_route=\/wp\/v2\/posts\/14803\/revisions"}],"predecessor-version":[{"id":14804,"href":"https:\/\/boklima.de\/index.php?rest_route=\/wp\/v2\/posts\/14803\/revisions\/14804"}],"wp:attachment":[{"href":"https:\/\/boklima.de\/index.php?rest_route=%2Fwp%2Fv2%2Fmedia&parent=14803"}],"wp:term":[{"taxonomy":"category","embeddable":true,"href":"https:\/\/boklima.de\/index.php?rest_route=%2Fwp%2Fv2%2Fcategories&post=14803"},{"taxonomy":"post_tag","embeddable":true,"href":"https:\/\/boklima.de\/index.php?rest_route=%2Fwp%2Fv2%2Ftags&post=14803"}],"curies":[{"name":"wp","href":"https:\/\/api.w.org\/{rel}","templated":true}]}}