{"id":14794,"date":"2025-02-21T12:35:16","date_gmt":"2025-02-21T11:35:16","guid":{"rendered":"https:\/\/boklima.de\/?p=14794"},"modified":"2025-02-21T13:49:22","modified_gmt":"2025-02-21T12:49:22","slug":"silvester-boellerei-kommt-endlich-bewegung-in-dieses-thema","status":"publish","type":"post","link":"https:\/\/boklima.de\/?p=14794","title":{"rendered":"(Silvester-)-B\u00f6llerei : Kommt endlich Bewegung in dieses Thema? &#8212;"},"content":{"rendered":"\n<p>2. Update zum 14. Klimanotstandsbrief des Bochumer Klimaschutzb\u00fcndnisses<br>an Politik, Verwaltung, Einzelhandel und uns selbst, die B\u00fcrger:innen unserer Stadt<\/p>\n\n\n\n<h3 class=\"wp-block-heading\"><span class=\"ez-toc-section\" id=\"Silvesterboellerei_Kommt_endlich_Bewegung_in_dieses_Thema\"><\/span>Silvesterb\u00f6llerei: <br>Kommt endlich Bewegung in dieses Thema?<span class=\"ez-toc-section-end\"><\/span><\/h3>\n\n\n\n<p>Seit Jahren wird regelm\u00e4\u00dfig vor und nach Silvester \u00fcber B\u00f6ller und Raketen, Gewalt, Dreck und Rauch gestritten, ohne dass sich daran bis heute irgendetwas ge\u00e4ndert h\u00e4tte. Auch Petitionen mit 2 Mio. Unterschriften, die u.a. von der Gewerkschaft der Polizei, der Bundes\u00e4rztekammer und der Deutschen Umwelthilfe getragen wurden, konnten daran bislang nichts \u00e4ndern. Auch nicht, dass beim letzten Silvester in unserem Land f\u00fcnf Todesopfer zu beklagen waren.<\/p>\n\n\n\n<p><strong>Jetzt <\/strong><strong>erscheint die <\/strong><strong>Problem<\/strong><strong>atik erstmals in einem Parteiprogramm, und zwar bei B\u00fcndnis 90 \/ Die Gr\u00fcnen zur Bundestagswahl 2025. <\/strong><strong>Darin hei\u00dft es auf Seite 54<\/strong><strong>:<\/strong><\/p>\n\n\n\n<p>\u201e<em><strong>Private Feuerwerke stellen zunehmend eine unzumutbare Belastung f\u00fcr unsere Kommunen dar. Auch kommt es zu h\u00e4ufig zur missbr\u00e4uchlichen Verwendung. Daher wollen wir private Feuerwerke reduzieren, um die Auswirkungen auf Menschen, Tiere und Umwelt m\u00f6glichst gering zu halten: Wir st\u00e4rken St\u00e4dte und Gemeinden bei der Einschr\u00e4nkung von Feuerwerk und<br>schaffen Rechtssicherheit bei der Aussprache von Verbotszonen f\u00fcr alle Kategorien von Feuerwerk. Grunds\u00e4tzlich halten wir ein ganzj\u00e4hriges Verkaufsverbot f\u00fcr den Privatgebrauch f\u00fcr geboten und setzen uns f\u00fcr eine bundesweite Umsetzung ein.\u201c<\/strong><\/em><\/p>\n\n\n\n<p>Damit sind die GR\u00dcNEN auf Bundesebene Vorreiter im Bem\u00fchen um eine Verbes-serung bei der unkontrollierten Silvesterb\u00f6llerei und gehen noch einen Schritt weiter, indem sie eine ganzj\u00e4hrige Regelung anstreben. Nach unserem Kenntnisstand sind sie die einzige Partei, die sich f\u00fcr eine Reglementierung einsetzt und dies in ihrer Programmatik verankert hat.<\/p>\n\n\n\n<p>Nun bleibt abzuwarten, ob und inwieweit sich die Wahlprogramme der in Bochum zur Kommunalwahl antretenden Parteien mit dieser Frage auseinandersetzen werden.<\/p>\n\n\n\n<p>Deshalb erlauben wir uns heute unseren <strong>erste<\/strong><strong>n<\/strong><strong> Wahlpr\u00fcfstein<\/strong> f\u00fcr die Kommunal-wahl am 14. September 2025 in Erinnerung zu bringen und erg\u00e4nzen ihn gleichzeitig um die Ganzj\u00e4hrigkeit der Forderung:<\/p>\n\n\n\n<p><strong>W<\/strong><strong>\u00fcnscht sich Ihre Partei <\/strong><strong>f\u00fcr unsere Stadt <\/strong><strong>eine Ver\u00e4nderung zur bisherigen Praxis der privaten <\/strong><strong>B<\/strong><strong>\u00f6llerei, <\/strong><strong>sowohl zu Silvester wie<br>auch im \u00fcbrigen Jahr<\/strong><strong>?<\/strong><\/p>\n\n\n\n<p><strong>Und,<\/strong><strong>falls<\/strong><strong> ja, besitzt sie ein <\/strong><strong>entsprechendes <\/strong><strong>Konzept <\/strong><strong>und wie<br>sieht es ggf. aus<\/strong><strong>?<\/strong><\/p>\n\n\n\n<p>Bochum, den 21. Februar 2025<\/p>\n\n\n\n<p>Gez.:<br>Ihre B\u00fcrger*innen des Bochumer Klimaschutzb\u00fcndnisses<br>c\/o AkU e.V., Alsenstra\u00dfe 27, 44789 Bochum<br>Mailkontakt: <a href=\"mailto:boklima@boklima.de\">boklima [bei] boklima.de<\/a> ; Homepage: <a href=\"http:\/\/www.BoKlima.de\/\">www.boklima.de<\/a><br>Kopien: Presseverteiler, Netzwerkverteiler<\/p>\n\n\n\n<p>Anlage: <\/p>\n\n\n\n<ul class=\"wp-block-list\">\n<li><a href=\"https:\/\/boklima.de\/?p=12853\">14. Klimanotstandsbrief vom 2.1.2023 zum Thema Silvesterb\u00f6llerei<\/a><\/li>\n\n\n\n<li><a href=\"https:\/\/boklima.de\/?p=14620\">14. Klimanotstandsbrief vom 2.1.2023, 1. Update vom 30.12.2024<\/a><\/li>\n<\/ul>\n\n\n\n<hr class=\"wp-block-separator has-alpha-channel-opacity\"\/>\n\n\n\n<p>Und als PDF zum Download : <a href=\"https:\/\/boklima.de\/wp-content\/uploads\/2025\/02\/250221-14b.knb-14-2023-01-02-feuerwerk-2.update-2025-02-21.pdf\" target=\"_blank\" rel=\"noreferrer noopener\">hier<\/a><\/p>\n\n\n\n<p>\u00dcberblick KlimaNotstansBriefe : <a href=\"https:\/\/boklima.de\/?page_id=4353\">hier<\/a><\/p>\n\n\n\n<hr class=\"wp-block-separator has-alpha-channel-opacity\"\/>\n\n\n\n<h2 class=\"wp-block-heading\"><span class=\"ez-toc-section\" id=\"Weitere_Infos_und_Links\"><\/span>Weitere Infos und Links<span class=\"ez-toc-section-end\"><\/span><\/h2>\n\n\n\n<ul class=\"wp-block-list\">\n<li>(30.12.24, BoKlima) , <a href=\"https:\/\/boklima.de\/?p=14620\">14. Klimanotstandsbrief vom 2.1.2023, 1. Update vom 30.12.2024<\/a><\/li>\n\n\n\n<li>Balkonsolar statt B\u00f6ller! \u2014 <a href=\"https:\/\/boklima.de\/?p=13730\">https:\/\/boklima.de\/?p=13730<\/a><\/li>\n\n\n\n<li>Reaktionen zur BoKlima-Anregung eines Rats-B\u00fcrgerentscheides zum B\u00f6llerverbot \u2014 Interview von RadioBochum \u2013 <a href=\"https:\/\/boklima.de\/?p=12863\">https:\/\/boklima.de\/?p=12863<\/a><\/li>\n\n\n\n<li>(2024, Umweltbundesamt) , Feinstaub durch Silvesterfeuerwerk<br><a href=\"https:\/\/www.umweltbundesamt.de\/themen\/luft\/luftschadstoffe\/feinstaub\/feinstaub-durch-silvesterfeuerwerk\">https:\/\/www.umweltbundesamt.de\/themen\/luft\/luftschadstoffe\/feinstaub\/feinstaub-durch-silvesterfeuerwerk<\/a><\/li>\n\n\n\n<li>() , Jahreswechsel 2023\/2024 \u2014 Silvesterfeuerwerk: 4 schnelle Fakten zu Umweltauswirkungen<br><a href=\"https:\/\/www.swrfernsehen.de\/marktcheck\/feuerwerk-wie-gross-der-schaden-fuer-die-umwelt-wirklich-ist-100.html\">https:\/\/www.swrfernsehen.de\/marktcheck\/feuerwerk-wie-gross-der-schaden-fuer-die-umwelt-wirklich-ist-100.html<\/a><\/li>\n\n\n\n<li>() , Wie schlimm ist B\u00f6llern f\u00fcr Mensch und Umwelt?<br><a href=\"https:\/\/www.tagesschau.de\/faktenfinder\/kontext\/silvester-boellern-auswirkungen-101.html\">https:\/\/www.tagesschau.de\/faktenfinder\/kontext\/silvester-boellern-auswirkungen-101.html<\/a><\/li>\n\n\n\n<li>Feuerwerk-Verbotszonen Silvester 2024: Hier gilt ein B\u00f6llerverbot<br><a href=\"https:\/\/www.brisant.de\/silvester-feuerwerk-verboten-102.html\">https:\/\/www.brisant.de\/silvester-feuerwerk-verboten-102.html<\/a><\/li>\n<\/ul>\n\n\n\n<hr class=\"wp-block-separator has-alpha-channel-opacity\"\/>\n\n\n\n<h4 class=\"wp-block-heading\"><span class=\"ez-toc-section\" id=\"WAZ_311224_%E2%80%94_Buendnis_will_Boellerverbot_durchsetzen\"><\/span>WAZ 31.12.24 \u2014 B\u00fcndnis will B\u00f6llerverbot durchsetzen<span class=\"ez-toc-section-end\"><\/span><\/h4>\n\n\n<div class=\"wp-block-image\">\n<figure class=\"aligncenter\"><a href=\"https:\/\/boklima.de\/wp-content\/uploads\/2024\/12\/image-1.png\"><img loading=\"lazy\" decoding=\"async\" width=\"150\" height=\"150\" src=\"https:\/\/boklima.de\/wp-content\/uploads\/2024\/12\/image-1-150x150.png\" alt=\"\" class=\"wp-image-14629\"\/><\/a><\/figure>\n<\/div>\n\n\n<p><br><br><br><br><\/p>\n\n\n\n<p>Anlagen: 14. Klimanotstandsbrief vom 2.1.2023 zum Thema Silvesterb\u00f6llerei<\/p>\n\n\n\n<p>14. Klimanotstandsbrief vom 2.1.2023, 1. Update vom 30.12.2024<\/p>\n<div id=\"ez-toc-container\" class=\"ez-toc-v2_0_82_2 counter-hierarchy ez-toc-counter ez-toc-transparent ez-toc-container-direction\">\n<div class=\"ez-toc-title-container\">\n<p class=\"ez-toc-title\" style=\"cursor:inherit\">Inhalte dieser Seite :<\/p>\n<span class=\"ez-toc-title-toggle\"><a href=\"#\" class=\"ez-toc-pull-right ez-toc-btn ez-toc-btn-xs ez-toc-btn-default ez-toc-toggle\" aria-label=\"Toggle Table of Content\"><span class=\"ez-toc-js-icon-con\"><span class=\"\"><span class=\"eztoc-hide\" style=\"display:none;\">Toggle<\/span><span class=\"ez-toc-icon-toggle-span\"><svg style=\"fill: #999;color:#999\" xmlns=\"http:\/\/www.w3.org\/2000\/svg\" class=\"list-377408\" width=\"20px\" height=\"20px\" viewBox=\"0 0 24 24\" fill=\"none\"><path d=\"M6 6H4v2h2V6zm14 0H8v2h12V6zM4 11h2v2H4v-2zm16 0H8v2h12v-2zM4 16h2v2H4v-2zm16 0H8v2h12v-2z\" fill=\"currentColor\"><\/path><\/svg><svg style=\"fill: #999;color:#999\" class=\"arrow-unsorted-368013\" xmlns=\"http:\/\/www.w3.org\/2000\/svg\" width=\"10px\" height=\"10px\" viewBox=\"0 0 24 24\" version=\"1.2\" baseProfile=\"tiny\"><path d=\"M18.2 9.3l-6.2-6.3-6.2 6.3c-.2.2-.3.4-.3.7s.1.5.3.7c.2.2.4.3.7.3h11c.3 0 .5-.1.7-.3.2-.2.3-.5.3-.7s-.1-.5-.3-.7zM5.8 14.7l6.2 6.3 6.2-6.3c.2-.2.3-.5.3-.7s-.1-.5-.3-.7c-.2-.2-.4-.3-.7-.3h-11c-.3 0-.5.1-.7.3-.2.2-.3.5-.3.7s.1.5.3.7z\"\/><\/svg><\/span><\/span><\/span><\/a><\/span><\/div>\n<nav><ul class='ez-toc-list ez-toc-list-level-1 eztoc-toggle-hide-by-default' ><ul class='ez-toc-list-level-3' ><li class='ez-toc-heading-level-3'><a class=\"ez-toc-link ez-toc-heading-1\" href=\"https:\/\/boklima.de\/?p=14794\/#Silvesterboellerei_Kommt_endlich_Bewegung_in_dieses_Thema\" >Silvesterb\u00f6llerei:  Kommt endlich Bewegung in dieses Thema?<\/a><\/li><\/ul><\/li><li class='ez-toc-page-1 ez-toc-heading-level-2'><a class=\"ez-toc-link ez-toc-heading-2\" href=\"https:\/\/boklima.de\/?p=14794\/#Weitere_Infos_und_Links\" >Weitere Infos und Links<\/a><ul class='ez-toc-list-level-4' ><li class='ez-toc-heading-level-4'><ul class='ez-toc-list-level-4' ><li class='ez-toc-heading-level-4'><a class=\"ez-toc-link ez-toc-heading-3\" href=\"https:\/\/boklima.de\/?p=14794\/#WAZ_311224_%E2%80%94_Buendnis_will_Boellerverbot_durchsetzen\" >WAZ 31.12.24 \u2014 B\u00fcndnis will B\u00f6llerverbot durchsetzen<\/a><\/li><\/ul><\/li><\/ul><\/li><\/ul><\/nav><\/div>\n","protected":false},"excerpt":{"rendered":"<p>2. Update zum 14. Klimanotstandsbrief des Bochumer Klimaschutzb\u00fcndnissesan Politik, Verwaltung, Einzelhandel und uns selbst, die B\u00fcrger:innen unserer Stadt Silvesterb\u00f6llerei: Kommt endlich Bewegung in dieses Thema? Seit Jahren wird regelm\u00e4\u00dfig vor und nach Silvester \u00fcber B\u00f6ller und Raketen, Gewalt, Dreck und Rauch gestritten, ohne dass sich daran bis heute irgendetwas ge\u00e4ndert h\u00e4tte. Auch Petitionen mit 2 &hellip; <a href=\"https:\/\/boklima.de\/?p=14794\" class=\"more-link\"><span class=\"screen-reader-text\">\u201e(Silvester-)-B\u00f6llerei : Kommt endlich Bewegung in dieses Thema? &#8212;\u201c <\/span>weiterlesen<\/a><\/p>\n","protected":false},"author":2,"featured_media":14798,"comment_status":"closed","ping_status":"open","sticky":false,"template":"","format":"standard","meta":{"ngg_post_thumbnail":0,"footnotes":"","_share_on_mastodon":"0"},"categories":[155,1,104],"tags":[316,363,364],"class_list":["post-14794","post","type-post","status-publish","format-standard","has-post-thumbnail","hentry","category-relevant-boklima","category-uncategorized","category-oeffentlich-fuer-alle-site-besucher-lesbar","tag-klima-2","tag-boellerei","tag-feuerwerk"],"share_on_mastodon":{"url":"https:\/\/ruhr.social\/@BoKlima\/114041665422065804","error":""},"rttpg_featured_image_url":{"full":["https:\/\/boklima.de\/wp-content\/uploads\/2025\/02\/image-4.png",189,185,false],"landscape":["https:\/\/boklima.de\/wp-content\/uploads\/2025\/02\/image-4.png",189,185,false],"portraits":["https:\/\/boklima.de\/wp-content\/uploads\/2025\/02\/image-4.png",189,185,false],"thumbnail":["https:\/\/boklima.de\/wp-content\/uploads\/2025\/02\/image-4-150x150.png",150,150,true],"medium":["https:\/\/boklima.de\/wp-content\/uploads\/2025\/02\/image-4.png",189,185,false],"large":["https:\/\/boklima.de\/wp-content\/uploads\/2025\/02\/image-4.png",189,185,false],"1536x1536":["https:\/\/boklima.de\/wp-content\/uploads\/2025\/02\/image-4.png",189,185,false],"2048x2048":["https:\/\/boklima.de\/wp-content\/uploads\/2025\/02\/image-4.png",189,185,false],"post-thumbnail":["https:\/\/boklima.de\/wp-content\/uploads\/2025\/02\/image-4.png",189,185,false]},"rttpg_author":{"display_name":"thomas - als admin","author_link":"https:\/\/boklima.de\/?author=2"},"rttpg_comment":0,"rttpg_category":"<a href=\"https:\/\/boklima.de\/?cat=155\" rel=\"category\">relevant-BoKlima<\/a> <a href=\"https:\/\/boklima.de\/?cat=1\" rel=\"category\">Uncategorized<\/a> <a href=\"https:\/\/boklima.de\/?cat=104\" rel=\"category\">\u00f6ffentlich (f\u00fcr alle lesbar)<\/a>","rttpg_excerpt":"2. Update zum 14. Klimanotstandsbrief des Bochumer Klimaschutzb\u00fcndnissesan Politik, Verwaltung, Einzelhandel und uns selbst, die B\u00fcrger:innen unserer Stadt Silvesterb\u00f6llerei: Kommt endlich Bewegung in dieses Thema? Seit Jahren wird regelm\u00e4\u00dfig vor und nach Silvester \u00fcber B\u00f6ller und Raketen, Gewalt, Dreck und Rauch gestritten, ohne dass sich daran bis heute irgendetwas ge\u00e4ndert h\u00e4tte. Auch Petitionen mit 2&hellip;","_links":{"self":[{"href":"https:\/\/boklima.de\/index.php?rest_route=\/wp\/v2\/posts\/14794","targetHints":{"allow":["GET"]}}],"collection":[{"href":"https:\/\/boklima.de\/index.php?rest_route=\/wp\/v2\/posts"}],"about":[{"href":"https:\/\/boklima.de\/index.php?rest_route=\/wp\/v2\/types\/post"}],"author":[{"embeddable":true,"href":"https:\/\/boklima.de\/index.php?rest_route=\/wp\/v2\/users\/2"}],"replies":[{"embeddable":true,"href":"https:\/\/boklima.de\/index.php?rest_route=%2Fwp%2Fv2%2Fcomments&post=14794"}],"version-history":[{"count":1,"href":"https:\/\/boklima.de\/index.php?rest_route=\/wp\/v2\/posts\/14794\/revisions"}],"predecessor-version":[{"id":14799,"href":"https:\/\/boklima.de\/index.php?rest_route=\/wp\/v2\/posts\/14794\/revisions\/14799"}],"wp:featuredmedia":[{"embeddable":true,"href":"https:\/\/boklima.de\/index.php?rest_route=\/wp\/v2\/media\/14798"}],"wp:attachment":[{"href":"https:\/\/boklima.de\/index.php?rest_route=%2Fwp%2Fv2%2Fmedia&parent=14794"}],"wp:term":[{"taxonomy":"category","embeddable":true,"href":"https:\/\/boklima.de\/index.php?rest_route=%2Fwp%2Fv2%2Fcategories&post=14794"},{"taxonomy":"post_tag","embeddable":true,"href":"https:\/\/boklima.de\/index.php?rest_route=%2Fwp%2Fv2%2Ftags&post=14794"}],"curies":[{"name":"wp","href":"https:\/\/api.w.org\/{rel}","templated":true}]}}