{"id":14778,"date":"2025-02-04T14:09:54","date_gmt":"2025-02-04T13:09:54","guid":{"rendered":"https:\/\/boklima.de\/?p=14778"},"modified":"2025-02-04T14:09:55","modified_gmt":"2025-02-04T13:09:55","slug":"fridays-for-future-aufruf-zum-klimastreik","status":"publish","type":"post","link":"https:\/\/boklima.de\/?p=14778","title":{"rendered":"Fridays for Future: Aufruf zum Klimastreik"},"content":{"rendered":"\n<p>Fridays for Future schreibt: \u00bbDieser Schneemensch demonstriert mit uns f\u00fcr eine bessere Zukunft, bist du auch dabei? Am 14.02 um 17:30Uhr, also eine Woche vor der Bundestagswahl findet unser n\u00e4chster bundesweite Klimastreik statt. Dort fordern wir von den Parteien konsequenten Klimaschutz, denn die aktuellen Ma\u00dfnahmen sind einfach mangelhaft. Heute haben wir dazu unsere Forderungen ver\u00f6ffentlicht:<\/p>\n\n\n\n<ul class=\"wp-block-list\">\n<li>Klimaneutralit\u00e4t bis 2035<\/li>\n\n\n\n<li>Einen geordneten Gasausstieg bis 2035<\/li>\n\n\n\n<li>Die Verantwortlichen Superreichen und fossile Konzerne st\u00e4rker besteuern<\/li>\n\n\n\n<li>Fonds f\u00fcr Menschen die unter den Folgen der Klimakrise leiden<\/li>\n\n\n\n<li>300.000 Fachkr\u00e4fte in Zukunftsbranchen ausbilden<\/li>\n<\/ul>\n\n\n\n<p>Unsere Zukunft darf nicht ignoriert werden, deshalb kommt unbedingt vorbei und setzt ein Zeichen f\u00fcr sch\u00e4rfere Klimaschutzma\u00dfnahmen der Politik.\u00ab<\/p>\n\n\n\n<p>FFF Bochum:<\/p>\n\n\n\n<p>\u201eCDU, FDP und AfD m\u00f6chten Menschen, die eh schon jeden Cent zweimal umdrehen m\u00fcssen, Geld wegnehmen, um es an reiche Menschen zu verschenken. Zudem droht ein Ausstieg aus Erneuerbaren Energien und eine R\u00fcckkehr zu fossilen Brennstoffen. Unsere Wirtschaftsf\u00e4higkeit k\u00f6nnte mit Technologien von Vorgestern riskiert werden. Schon seit geraumer Zeit wird an der Abschaffung des Menschrechts auf Asyl und einer neuen Wehrpflicht gearbeitet.<\/p>\n\n\n\n<hr class=\"wp-block-separator has-alpha-channel-opacity\"\/>\n\n\n\n<p>Ihr seid dar\u00fcber frustriert? Wir auch! Unser Plan: Wir setzen mit einem fetten bundesweiten Klimastreik vor der Wahl die Aufmerksamkeit auf die Themen, die wichtig sind.<\/p>\n\n\n\n<p>Deshalb kommt mit uns am 14.02.2025 um 17:30 zum Hauptbahnhof und demonstriert mit uns!\u201c<\/p>\n\n\n\n<hr class=\"wp-block-separator has-alpha-channel-opacity\"\/>\n\n\n\n<h2 class=\"wp-block-heading\">weitere Infos und Links :<\/h2>\n\n\n\n<ul class=\"wp-block-list\">\n<li>(, fff) , <a href=\"https:\/\/fridaysforfuture.de\/klimastreik\/fb\/\" target=\"_blank\" rel=\"noreferrer noopener\">Klimastreik am 14. Februar! &#8212; Lasst uns auf die Stra\u00dfen gehen, die Debatte zur\u00fcckerobern und gemeinsam f\u00fcr eine lebenswerte Zukunf<\/a>t<\/li>\n\n\n\n<li>(, fff) , <a href=\"https:\/\/fridaysforfuture.de\/klimastreik\/\" target=\"_blank\" rel=\"noreferrer noopener\">Die Ampel ist Geschichte \u2013 wir die Zukunft!<\/a><\/li>\n\n\n\n<li>(, biosphaere ruhr) , <a href=\"https:\/\/biosphaere.ruhr\/fridays-for-future-klimastreik-am-14-2\/\" target=\"_blank\" rel=\"noreferrer noopener\">Fridays for Future | Klimastreik am 14.2.<\/a><\/li>\n\n\n\n<li>(, klima-streik.org) , <a href=\"https:\/\/www.klima-streik.org\/\" target=\"_blank\" rel=\"noreferrer noopener\">Klimastreik zur Bundestagswahl<\/a><\/li>\n\n\n\n<li>( , video ) , <a href=\"https:\/\/www.youtube.com\/watch?v=hKZEMFQ9oSw\" target=\"_blank\" rel=\"noreferrer noopener\">Am 14.02. ist Klimastreik &#8211; ich erkl\u00e4r euch, wieso wir hingehen m\u00fcssen!<\/a><\/li>\n\n\n\n<li>(11.01.25, bo-alt) , <a href=\"https:\/\/www.bo-alternativ.de\/2025\/01\/11\/fridays-vor-future-aufruf-zum-klimastreik\/\" target=\"_blank\" rel=\"noreferrer noopener\">Fridays for Future: Aufruf zum Klimastreik<\/a><\/li>\n<\/ul>\n","protected":false},"excerpt":{"rendered":"<p>Fridays for Future schreibt: \u00bbDieser Schneemensch demonstriert mit uns f\u00fcr eine bessere Zukunft, bist du auch dabei? Am 14.02 um 17:30Uhr, also eine Woche vor der Bundestagswahl findet unser n\u00e4chster bundesweite Klimastreik statt. Dort fordern wir von den Parteien konsequenten Klimaschutz, denn die aktuellen Ma\u00dfnahmen sind einfach mangelhaft. Heute haben wir dazu unsere Forderungen ver\u00f6ffentlicht: &hellip; <a href=\"https:\/\/boklima.de\/?p=14778\" class=\"more-link\"><span class=\"screen-reader-text\">\u201eFridays for Future: Aufruf zum Klimastreik\u201c <\/span>weiterlesen<\/a><\/p>\n","protected":false},"author":2,"featured_media":14779,"comment_status":"open","ping_status":"open","sticky":false,"template":"","format":"standard","meta":{"ngg_post_thumbnail":0,"footnotes":"","_share_on_mastodon":"0"},"categories":[155,104],"tags":[317,321,360,361,362],"class_list":["post-14778","post","type-post","status-publish","format-standard","has-post-thumbnail","hentry","category-relevant-boklima","category-oeffentlich-fuer-alle-site-besucher-lesbar","tag-klimawandel-2","tag-klimastreik","tag-aufrif","tag-fff","tag-klimaneutralitaet"],"share_on_mastodon":{"url":"https:\/\/ruhr.social\/@BoKlima\/113945778265889090","error":""},"rttpg_featured_image_url":{"full":["https:\/\/boklima.de\/wp-content\/uploads\/2025\/02\/image-3.png",800,759,false],"landscape":["https:\/\/boklima.de\/wp-content\/uploads\/2025\/02\/image-3.png",800,759,false],"portraits":["https:\/\/boklima.de\/wp-content\/uploads\/2025\/02\/image-3.png",800,759,false],"thumbnail":["https:\/\/boklima.de\/wp-content\/uploads\/2025\/02\/image-3-150x150.png",150,150,true],"medium":["https:\/\/boklima.de\/wp-content\/uploads\/2025\/02\/image-3-300x285.png",300,285,true],"large":["https:\/\/boklima.de\/wp-content\/uploads\/2025\/02\/image-3.png",800,759,false],"1536x1536":["https:\/\/boklima.de\/wp-content\/uploads\/2025\/02\/image-3.png",800,759,false],"2048x2048":["https:\/\/boklima.de\/wp-content\/uploads\/2025\/02\/image-3.png",800,759,false],"post-thumbnail":["https:\/\/boklima.de\/wp-content\/uploads\/2025\/02\/image-3.png",800,759,false]},"rttpg_author":{"display_name":"thomas - als admin","author_link":"https:\/\/boklima.de\/?author=2"},"rttpg_comment":0,"rttpg_category":"<a href=\"https:\/\/boklima.de\/?cat=155\" rel=\"category\">relevant-BoKlima<\/a> <a href=\"https:\/\/boklima.de\/?cat=104\" rel=\"category\">\u00f6ffentlich (f\u00fcr alle lesbar)<\/a>","rttpg_excerpt":"Fridays for Future schreibt: \u00bbDieser Schneemensch demonstriert mit uns f\u00fcr eine bessere Zukunft, bist du auch dabei? Am 14.02 um 17:30Uhr, also eine Woche vor der Bundestagswahl findet unser n\u00e4chster bundesweite Klimastreik statt. Dort fordern wir von den Parteien konsequenten Klimaschutz, denn die aktuellen Ma\u00dfnahmen sind einfach mangelhaft. Heute haben wir dazu unsere Forderungen ver\u00f6ffentlicht:&hellip;","_links":{"self":[{"href":"https:\/\/boklima.de\/index.php?rest_route=\/wp\/v2\/posts\/14778","targetHints":{"allow":["GET"]}}],"collection":[{"href":"https:\/\/boklima.de\/index.php?rest_route=\/wp\/v2\/posts"}],"about":[{"href":"https:\/\/boklima.de\/index.php?rest_route=\/wp\/v2\/types\/post"}],"author":[{"embeddable":true,"href":"https:\/\/boklima.de\/index.php?rest_route=\/wp\/v2\/users\/2"}],"replies":[{"embeddable":true,"href":"https:\/\/boklima.de\/index.php?rest_route=%2Fwp%2Fv2%2Fcomments&post=14778"}],"version-history":[{"count":1,"href":"https:\/\/boklima.de\/index.php?rest_route=\/wp\/v2\/posts\/14778\/revisions"}],"predecessor-version":[{"id":14780,"href":"https:\/\/boklima.de\/index.php?rest_route=\/wp\/v2\/posts\/14778\/revisions\/14780"}],"wp:featuredmedia":[{"embeddable":true,"href":"https:\/\/boklima.de\/index.php?rest_route=\/wp\/v2\/media\/14779"}],"wp:attachment":[{"href":"https:\/\/boklima.de\/index.php?rest_route=%2Fwp%2Fv2%2Fmedia&parent=14778"}],"wp:term":[{"taxonomy":"category","embeddable":true,"href":"https:\/\/boklima.de\/index.php?rest_route=%2Fwp%2Fv2%2Fcategories&post=14778"},{"taxonomy":"post_tag","embeddable":true,"href":"https:\/\/boklima.de\/index.php?rest_route=%2Fwp%2Fv2%2Ftags&post=14778"}],"curies":[{"name":"wp","href":"https:\/\/api.w.org\/{rel}","templated":true}]}}