{"id":14598,"date":"2024-11-27T10:28:54","date_gmt":"2024-11-27T09:28:54","guid":{"rendered":"https:\/\/boklima.de\/?p=14598"},"modified":"2025-10-03T17:55:38","modified_gmt":"2025-10-03T15:55:38","slug":"graf-adolf-strasse-geplante-faellungen-von-platanen-alternativen-von-boklima","status":"publish","type":"post","link":"https:\/\/boklima.de\/?p=14598","title":{"rendered":"Graf-Adolf-Stra\u00dfe &#8211; geplante F\u00e4llungen von Platanen &#8212; Alternativen von BoKlima"},"content":{"rendered":"\n<p>Die Stadt Bochum plant wieder mal gro\u00dfe alte wertvolle B\u00e4ume zu f\u00e4llen &#8212; diesmal 26 alte Platanen an der Graf-Adolf-Str in Wattenscheid<\/p>\n\n\n\n<p>Aber es gibt Alternativen , die BoKlima in seinem 20.ten KlimaNotstandsBrief (KNB) aufzeigt und die Politik und Verwaltung dringend aufruft , diese Alternativen umzusetzen.<\/p>\n\n\n\n<hr class=\"wp-block-separator has-alpha-channel-opacity\"\/>\n\n\n\n<div class=\"wp-block-group has-background\" style=\"background-color:#a2fdb2\"><div class=\"wp-block-group__inner-container is-layout-constrained wp-block-group-is-layout-constrained\">\n<p>Hier noch die Bitte : unterzeichnet die Online-Petition zum  Baumerhalt<\/p>\n\n\n\n<p> <strong>AKTUELL:<\/strong>&nbsp; Zu diesem Thema gibt es eine Online-Petition von vielen Initiativen &#8212;<br>&nbsp; &nbsp; &nbsp; &nbsp; &nbsp; &nbsp; &nbsp; &nbsp; &nbsp; &nbsp; &#8220;Rettet Bochums B\u00e4ume !!&#8221; :&nbsp; <strong><a href=\"http:\/\/openpetition.de\/!rbb\">openpetition.de\/!rbb<\/a><\/strong><\/p>\n\n\n<div class=\"wp-block-image is-style-rounded\">\n<figure class=\"aligncenter is-resized\"><img decoding=\"async\" src=\"https:\/\/bo-aktiv.de\/rails\/active_storage\/blobs\/eyJfcmFpbHMiOnsibWVzc2FnZSI6IkJBaHBBcU1CIiwiZXhwIjpudWxsLCJwdXIiOiJibG9iX2lkIn19--b6c89bd424f115abce8001f7013cc82855f1fddd\/image.png\" alt=\"\" style=\"width:100px\"\/><\/figure>\n<\/div><\/div><\/div>\n\n\n\n<hr class=\"wp-block-separator has-alpha-channel-opacity\"\/>\n\n\n\n<p>Hier <a href=\"https:\/\/boklima.de\/wp-content\/uploads\/2024\/11\/241126-20.knb-20241125-baumfaellungen-graf-adolf-strasse.pdf\">der 20. KNB<\/a> :<\/p>\n\n\n\n<p> 20. Klimanotstandsbrief des Bochumer Klimaschutzb\u00fcndnisses<br><br>An<br>den Ausschuss f\u00fcr Mobilit\u00e4t und Infrastruktur,<br>das Amt f\u00fcr Stadtplanung und Wohnen<\/p>\n\n\n\n<p>sowie das Tiefbauamt<\/p>\n\n\n\n<p><strong>K\u00f6nnen uns die Platanen der<br>Graf-Adolf-Stra\u00dfe<br>nicht doch erhalten bleiben?<\/strong><\/p>\n\n\n\n<p>Sehr geehrte Damen und Herren der Verwaltung und der politischen Gremien,<\/p>\n\n\n\n<p>wir, die B\u00fcrger:innen des Bochumer Klimaschutzb\u00fcndnisses, sehen, wie Sie auch, die Notwendigkeit einer kontinuierlichen Sanierung und Erneuerung der Infrastruktur in unserer Stadt. Dabei sollte, auch dar\u00fcber besteht sicherlich Einigkeit, den Herausforderungen der Zukunft gr\u00f6\u00dfte Aufmerksamkeit gewidmet werden.<\/p>\n\n\n\n<p>Die Nachricht vom Verlust von 24 alten Platanen, im Zuge der Sanierungsarbeiten in der Graf-Adolf-Stra\u00dfe, l\u00f6ste in der B\u00fcrgerschaft wie in der Politik Unmut aus. Es ist anerkennenswert, wie sehr sich auch die Bezirkspolitik des Themas annahm und mit der Verwaltung nach L\u00f6sungen suchte, diesen Baumverlust zu vermeiden.<\/p>\n\n\n\n<p>Doch das Ergebnis stimmt mehr als traurig, wenn es nun hei\u00dft: \u201eDie B\u00e4ume m\u00fcssen weg!\u201c *<\/p>\n\n\n\n<p>Wir haben uns die genannten Gr\u00fcnde der Verwaltung im Einzelnen angesehen:<\/p>\n\n\n\n<ol class=\"wp-block-list\">\n<li>Die Wurzeln machten die Benutzung des Gehwegs f\u00fcr gehbehinderte Menschen unm\u00f6glich.<\/li>\n\n\n\n<li>Die Wurzeln verursachten Sch\u00e4den an Mauern und Zuwegungen der angrenzenden Grundst\u00fccke.<\/li>\n\n\n\n<li>Bei der Stra\u00dfensanierung w\u00fcrden die Wurzeln so gesch\u00e4digt, dass die Standsicherheit der Platanen gef\u00e4hrdet sei.<\/li>\n<\/ol>\n\n\n\n<p>Eine barrierefreie Stadt ist uns ein Anliegen. Gleichzeitig sind wir der Meinung, dass das nur eines von mehrerer Kriterien sein kann, die wir bem\u00fcht sein m\u00fcssen, unter einen Hut zu bringen. Wenn also wie hier, in der Graf-Adolf-Stra\u00dfe, die Nutzung eines breiten Gehweges stellenweise eine Einschn\u00fcrung erf\u00e4hrt, sodass man entgegenkommenden Fu\u00dfg\u00e4ngern hier und da den Vortritt lassen muss, so k\u00f6nnen wir darin keinen Grund erkennen, wieso ein 120 Jahre alter Baum gef\u00e4llt werden m\u00fcsste. Diese Situation gibt es in unserer Stadt zahllose Male und es ist doch nur ein kleiner Preis, den wir damit f\u00fcr die erfreuliche Anwesenheit dieser alten Riesen und ihre wohltuende Ausstrahlung bezahlen.<\/p>\n\n\n\n<p>Soweit Gehwegplatten von den Wurzeln angehoben werden, und hierdurch Stolperfallen entstehen, l\u00e4sst sich auch das beheben. Durch Entfernen von Platten und den anschlie\u00dfenden Einbau eines wassergebundenen Belags l\u00e4sst sich die Oberfl\u00e4che in den betroffenen Bereichen egalisieren, auch ganz partiell. Ein leichtes Auf und Ab ist hinnehmbar, auch f\u00fcr Menschen mit Gehhilfen, Rollatoren oder Rollst\u00fchlen. Gleichzeitig wird der Wassereintrag und die Versorgung der B\u00e4ume durch die damit verbundene Entsiegelung verbessert. Und ein Beitrag auf dem Weg zur Schwammstadt ist dies obendrein.<\/p>\n\n\n\n<p>Grundst\u00fcckseinfriedigungen und private Zuwegungen sind mit oder ohne die \u00f6ffentlichen Platanen einem fortw\u00e4hrenden Alterungsprozess unterworfen. Auch durch die privaten Bepflanzungen werden Fundamente und Plattenunterbauten auf Dauer angegriffen. Hier gilt es die weit vom Stamm der Platanen entfernten Wurzelausl\u00e4ufer zu kappen. \u00dcberall, aber auch nur dort, wo sie Probleme bereiten. Es darf nicht jedes mal gleich der ganze Baum in Frage gestellt werden, und schon gar nicht darf wie hier, die F\u00e4llung s\u00e4mtlicher B\u00e4ume eines ganzen Stra\u00dfenabschnitts vorgeschlagen werden.<\/p>\n\n\n\n<p>Schlie\u00dflich w\u00fcrden auch die geplanten neuen Rot-Ahorne in wenigen Jahrzehnten die gleichen Fragen aufwerfen, und zwar genau dann, wenn sie endlich wieder eine nennenswerte Krone ausgebildet haben. F\u00e4llen wir dann wieder und fangen wir dann wieder von vorne an?<\/p>\n\n\n\n<p>Was die Sch\u00e4digung der Wurzeln durch die Kanalsanierung und die Belagsarbeiten anbelangt halten wir diese f\u00fcr in weiten Teilen vermeidbar. Der k\u00fcnftige Kanal liegt genau so in Stra\u00dfenmitte wie auch der alte, und damit in maximaler Entfernung zu den Stra\u00dfenb\u00e4umen. Beim Stra\u00dfenbelag nebst Unterbau ist tats\u00e4chlich Sorgfalt von N\u00f6ten, um die Wurzeln nicht zu sch\u00e4digen. Das aber sollte uns der wertvolle Platanenbestand allemal wert sein. Nur dort, wo es sich tats\u00e4chlich nicht vermeiden l\u00e4sst, ist dann die einzelne Platane durch eine Neupflanzung zu ersetzen.<\/p>\n\n\n\n<p>Denn die stadt\u00f6kologische und stadtklimatische Leistungsf\u00e4higkeit der Bestandsplatanen l\u00e4sst sich durch noch so viele Neupflanzungen nicht ersetzen. Sie w\u00fcrde auf viele Jahre fehlen, auch wenn, wie hier angedacht, den 24 Platanen am Ende 40 Neupflanzungen gegen\u00fcber stehen sollten.<\/p>\n\n\n\n<p>Vielmehr brauchen wir in unserer Stadt eine deutliche Steigerung der Leistungskraft der Stra\u00dfenb\u00e4ume. Ihre Relevanz f\u00fcr die Klimaanpassung aufgrund von Verschattung, K\u00fchlung, Ventilation, Biodiversit\u00e4t u.v.m. machen sie zu einem wesentlichen Instrument, und zwar ab sofort, und nicht erst in ferner Zukunft.<\/p>\n\n\n\n<p>Mit dem F\u00e4llen dieser 24 ausgewachsenen Platanen w\u00fcrde dieses Ziel in diesem Stra\u00dfen-abschnitt auf Jahrzehnte verspielt. Wir w\u00fcrden hier zun\u00e4chst mit einer deutlichen Einbu\u00dfe leben m\u00fcssen, nach etlichen Jahren vielleicht den Status quo zur\u00fcckgewinnen und erst weit in der Zukunft zu der notwendigen Verbesserung kommen. Aber wie gesagt, dann w\u00fcrden auch die Rot-Ahorne die Gehwege beeintr\u00e4chtigen oder an kleinen Grundst\u00fcckseinfassungen Sch\u00e4den anrichten.<\/p>\n\n\n\n<p>Auch eine weitere Zielsetzung beim Stadtgr\u00fcn, n\u00e4mlich die F\u00f6rderung einer zukunftsf\u00e4higen Altersklassenstruktur, wird durch die vorgelegte Planung nicht erreicht. Wenn hier auf einen Schlag 24 alte Platanen durch 40 Jungb\u00e4ume ersetzt werden, haben wir auch in Zukunft nur<\/p>\n\n\n\n<p>eine Altersklasse am Start. Die mangelhafte Altersdurchmischung w\u00fcrde fortgeschrieben, was im Hinblick auf die Nachhaltigkeit der Ma\u00dfnahme von Nachteil w\u00e4re.<\/p>\n\n\n\n<p><strong>Deshalb <\/strong><strong>schlagen wir vor, <\/strong><strong>die allermeisten<\/strong><strong> Platanen zu erhalten <\/strong><strong>und <\/strong><strong>nur dort, wo es <\/strong><strong>nachweislich <\/strong><strong>unumg\u00e4nglich ist, einzelne Platanen <\/strong><strong>im Zuge der Sanierungs-ma\u00dfnahmen <\/strong><strong>durch Neupflanzungen zu ersetzen. Weitere <\/strong><strong>Neupflanzungen <\/strong><strong>k\u00f6nnen <\/strong><strong>Jahre <\/strong><strong>sp\u00e4ter, in Abh\u00e4ngigkeit <\/strong><strong>von <\/strong><strong>der <\/strong><strong>nat\u00fcrlichen <\/strong><strong>Mortalit\u00e4t des Altbestandes, vor<\/strong><strong>genommen und damit die Alter<\/strong><strong>s<\/strong><strong>struktur nachhaltig diversifiziert werden.<\/strong><\/p>\n\n\n\n<p>Die Planung und der Beschlussvorschlag (20242778) entsprechen nach unserer Auffassung nicht den heutigen Erfordernissen an eine zukunftsf\u00e4hige Stadt. \u00dcber eine Ber\u00fccksichtigung unserer Anregungen und eine \u00dcberarbeitung der Planung w\u00e4ren wir deswegen sehr erleichtert.<\/p>\n\n\n\n<p>F\u00fcr einen Ortstermin stehen wir jederzeit nach Absprache gerne zur Verf\u00fcgung.<\/p>\n\n\n<div class=\"wp-block-image\">\n<figure class=\"alignleft size-thumbnail\"><a href=\"https:\/\/boklima.de\/wp-content\/uploads\/2024\/11\/image.png\"><img loading=\"lazy\" decoding=\"async\" width=\"150\" height=\"150\" src=\"https:\/\/boklima.de\/wp-content\/uploads\/2024\/11\/image-150x150.png\" alt=\"\" class=\"wp-image-14599\"\/><\/a><\/figure>\n<\/div>\n\n\n<p>Abschlie\u00dfend m\u00f6chten wir noch auf unsere<br>Petition +++ <a href=\"https:\/\/www.openpetition.de\/!rbb\">Rettet Bochums B\u00e4ume<\/a> +++ hinweisen. Zahlreiche B\u00fcrger halten, wie wir,<br>die Zeit f\u00fcr einen neuen Umgang mit unseren alten B\u00e4umen f\u00fcr gekommen.<\/p>\n\n\n\n<p>Bitte nehmen Sie die Stimmen aus der B\u00fcrger-schaft ernst. Bitte lassen Sie uns gemeinsam nach L\u00f6sungen suchen und Bochum zukunftsf\u00e4hig machen. Hier, wo das wir noch z\u00e4hlt.<\/p>\n\n\n\n<p>www.openpetition.de\/!rbb<\/p>\n\n\n\n<p>Bochum, den 26. November 2024<\/p>\n\n\n\n<p>Gez.: Ihre B\u00fcrger*innen des Bochumer Klimaschutzb\u00fcndnisses<br>c\/o Dr. I. Franke (Sprecher von BoKlima)<br>AkU e.V., Alsenstra\u00dfe 27, 44789 Bochum<\/p>\n\n\n\n<p>Mailkontakt: <a href=\"mailto:boklima@boklima.de\">boklima@boklima.de<\/a><br>Homepage: <a href=\"http:\/\/www.boklima.de\/\">www.<\/a><a href=\"http:\/\/www.boklima.de\/\">b<\/a><a href=\"http:\/\/www.boklima.de\/\">o<\/a><a href=\"http:\/\/www.boklima.de\/\">k<\/a><a href=\"http:\/\/www.boklima.de\/\">lima.de<\/a><br>Kopien: Presseverteiler, B\u00fcndnisverteiler<\/p>\n\n\n\n<p>* WAZ vom 23.11.2024<\/p>\n\n\n\n<hr class=\"wp-block-separator has-alpha-channel-opacity\"\/>\n\n\n\n<p>Hier der 20. KNB <a href=\"https:\/\/boklima.de\/wp-content\/uploads\/2024\/11\/241126-20.knb-20241125-baumfaellungen-graf-adolf-strasse.pdf\" data-type=\"link\" data-id=\"https:\/\/boklima.de\/wp-content\/uploads\/2024\/11\/241126-20.knb-20241125-baumfaellungen-graf-adolf-strasse.pdf\" target=\"_blank\" rel=\"noreferrer noopener\">als PDF (zum Download)<\/a> : <\/p>\n\n\n\n<div class=\"wp-block-algori-pdf-viewer-block-algori-pdf-viewer\"><iframe class=\"wp-block-algori-pdf-viewer-block-algori-pdf-viewer-iframe\" src=\"https:\/\/boklima.de\/wp-content\/plugins\/algori-pdf-viewer\/dist\/web\/viewer.html?file=https%3A%2F%2Fboklima.de%2Fwp-content%2Fuploads%2F2024%2F11%2F241126-20.knb-20241125-baumfaellungen-graf-adolf-strasse.pdf\" style=\"width:600px;height:810px\"><\/iframe><\/div>\n\n\n\n<hr class=\"wp-block-separator has-alpha-channel-opacity\"\/>\n\n\n\n<h2 class=\"wp-block-heading\">Weitere Infos und Hintergrund<\/h2>\n\n\n\n<ul class=\"wp-block-list\">\n<li>(bo-aktiv.de)<br>&nbsp;<a href=\"https:\/\/bo-aktiv.de\/bebauung-erichkaestnerschule\" data-type=\"link\" data-id=\"https:\/\/bo-aktiv.de\/bebauung-erichkaestnerschule\" target=\"_blank\" rel=\"noreferrer noopener\">Waldvernichtung trifft auf klimaschonende Wohnbebauung &nbsp; Bebauungsplan 0862 \u2013 Markstra\u00dfe \/ Stiepeler Stra\u00dfe<\/a><br>&nbsp; <a href=\"https:\/\/bo-aktiv.de\/bebauung-erichkaestnerschule\">https:\/\/bo-aktiv.de\/bebauung-erichkaestnerschule<\/a><br>&nbsp; (mit Diskussionsbeitraegen)<\/li>\n\n\n\n<li>(bo-alt) Bochums B\u00e4ume ab sofort Wahlkampfthema!<br><a href=\"https:\/\/www.bo-alternativ.de\/2024\/11\/26\/bochums-baeume-ab-sofort-wahlkampfthema\/\">https:\/\/www.bo-alternativ.de\/2024\/11\/26\/bochums-baeume-ab-sofort-wahlkampfthema\/<\/a><\/li>\n\n\n\n<li>(BoKlima) Petition \u2018Rettet unsere B\u00e4ume\u2019 \u2014 Papier-Sammelbogen<br><a href=\"https:\/\/boklima.de\/?p=14586\">https:\/\/boklima.de\/?p=14586<\/a><\/li>\n\n\n\n<li>(BoKlima) <a href=\"https:\/\/boklima.de\/?p=14592\">BoKlima Fragem Rat , Antworten Dr. Bradtke und Nachfrage BoKlima<\/a><br><a href=\"https:\/\/boklima.de\/?p=14592\">https:\/\/boklima.de\/?p=14592<\/a><\/li>\n\n\n\n<li>(Boklima) B\u00e4ume retten \u2014 WDR kommt \u2014 Di 22.10.24 , 14:30h \u2014 EKS , &nbsp;&nbsp; Ecke Markstr. \/ StiepelerStr<br>&nbsp;&nbsp; <a href=\"https:\/\/boklima.de\/?p=14453\">https:\/\/boklima.de\/?p=14453<\/a><\/li>\n\n\n\n<li>(BoKlima)<br>&nbsp; Impressionen von : \u201cB\u00e4ume retten \u2014 WDR kommt \u2014 EKS , &nbsp; Ecke Markstr. \/ StiepelerStr<br>&nbsp; <a href=\"https:\/\/boklima.de\/?p=14492\">https:\/\/boklima.de\/?p=14492<\/a><\/li>\n\n\n\n<li>(BoKlima)<br>&nbsp; Weitere Entwicklung in Sachen Baum- \/ Wald-Rettung Markstr., EKS<br>&nbsp; <a href=\"https:\/\/boklima.de\/?p=14551\">https:\/\/boklima.de\/?p=14551<\/a><\/li>\n\n\n\n<li>(BoKlima)<br>&nbsp; Ratssitzung 21.10.24 10h : Aufruf zur Demo 09:30 Glocke ; &nbsp; BoKlima Fragen zu EKS<br>&nbsp; <a href=\"https:\/\/boklima.de\/?p=14560\">https:\/\/boklima.de\/?p=14560<\/a><\/li>\n\n\n\n<li>(bo-alternativ)<br>&nbsp; Protestkundgebung gegen die geplante Abholzung von hunderten B\u00e4umen 1 <br><a href=\"https:\/\/www.bo-alternativ.de\/2024\/11\/17\/protestkundgebung-gegen-die-geplante-abholzung-von-hunderten-baeumen\/\">https:\/\/www.bo-alternativ.de\/2024\/11\/17\/protestkundgebung-gegen-die-geplante-abholzung-von-hunderten-baeumen\/<\/a><\/li>\n<\/ul>\n","protected":false},"excerpt":{"rendered":"<p>Die Stadt Bochum plant wieder mal gro\u00dfe alte wertvolle B\u00e4ume zu f\u00e4llen &#8212; diesmal 26 alte Platanen an der Graf-Adolf-Str in Wattenscheid Aber es gibt Alternativen , die BoKlima in seinem 20.ten KlimaNotstandsBrief (KNB) aufzeigt und die Politik und Verwaltung dringend aufruft , diese Alternativen umzusetzen. Hier noch die Bitte : unterzeichnet die Online-Petition zum &hellip; <a href=\"https:\/\/boklima.de\/?p=14598\" class=\"more-link\"><span class=\"screen-reader-text\">\u201eGraf-Adolf-Stra\u00dfe &#8211; geplante F\u00e4llungen von Platanen &#8212; Alternativen von BoKlima\u201c <\/span>weiterlesen<\/a><\/p>\n","protected":false},"author":2,"featured_media":14556,"comment_status":"closed","ping_status":"closed","sticky":false,"template":"","format":"standard","meta":{"ngg_post_thumbnail":0,"footnotes":"","_share_on_mastodon":"0"},"categories":[155,156,104],"tags":[330,344,345,346],"class_list":["post-14598","post","type-post","status-publish","format-standard","has-post-thumbnail","hentry","category-relevant-boklima","category-relevant-bochum","category-oeffentlich-fuer-alle-site-besucher-lesbar","tag-baeumeretten","tag-baumfaellungen","tag-knb","tag-klimanotstandsbrief"],"share_on_mastodon":{"url":"https:\/\/ruhr.social\/@BoKlima\/113554209872390615","error":""},"rttpg_featured_image_url":{"full":["https:\/\/boklima.de\/wp-content\/uploads\/2024\/11\/241028-rettetbochumsbaeume-flyer-1.png",1142,773,false],"landscape":["https:\/\/boklima.de\/wp-content\/uploads\/2024\/11\/241028-rettetbochumsbaeume-flyer-1.png",1142,773,false],"portraits":["https:\/\/boklima.de\/wp-content\/uploads\/2024\/11\/241028-rettetbochumsbaeume-flyer-1.png",1142,773,false],"thumbnail":["https:\/\/boklima.de\/wp-content\/uploads\/2024\/11\/241028-rettetbochumsbaeume-flyer-1-150x150.png",150,150,true],"medium":["https:\/\/boklima.de\/wp-content\/uploads\/2024\/11\/241028-rettetbochumsbaeume-flyer-1-300x203.png",300,203,true],"large":["https:\/\/boklima.de\/wp-content\/uploads\/2024\/11\/241028-rettetbochumsbaeume-flyer-1-1024x693.png",840,568,true],"1536x1536":["https:\/\/boklima.de\/wp-content\/uploads\/2024\/11\/241028-rettetbochumsbaeume-flyer-1.png",1142,773,false],"2048x2048":["https:\/\/boklima.de\/wp-content\/uploads\/2024\/11\/241028-rettetbochumsbaeume-flyer-1.png",1142,773,false],"post-thumbnail":["https:\/\/boklima.de\/wp-content\/uploads\/2024\/11\/241028-rettetbochumsbaeume-flyer-1.png",1142,773,false]},"rttpg_author":{"display_name":"thomas - als admin","author_link":"https:\/\/boklima.de\/?author=2"},"rttpg_comment":0,"rttpg_category":"<a href=\"https:\/\/boklima.de\/?cat=155\" rel=\"category\">relevant-BoKlima<\/a> <a href=\"https:\/\/boklima.de\/?cat=156\" rel=\"category\">relevant-Bochum<\/a> <a href=\"https:\/\/boklima.de\/?cat=104\" rel=\"category\">\u00f6ffentlich (f\u00fcr alle lesbar)<\/a>","rttpg_excerpt":"Die Stadt Bochum plant wieder mal gro\u00dfe alte wertvolle B\u00e4ume zu f\u00e4llen &#8212; diesmal 26 alte Platanen an der Graf-Adolf-Str in Wattenscheid Aber es gibt Alternativen , die BoKlima in seinem 20.ten KlimaNotstandsBrief (KNB) aufzeigt und die Politik und Verwaltung dringend aufruft , diese Alternativen umzusetzen. Hier noch die Bitte : unterzeichnet die Online-Petition zum&hellip;","_links":{"self":[{"href":"https:\/\/boklima.de\/index.php?rest_route=\/wp\/v2\/posts\/14598","targetHints":{"allow":["GET"]}}],"collection":[{"href":"https:\/\/boklima.de\/index.php?rest_route=\/wp\/v2\/posts"}],"about":[{"href":"https:\/\/boklima.de\/index.php?rest_route=\/wp\/v2\/types\/post"}],"author":[{"embeddable":true,"href":"https:\/\/boklima.de\/index.php?rest_route=\/wp\/v2\/users\/2"}],"replies":[{"embeddable":true,"href":"https:\/\/boklima.de\/index.php?rest_route=%2Fwp%2Fv2%2Fcomments&post=14598"}],"version-history":[{"count":4,"href":"https:\/\/boklima.de\/index.php?rest_route=\/wp\/v2\/posts\/14598\/revisions"}],"predecessor-version":[{"id":15529,"href":"https:\/\/boklima.de\/index.php?rest_route=\/wp\/v2\/posts\/14598\/revisions\/15529"}],"wp:featuredmedia":[{"embeddable":true,"href":"https:\/\/boklima.de\/index.php?rest_route=\/wp\/v2\/media\/14556"}],"wp:attachment":[{"href":"https:\/\/boklima.de\/index.php?rest_route=%2Fwp%2Fv2%2Fmedia&parent=14598"}],"wp:term":[{"taxonomy":"category","embeddable":true,"href":"https:\/\/boklima.de\/index.php?rest_route=%2Fwp%2Fv2%2Fcategories&post=14598"},{"taxonomy":"post_tag","embeddable":true,"href":"https:\/\/boklima.de\/index.php?rest_route=%2Fwp%2Fv2%2Ftags&post=14598"}],"curies":[{"name":"wp","href":"https:\/\/api.w.org\/{rel}","templated":true}]}}