{"id":14551,"date":"2024-11-03T00:07:20","date_gmt":"2024-11-02T23:07:20","guid":{"rendered":"https:\/\/boklima.de\/?p=14551"},"modified":"2024-11-03T01:00:53","modified_gmt":"2024-11-03T00:00:53","slug":"weitere-entwicklung-in-sachen-baum-wald-rettung-markstr-eks","status":"publish","type":"post","link":"https:\/\/boklima.de\/?p=14551","title":{"rendered":"Weitere Entwicklung in Sachen Baum- \/ Wald-Rettung Markstr., EKS"},"content":{"rendered":"\n<hr class=\"wp-block-separator has-alpha-channel-opacity\"\/>\n\n\n\n<p class=\"has-text-align-center has-bright-red-color has-text-color has-link-color wp-elements-ef3ffbaabc8eb0ee022ade65767a412d\"><strong>AKTUELL:<\/strong>\u00a0 Zu diesem Thema gibt es eine Online-Petition &#8212;<br>\u00a0 \u00a0 \u00a0 \u00a0 \u00a0 \u00a0 \u00a0 \u00a0 \u00a0 \u00a0 &#8220;Rettet Bochums B\u00e4ume !!&#8221; :\u00a0 <strong><a href=\"http:\/\/openpetition.de\/!rbb\">open<\/a><\/strong><strong><a href=\"http:\/\/openpetition.de\/!rbb\">petition.de\/!rbb<\/a><\/strong><br><img decoding=\"async\" src=\"https:\/\/bo-aktiv.de\/rails\/active_storage\/blobs\/eyJfcmFpbHMiOnsibWVzc2FnZSI6IkJBaHBBcU1CIiwiZXhwIjpudWxsLCJwdXIiOiJibG9iX2lkIn19--b6c89bd424f115abce8001f7013cc82855f1fddd\/image.png\" style=\"width: 150px;\"><\/p>\n\n\n\n<p class=\"has-text-align-center\"><em>Bitte unterschreiben \/ mitzeichnen <\/em><\/p>\n\n\n\n<hr class=\"wp-block-separator has-alpha-channel-opacity\"\/>\n\n\n\n<p>Auf Luftbildern , die bis ins Jahr   2015 zur\u00fcck gehen , zeigt sich das schon  mehr B\u00e4ume gef\u00e4llt wurden als angegeben \/ n\u00f6tig .<\/p>\n\n\n\n<p>Hier die neuen Luftbilder :<\/p>\n\n\n\n<figure class=\"wp-block-gallery has-nested-images columns-2 is-cropped wp-block-gallery-1 is-layout-flex wp-block-gallery-is-layout-flex\">\n<figure class=\"wp-block-image size-thumbnail\"><a href=\"https:\/\/boklima.de\/wp-content\/uploads\/2024\/11\/eks-2015-08.jpg\"><img loading=\"lazy\" decoding=\"async\" width=\"150\" height=\"150\" data-id=\"14541\" src=\"https:\/\/boklima.de\/wp-content\/uploads\/2024\/11\/eks-2015-08-150x150.jpg\" alt=\"\" class=\"wp-image-14541\" srcset=\"https:\/\/boklima.de\/wp-content\/uploads\/2024\/11\/eks-2015-08-150x150.jpg 150w, https:\/\/boklima.de\/wp-content\/uploads\/2024\/11\/eks-2015-08-298x300.jpg 298w, https:\/\/boklima.de\/wp-content\/uploads\/2024\/11\/eks-2015-08-768x773.jpg 768w, https:\/\/boklima.de\/wp-content\/uploads\/2024\/11\/eks-2015-08.jpg 948w\" sizes=\"auto, (max-width: 150px) 85vw, 150px\" \/><\/a><\/figure>\n\n\n\n<figure class=\"wp-block-image size-thumbnail\"><a href=\"https:\/\/boklima.de\/wp-content\/uploads\/2024\/11\/eks-2019-06.jpg\"><img loading=\"lazy\" decoding=\"async\" width=\"150\" height=\"150\" data-id=\"14543\" src=\"https:\/\/boklima.de\/wp-content\/uploads\/2024\/11\/eks-2019-06-150x150.jpg\" alt=\"\" class=\"wp-image-14543\" srcset=\"https:\/\/boklima.de\/wp-content\/uploads\/2024\/11\/eks-2019-06-150x150.jpg 150w, https:\/\/boklima.de\/wp-content\/uploads\/2024\/11\/eks-2019-06-298x300.jpg 298w, https:\/\/boklima.de\/wp-content\/uploads\/2024\/11\/eks-2019-06-768x773.jpg 768w, https:\/\/boklima.de\/wp-content\/uploads\/2024\/11\/eks-2019-06.jpg 948w\" sizes=\"auto, (max-width: 150px) 85vw, 150px\" \/><\/a><\/figure>\n\n\n\n<figure class=\"wp-block-image size-thumbnail\"><a href=\"https:\/\/boklima.de\/wp-content\/uploads\/2024\/11\/eks-2017-05.jpg\"><img loading=\"lazy\" decoding=\"async\" width=\"150\" height=\"150\" data-id=\"14542\" src=\"https:\/\/boklima.de\/wp-content\/uploads\/2024\/11\/eks-2017-05-150x150.jpg\" alt=\"\" class=\"wp-image-14542\" srcset=\"https:\/\/boklima.de\/wp-content\/uploads\/2024\/11\/eks-2017-05-150x150.jpg 150w, https:\/\/boklima.de\/wp-content\/uploads\/2024\/11\/eks-2017-05-298x300.jpg 298w, https:\/\/boklima.de\/wp-content\/uploads\/2024\/11\/eks-2017-05-768x773.jpg 768w, https:\/\/boklima.de\/wp-content\/uploads\/2024\/11\/eks-2017-05.jpg 948w\" sizes=\"auto, (max-width: 150px) 85vw, 150px\" \/><\/a><\/figure>\n\n\n\n<figure class=\"wp-block-image size-thumbnail\"><a href=\"https:\/\/boklima.de\/wp-content\/uploads\/2024\/11\/eks-2021-03.jpg\"><img loading=\"lazy\" decoding=\"async\" width=\"150\" height=\"150\" data-id=\"14544\" src=\"https:\/\/boklima.de\/wp-content\/uploads\/2024\/11\/eks-2021-03-150x150.jpg\" alt=\"\" class=\"wp-image-14544\" srcset=\"https:\/\/boklima.de\/wp-content\/uploads\/2024\/11\/eks-2021-03-150x150.jpg 150w, https:\/\/boklima.de\/wp-content\/uploads\/2024\/11\/eks-2021-03-298x300.jpg 298w, https:\/\/boklima.de\/wp-content\/uploads\/2024\/11\/eks-2021-03-768x773.jpg 768w, https:\/\/boklima.de\/wp-content\/uploads\/2024\/11\/eks-2021-03.jpg 948w\" sizes=\"auto, (max-width: 150px) 85vw, 150px\" \/><\/a><\/figure>\n\n\n\n<figure class=\"wp-block-image size-thumbnail\"><a href=\"https:\/\/boklima.de\/wp-content\/uploads\/2024\/11\/eks-2024-08.jpg\"><img loading=\"lazy\" decoding=\"async\" width=\"150\" height=\"150\" data-id=\"14545\" src=\"https:\/\/boklima.de\/wp-content\/uploads\/2024\/11\/eks-2024-08-150x150.jpg\" alt=\"\" class=\"wp-image-14545\" srcset=\"https:\/\/boklima.de\/wp-content\/uploads\/2024\/11\/eks-2024-08-150x150.jpg 150w, https:\/\/boklima.de\/wp-content\/uploads\/2024\/11\/eks-2024-08-298x300.jpg 298w, https:\/\/boklima.de\/wp-content\/uploads\/2024\/11\/eks-2024-08-768x773.jpg 768w, https:\/\/boklima.de\/wp-content\/uploads\/2024\/11\/eks-2024-08.jpg 948w\" sizes=\"auto, (max-width: 150px) 85vw, 150px\" \/><\/a><\/figure>\n\n\n\n<figure class=\"wp-block-image size-thumbnail\"><a href=\"https:\/\/boklima.de\/wp-content\/uploads\/2024\/11\/241030-aus-map.nrw-copernicus-sentinel-2-daten2018-markstr.png\"><img loading=\"lazy\" decoding=\"async\" width=\"150\" height=\"150\" data-id=\"14547\" src=\"https:\/\/boklima.de\/wp-content\/uploads\/2024\/11\/241030-aus-map.nrw-copernicus-sentinel-2-daten2018-markstr-150x150.png\" alt=\"\" class=\"wp-image-14547\"\/><\/a><\/figure>\n<\/figure>\n\n\n\n<p> <\/p>\n\n\n\n<hr class=\"wp-block-separator has-alpha-channel-opacity\"\/>\n\n\n\n<p>Die schon bekannten Luftbilder vom RVR : <\/p>\n\n\n\n<figure class=\"wp-block-gallery has-nested-images columns-1 is-cropped wp-block-gallery-2 is-layout-flex wp-block-gallery-is-layout-flex\">\n<figure class=\"wp-block-image size-thumbnail\"><a href=\"https:\/\/boklima.de\/wp-content\/uploads\/2024\/11\/240612-eks-19.knb-luftbild-rvr-2020.png\"><img loading=\"lazy\" decoding=\"async\" width=\"150\" height=\"150\" data-id=\"14553\" src=\"https:\/\/boklima.de\/wp-content\/uploads\/2024\/11\/240612-eks-19.knb-luftbild-rvr-2020-150x150.png\" alt=\"\" class=\"wp-image-14553\"\/><\/a><\/figure>\n\n\n\n<figure class=\"wp-block-image size-thumbnail\"><a href=\"https:\/\/boklima.de\/wp-content\/uploads\/2024\/11\/240612-eks-19.knb-luftbild-rvr-2022.png\"><img loading=\"lazy\" decoding=\"async\" width=\"150\" height=\"150\" data-id=\"14554\" src=\"https:\/\/boklima.de\/wp-content\/uploads\/2024\/11\/240612-eks-19.knb-luftbild-rvr-2022-150x150.png\" alt=\"\" class=\"wp-image-14554\"\/><\/a><\/figure>\n<\/figure>\n\n\n\n<p>  <\/p>\n\n\n\n<hr class=\"wp-block-separator has-alpha-channel-opacity\"\/>\n\n\n\n<h3 class=\"wp-block-heading\"><span class=\"ez-toc-section\" id=\"WAZ_Bericht_mit_Hinweis_auf_Petition_021124\"><\/span>WAZ Bericht (mit Hinweis auf Petition) (02.11.24)<span class=\"ez-toc-section-end\"><\/span><\/h3>\n\n\n<div class=\"wp-block-image\">\n<figure class=\"aligncenter size-medium\"><a href=\"https:\/\/boklima.de\/wp-content\/uploads\/2024\/11\/241102-waz-initiativenkaempfenumerhaltvon750baeumen.png\"><img loading=\"lazy\" decoding=\"async\" width=\"300\" height=\"205\" src=\"https:\/\/boklima.de\/wp-content\/uploads\/2024\/11\/241102-waz-initiativenkaempfenumerhaltvon750baeumen-300x205.png\" alt=\"\" class=\"wp-image-14550\" srcset=\"https:\/\/boklima.de\/wp-content\/uploads\/2024\/11\/241102-waz-initiativenkaempfenumerhaltvon750baeumen-300x205.png 300w, https:\/\/boklima.de\/wp-content\/uploads\/2024\/11\/241102-waz-initiativenkaempfenumerhaltvon750baeumen-1024x699.png 1024w, https:\/\/boklima.de\/wp-content\/uploads\/2024\/11\/241102-waz-initiativenkaempfenumerhaltvon750baeumen-768x525.png 768w, https:\/\/boklima.de\/wp-content\/uploads\/2024\/11\/241102-waz-initiativenkaempfenumerhaltvon750baeumen-1200x820.png 1200w, https:\/\/boklima.de\/wp-content\/uploads\/2024\/11\/241102-waz-initiativenkaempfenumerhaltvon750baeumen.png 1224w\" sizes=\"auto, (max-width: 300px) 85vw, 300px\" \/><\/a><\/figure>\n<\/div>\n\n\n<p> <\/p>\n\n\n\n<ul class=\"wp-block-list\">\n<li>(30.10.24,WAZ $$) <a href=\"https:\/\/www.waz.de\/lokales\/bochum\/article407569790\/auf-den-letzten-druecker-koennen-baeume-noch-gerettet-werden.html\" data-type=\"link\" data-id=\"https:\/\/www.waz.de\/lokales\/bochum\/article407569790\/auf-den-letzten-druecker-koennen-baeume-noch-gerettet-werden.html\" target=\"_blank\" rel=\"noreferrer noopener nofollow\">Auf den letzten Dr\u00fccker: K\u00f6nnen B\u00e4ume noch gerettet werden?<\/a><\/li>\n\n\n\n<li>(17.11.23, WAZ $$) <a href=\"https:\/\/www.waz.de\/staedte\/bochum\/article240600896\/Neues-Wohnviertel-in-Bochum-Wo-es-entsteht-was-geplant-ist.html\" data-type=\"link\" data-id=\"https:\/\/www.waz.de\/staedte\/bochum\/article240600896\/Neues-Wohnviertel-in-Bochum-Wo-es-entsteht-was-geplant-ist.html\" target=\"_blank\" rel=\"noreferrer noopener nofollow\">Neues Wohnviertel in Bochum: Wo es entsteht, was geplant ist<\/a><\/li>\n<\/ul>\n\n\n\n<hr class=\"wp-block-separator has-alpha-channel-opacity\"\/>\n\n\n\n<h3 class=\"wp-block-heading\"><span class=\"ez-toc-section\" id=\"Weitere_Infos_und_bisher_erschienene_Posts\"><\/span>Weitere Infos und bisher erschienene Posts :<span class=\"ez-toc-section-end\"><\/span><\/h3>\n\n\n\n<ul class=\"wp-block-list\">\n<li>(boklima) <a href=\"https:\/\/boklima.de\/?p=14492\">Impressionen von : \u201cB\u00e4ume retten \u2014 WDR kommt \u2014 EKS , Ecke Markstr. \/ StiepelerStr<\/a><\/li>\n\n\n\n<li>(boklima) <a href=\"https:\/\/boklima.de\/?p=14453\">B\u00e4ume retten \u2014 WDR kommt \u2014 Di 22.10.24 , 14:30h \u2014 EKS , Ecke Markstr. \/ StiepelerStr<\/a><\/li>\n\n\n\n<li>(boKlima) <a href=\"https:\/\/boklima.de\/?p=14405\">Rettet unsere B\u00e4ume \u2014 Petition f\u00fcr ein bewohnbares Bochum<\/a><\/li>\n\n\n\n<li>(bo-akriv.de) <a href=\"https:\/\/bo-aktiv.de\/bebauung-erichkaestnerschule\" data-type=\"link\" data-id=\"https:\/\/bo-aktiv.de\/bebauung-erichkaestnerschule\" target=\"_blank\" rel=\"noreferrer noopener\">Waldvernichtung trifft auf klimaschonende Wohnbebauung<\/a><\/li>\n\n\n\n<li>(bo-aktiv.de) <a href=\"https:\/\/bo-aktiv.de\/hintergrundinfo-eks\" data-type=\"link\" data-id=\"https:\/\/bo-aktiv.de\/hintergrundinfo-eks\" target=\"_blank\" rel=\"noreferrer noopener\">Hintergrundinformationen zum Bebauungsplan Erich-K\u00e4stner-Schule<\/a><\/li>\n\n\n\n<li>(bo-aktiv.de) <a href=\"https:\/\/bo-aktiv.de\/debates\/52-b-plan-eks-baume-konnten-stehen-bleiben\" data-type=\"link\" data-id=\"https:\/\/bo-aktiv.de\/debates\/52-b-plan-eks-baume-konnten-stehen-bleiben\" target=\"_blank\" rel=\"noreferrer noopener\">B-Plan EKS: B\u00e4ume k\u00f6nnten stehen bleiben<\/a><\/li>\n\n\n\n<li>(bo-aktiv.de) <a href=\"https:\/\/bo-aktiv.de\/debates\/53-online-petition-rettet-bochums-baume\" data-type=\"link\" data-id=\"https:\/\/bo-aktiv.de\/debates\/53-online-petition-rettet-bochums-baume\" target=\"_blank\" rel=\"noreferrer noopener\">Online-Petition: Rettet Bochums B\u00e4ume!!<\/a><\/li>\n\n\n\n<li>(stadtenwicklung.net) <a href=\"https:\/\/stadtentwicklung.net\/2024\/10\/wald-bleibt\/\">Wald bleibt!<\/a><\/li>\n\n\n\n<li>(stadtentwicklung.net) <a href=\"https:\/\/stadtentwicklung.net\/2024\/10\/b-plan-am-ruhrort-unbebaubarkeit-offenkundig-dennoch-bleiben-fragen\/\">B-Plan \u201eAm Ruhrort\u201c: Unbebaubarkeit offenkundig \u2013 dennoch bleiben Fragen!<\/a><\/li>\n\n\n\n<li>(Stadt-Bochum Unterlagen openData ) <a href=\"https:\/\/www.o-sp.de\/bochum\/plan?pid=28397\" data-type=\"link\" data-id=\"https:\/\/www.o-sp.de\/bochum\/plan?pid=28397\" target=\"_blank\" rel=\"noreferrer noopener\">0862 &#8211; Markstra\u00dfe \/ Stiepeler Stra\u00dfe &#8211; Bebauungsplans\u00a0Nr. 862 <\/a><\/li>\n<\/ul>\n\n\n\n<hr class=\"wp-block-separator has-alpha-channel-opacity\"\/>\n\n\n\n<h1 class=\"wp-block-heading\"><\/h1>\n\n\n\n<hr class=\"wp-block-separator has-alpha-channel-opacity\" id=\"block-5767c527-b057-4f5f-bf1f-fd8927e0ba9d\"\/>\n\n\n\n<p class=\"has-text-align-center\" id=\"block-4eb7b936-f885-4689-ae03-b4fa00c59106\"><strong>AKTUELL:<\/strong>\u00a0 Zu diesem Thema gibt es eine Online-Petition &#8212;<br>\u00a0 \u00a0 \u00a0 \u00a0 \u00a0 \u00a0 \u00a0 \u00a0 \u00a0 \u00a0 &#8220;Rettet Bochums B\u00e4ume !!&#8221; :\u00a0 <strong><a href=\"http:\/\/openpetition.de\/!rbb\">open<\/a><\/strong><strong><a href=\"http:\/\/openpetition.de\/!rbb\">petition.de\/!rbb<\/a><\/strong><br><img decoding=\"async\" src=\"https:\/\/bo-aktiv.de\/rails\/active_storage\/blobs\/eyJfcmFpbHMiOnsibWVzc2FnZSI6IkJBaHBBcU1CIiwiZXhwIjpudWxsLCJwdXIiOiJibG9iX2lkIn19--b6c89bd424f115abce8001f7013cc82855f1fddd\/image.png\" style=\"width: 150px;\"><\/p>\n\n\n\n<p class=\"has-text-align-center\" id=\"block-5e847a4c-3f5c-43ee-9b11-09fb873bf43b\"><em>Bitte unterschreiben \/ mitzeichnen<\/em><\/p>\n\n\n\n<hr class=\"wp-block-separator has-alpha-channel-opacity\" id=\"block-ead0b051-fc3e-4b89-a4d3-3ec5bd94d26d\"\/>\n<div id=\"ez-toc-container\" class=\"ez-toc-v2_0_82_2 counter-hierarchy ez-toc-counter ez-toc-transparent ez-toc-container-direction\">\n<div class=\"ez-toc-title-container\">\n<p class=\"ez-toc-title\" style=\"cursor:inherit\">Inhalte dieser Seite :<\/p>\n<span class=\"ez-toc-title-toggle\"><a href=\"#\" class=\"ez-toc-pull-right ez-toc-btn ez-toc-btn-xs ez-toc-btn-default ez-toc-toggle\" aria-label=\"Toggle Table of Content\"><span class=\"ez-toc-js-icon-con\"><span class=\"\"><span class=\"eztoc-hide\" style=\"display:none;\">Toggle<\/span><span class=\"ez-toc-icon-toggle-span\"><svg style=\"fill: #999;color:#999\" xmlns=\"http:\/\/www.w3.org\/2000\/svg\" class=\"list-377408\" width=\"20px\" height=\"20px\" viewBox=\"0 0 24 24\" fill=\"none\"><path d=\"M6 6H4v2h2V6zm14 0H8v2h12V6zM4 11h2v2H4v-2zm16 0H8v2h12v-2zM4 16h2v2H4v-2zm16 0H8v2h12v-2z\" fill=\"currentColor\"><\/path><\/svg><svg style=\"fill: #999;color:#999\" class=\"arrow-unsorted-368013\" xmlns=\"http:\/\/www.w3.org\/2000\/svg\" width=\"10px\" height=\"10px\" viewBox=\"0 0 24 24\" version=\"1.2\" baseProfile=\"tiny\"><path d=\"M18.2 9.3l-6.2-6.3-6.2 6.3c-.2.2-.3.4-.3.7s.1.5.3.7c.2.2.4.3.7.3h11c.3 0 .5-.1.7-.3.2-.2.3-.5.3-.7s-.1-.5-.3-.7zM5.8 14.7l6.2 6.3 6.2-6.3c.2-.2.3-.5.3-.7s-.1-.5-.3-.7c-.2-.2-.4-.3-.7-.3h-11c-.3 0-.5.1-.7.3-.2.2-.3.5-.3.7s.1.5.3.7z\"\/><\/svg><\/span><\/span><\/span><\/a><\/span><\/div>\n<nav><ul class='ez-toc-list ez-toc-list-level-1 eztoc-toggle-hide-by-default' ><li class='ez-toc-page-1 ez-toc-heading-level-3'><a class=\"ez-toc-link ez-toc-heading-1\" href=\"https:\/\/boklima.de\/?p=14551\/#WAZ_Bericht_mit_Hinweis_auf_Petition_021124\" >WAZ Bericht (mit Hinweis auf Petition) (02.11.24)<\/a><\/li><li class='ez-toc-page-1 ez-toc-heading-level-3'><a class=\"ez-toc-link ez-toc-heading-2\" href=\"https:\/\/boklima.de\/?p=14551\/#Weitere_Infos_und_bisher_erschienene_Posts\" >Weitere Infos und bisher erschienene Posts :<\/a><\/li><\/ul><\/nav><\/div>\n","protected":false},"excerpt":{"rendered":"<p>AKTUELL:\u00a0 Zu diesem Thema gibt es eine Online-Petition &#8212;\u00a0 \u00a0 \u00a0 \u00a0 \u00a0 \u00a0 \u00a0 \u00a0 \u00a0 \u00a0 &#8220;Rettet Bochums B\u00e4ume !!&#8221; :\u00a0 openpetition.de\/!rbb Bitte unterschreiben \/ mitzeichnen Auf Luftbildern , die bis ins Jahr 2015 zur\u00fcck gehen , zeigt sich das schon mehr B\u00e4ume gef\u00e4llt wurden als angegeben \/ n\u00f6tig . Hier die neuen &hellip; <a href=\"https:\/\/boklima.de\/?p=14551\" class=\"more-link\"><span class=\"screen-reader-text\">\u201eWeitere Entwicklung in Sachen Baum- \/ Wald-Rettung Markstr., EKS\u201c <\/span>weiterlesen<\/a><\/p>\n","protected":false},"author":2,"featured_media":14556,"comment_status":"closed","ping_status":"open","sticky":false,"template":"","format":"standard","meta":{"ngg_post_thumbnail":0,"footnotes":"","_share_on_mastodon":"0"},"categories":[155,156,104,149,46,129],"tags":[281,306,314,326,329,331],"class_list":["post-14551","post","type-post","status-publish","format-standard","has-post-thumbnail","hentry","category-relevant-boklima","category-relevant-bochum","category-oeffentlich-fuer-alle-site-besucher-lesbar","category-wohnbauflaechenprogramm-klima-schutz-themen","category-bebauungsplan","category-co2","tag-petition","tag-bebauungsplan","tag-bochum","tag-baumrettung","tag-eks","tag-waldretten"],"share_on_mastodon":{"url":"https:\/\/ruhr.social\/@BoKlima\/113415870290201738","error":""},"rttpg_featured_image_url":{"full":["https:\/\/boklima.de\/wp-content\/uploads\/2024\/11\/241028-rettetbochumsbaeume-flyer-1.png",1142,773,false],"landscape":["https:\/\/boklima.de\/wp-content\/uploads\/2024\/11\/241028-rettetbochumsbaeume-flyer-1.png",1142,773,false],"portraits":["https:\/\/boklima.de\/wp-content\/uploads\/2024\/11\/241028-rettetbochumsbaeume-flyer-1.png",1142,773,false],"thumbnail":["https:\/\/boklima.de\/wp-content\/uploads\/2024\/11\/241028-rettetbochumsbaeume-flyer-1-150x150.png",150,150,true],"medium":["https:\/\/boklima.de\/wp-content\/uploads\/2024\/11\/241028-rettetbochumsbaeume-flyer-1-300x203.png",300,203,true],"large":["https:\/\/boklima.de\/wp-content\/uploads\/2024\/11\/241028-rettetbochumsbaeume-flyer-1-1024x693.png",840,568,true],"1536x1536":["https:\/\/boklima.de\/wp-content\/uploads\/2024\/11\/241028-rettetbochumsbaeume-flyer-1.png",1142,773,false],"2048x2048":["https:\/\/boklima.de\/wp-content\/uploads\/2024\/11\/241028-rettetbochumsbaeume-flyer-1.png",1142,773,false],"post-thumbnail":["https:\/\/boklima.de\/wp-content\/uploads\/2024\/11\/241028-rettetbochumsbaeume-flyer-1.png",1142,773,false]},"rttpg_author":{"display_name":"thomas - als admin","author_link":"https:\/\/boklima.de\/?author=2"},"rttpg_comment":0,"rttpg_category":"<a href=\"https:\/\/boklima.de\/?cat=155\" rel=\"category\">relevant-BoKlima<\/a> <a href=\"https:\/\/boklima.de\/?cat=156\" rel=\"category\">relevant-Bochum<\/a> <a href=\"https:\/\/boklima.de\/?cat=104\" rel=\"category\">\u00f6ffentlich (f\u00fcr alle lesbar)<\/a> <a href=\"https:\/\/boklima.de\/?cat=149\" rel=\"category\">WohnBauFl\u00e4chenProgramm<\/a> <a href=\"https:\/\/boklima.de\/?cat=46\" rel=\"category\">Bebauungsplan<\/a> <a href=\"https:\/\/boklima.de\/?cat=129\" rel=\"category\">CO2<\/a>","rttpg_excerpt":"AKTUELL:\u00a0 Zu diesem Thema gibt es eine Online-Petition &#8212;\u00a0 \u00a0 \u00a0 \u00a0 \u00a0 \u00a0 \u00a0 \u00a0 \u00a0 \u00a0 &#8220;Rettet Bochums B\u00e4ume !!&#8221; :\u00a0 openpetition.de\/!rbb Bitte unterschreiben \/ mitzeichnen Auf Luftbildern , die bis ins Jahr 2015 zur\u00fcck gehen , zeigt sich das schon mehr B\u00e4ume gef\u00e4llt wurden als angegeben \/ n\u00f6tig . Hier die neuen&hellip;","_links":{"self":[{"href":"https:\/\/boklima.de\/index.php?rest_route=\/wp\/v2\/posts\/14551","targetHints":{"allow":["GET"]}}],"collection":[{"href":"https:\/\/boklima.de\/index.php?rest_route=\/wp\/v2\/posts"}],"about":[{"href":"https:\/\/boklima.de\/index.php?rest_route=\/wp\/v2\/types\/post"}],"author":[{"embeddable":true,"href":"https:\/\/boklima.de\/index.php?rest_route=\/wp\/v2\/users\/2"}],"replies":[{"embeddable":true,"href":"https:\/\/boklima.de\/index.php?rest_route=%2Fwp%2Fv2%2Fcomments&post=14551"}],"version-history":[{"count":2,"href":"https:\/\/boklima.de\/index.php?rest_route=\/wp\/v2\/posts\/14551\/revisions"}],"predecessor-version":[{"id":14558,"href":"https:\/\/boklima.de\/index.php?rest_route=\/wp\/v2\/posts\/14551\/revisions\/14558"}],"wp:featuredmedia":[{"embeddable":true,"href":"https:\/\/boklima.de\/index.php?rest_route=\/wp\/v2\/media\/14556"}],"wp:attachment":[{"href":"https:\/\/boklima.de\/index.php?rest_route=%2Fwp%2Fv2%2Fmedia&parent=14551"}],"wp:term":[{"taxonomy":"category","embeddable":true,"href":"https:\/\/boklima.de\/index.php?rest_route=%2Fwp%2Fv2%2Fcategories&post=14551"},{"taxonomy":"post_tag","embeddable":true,"href":"https:\/\/boklima.de\/index.php?rest_route=%2Fwp%2Fv2%2Ftags&post=14551"}],"curies":[{"name":"wp","href":"https:\/\/api.w.org\/{rel}","templated":true}]}}