{"id":14405,"date":"2024-10-01T13:26:46","date_gmt":"2024-10-01T11:26:46","guid":{"rendered":"https:\/\/boklima.de\/?p=14405"},"modified":"2024-10-13T09:13:27","modified_gmt":"2024-10-13T07:13:27","slug":"rettet-unsere-baeume-petition-fuer-ein-bewohnbares-bochum","status":"publish","type":"post","link":"https:\/\/boklima.de\/?p=14405","title":{"rendered":"Rettet unsere B\u00e4ume &#8212; Petition f\u00fcr ein bewohnbares Bochum"},"content":{"rendered":"\n<p>Die Stadt will mit der Umsetzung des\u00a0<a href=\"https:\/\/www.o-sp.de\/bochum\/plan?pid=28397\">Bebauungsplans 0862<\/a>\u00a0an der Ecke Markstra\u00dfe Stiepeler Stra\u00dfe f\u00fcr\u00a0<a href=\"https:\/\/stadtentwicklung.net\/2024\/10\/bebauungsplan-nr-862-markstrasse-stiepeler-strasse-kein-kahlschlag-fuer-parken-und-gewerbe\/\">Parkpl\u00e4tze und Gewerbe<\/a>\u00a0einen Wald f\u00e4llen. Mehrere\u00a0<a href=\"https:\/\/boklima.de\/?p=14405\">Bochumer Umweltinitiativen<\/a>\u00a0haben unter Beteiligung des AkU , BoKlima , &#8230; eine\u00a0<a href=\"https:\/\/www.openpetition.de\/petition\/online\/rettet-bochums-baeume-fuer-eine-bewohnbare-stadt-2\">Petition<\/a>\u00a0online gestellt um die B\u00e4ume zu retten. Wir freuen uns \u00fcber viele Unterschriften zur Unterst\u00fctzung der Petition.<\/p>\n\n\n\n<p class=\"has-background has-medium-font-size\" style=\"background-color:#ccf9d7\">Unterschreiben Sie bitte unsere Petition ;<br>Link zur Petition : <a href=\"https:\/\/www.openpetition.de\/petition\/online\/rettet-bochums-baeume-fuer-eine-bewohnbare-stadt-2\" target=\"_blank\" rel=\"noreferrer noopener\">https:\/\/www.openpetition.de\/petition\/online\/rettet-bochums-baeume-fuer-eine-bewohnbare-stadt-2<\/a> ; <br>oder Scannt dazu den folgenden QR-Code.<\/p>\n\n\n<div class=\"wp-block-image\">\n<figure class=\"aligncenter size-full is-resized\"><img loading=\"lazy\" decoding=\"async\" width=\"300\" height=\"300\" src=\"https:\/\/boklima.de\/wp-content\/uploads\/2024\/10\/eks-petition-1.png\" alt=\"\" class=\"wp-image-14413\" style=\"width:174px;height:auto\" srcset=\"https:\/\/boklima.de\/wp-content\/uploads\/2024\/10\/eks-petition-1.png 300w, https:\/\/boklima.de\/wp-content\/uploads\/2024\/10\/eks-petition-1-150x150.png 150w\" sizes=\"auto, (max-width: 300px) 85vw, 300px\" \/><\/figure>\n<\/div>\n\n\n<h2 class=\"wp-block-heading\"><span class=\"ez-toc-section\" id=\"Rettet_unsere_Baeume_%E2%80%94_Petition_fuer_ein_bewohnbares_Bochum\"><\/span>Rettet unsere B\u00e4ume  &#8212;  <br>Petition f\u00fcr ein bewohnbares Bochum<span class=\"ez-toc-section-end\"><\/span><\/h2>\n\n\n\n<p>Aktueller Petitionstext (11.10.24, 17h) :<\/p>\n\n\n\n<p><strong>Wir fordern:<\/strong><\/p>\n\n\n\n<ul class=\"wp-block-list\">\n<li><strong>Erste Priorit\u00e4t f\u00fcr B\u00e4ume und W\u00e4lder in unserer Stadt<\/strong><\/li>\n\n\n\n<li><strong>Volle Transparenz bei Kompensationsma\u00dfnahmen<\/strong><\/li>\n<\/ul>\n\n\n\n<p>Die B\u00e4ume und W\u00e4lder unserer Stadt m\u00fcssen in planerischen Abw\u00e4gungsprozessen ein viel h\u00f6heres Gewicht bekommen! In der Vergangenheit sind schon viele verloren gegangen, einige konnten von aktiven Bochumer B\u00fcrger:innen vor der Rodung bewahrt werden. Wir wollen, dass dem Erhalt von Bochums B\u00e4umen bei allen Bauma\u00dfnahmen eine deutlich h\u00f6here Priorit\u00e4t einger\u00e4umt wird, als es bisher der Fall ist. Und im Falle von Kompensationsma\u00dfnahmen soll f\u00fcr die B\u00fcrger:innen jederzeit nachvollziehbar sein, wo und wie diese durchgef\u00fchrt werden.<\/p>\n\n\n\n<p><strong>Hier sind unsere B\u00e4ume aktuell unter Druck:<\/strong><br>(abw\u00e4rtschronologisch, wird laufend erg\u00e4nzt)<\/p>\n\n\n\n<p>Nov 2024: Im Rat unserer Stadt soll der&nbsp;<a href=\"https:\/\/bo-aktiv.de\/bebauung-erichkaestnerschule\"><strong>Bebauungsplan 0862<\/strong><\/a>&nbsp;(Ecke Markstr.\/Stiepeler Str.) beschlossen werden. Dieser beinhaltet die F\u00e4llung von \u00fcber 6.000 m\u00b2 Wald sowie weiterer B\u00e4ume, insgesamt 750 St\u00fcck, denen Gutachter \u00fcberwiegend einen mittleren oder hohen \u00f6kologischen Wert bescheinigten. Und das an einem Ort, der seit mehr als einem Jahrzehnt als &#8220;Gebiet mit einer Hitzebelastung im Ist-Zustand&#8221; gilt. Dabei k\u00f6nnte das gesamte Bauvorhaben, \u00fcberwiegend Wohnungsbau, geringf\u00fcgig kleiner umgesetzt werden. Etwa durch Verzicht auf einen geplanten Gewerbekomplex an genau dieser Stelle. Dadurch w\u00fcrden hier Wohnungen an einem Wald entstehen, anstatt an zwei stark frequentierten Stra\u00dfen.<\/p>\n\n\n\n<h3 class=\"wp-block-heading\"><span class=\"ez-toc-section\" id=\"Begruendung\"><\/span>Begr\u00fcndung<span class=\"ez-toc-section-end\"><\/span><\/h3>\n\n\n\n<p>Bochums&nbsp;<strong>Stadtb\u00e4ume und -w\u00e4lder sind unter Druck!&nbsp;<\/strong>Bei der Sanierung von Stra\u00dfen und Pl\u00e4tzen sind sie h\u00e4ufig im Weg. Bei der Entwicklung von Bauvorhaben st\u00f6ren sie. Planer:innen beginnen gerne mit einem leeren Blatt. Investor:innen sch\u00e4tzen komplett freigemachte Baufelder. Das Planen und Bauen ist einfacher, wenn man auf Baumbest\u00e4nde einfach keine R\u00fccksicht nimmt, sowohl im Hochbau, als auch im Tiefbau. Das wird den B\u00e4umen nicht selten zum Verh\u00e4ngnis. Und am Ende uns allen.<\/p>\n\n\n\n<p>Denn&nbsp;<strong>unsere waldarme Stadt wird sich weiter aufheizen<\/strong>. Schon wird \u00fcber mobile K\u00fchlr\u00e4ume in Innenst\u00e4dten nachgedacht, in denen wir Zuflucht bei zu gro\u00dfer Hitze finden sollen. Gro\u00dfe Sonnensegel sollen aufgespannt, Wasser soll permanent verspr\u00fcht werden. Aber l\u00e4sst sich das in unserer gro\u00dfen Stadt \u00fcberhaupt fl\u00e4chendeckend bewerkstelligen? Und was, wenn zus\u00e4tzlich auch noch die Wirkung verloren gegangener B\u00e4ume kompensiert werden muss? Ist es \u00fcberhaupt das, was wir uns w\u00fcnschen? Wollen wir von Schutzraum zu Schutzraum eilend die Stadt durchqueren? Wollen wir so leben?<\/p>\n\n\n\n<p>Nein, denn&nbsp;<strong>wir lieben unsere B\u00e4ume<\/strong>: sie sorgen f\u00fcr Ventilation, verstr\u00f6men ihren Duft und rauschen im WInd. Sie sind erlebbare Boten der Jahreszeiten, spenden uns Schatten und geben Tieren ein Zuhause. Sie schaffen Erholungs- und Erlebnisr\u00e4ume f\u00fcr Menschen jeden Alters.<\/p>\n\n\n\n<p>Kompensationsma\u00dfnahmen, wie sie der Gesetzgeber vorsieht, k\u00f6nnen die gleiche Wirkung nicht entfalten. Denn sie finden meist an einem anderen Ort statt, verdr\u00e4ngen dort wom\u00f6glich die Landwirtschaft und ihr bilanzieller Nutzen kommt erst Jahrzehnte sp\u00e4ter zum Tragen. Sie sollten nur das letzte Mittel sein, wenn gar nichts anderes geht. Deshalb:<br>.<br><strong>Klimawandel, das ist jetzt !!<\/strong><\/p>\n\n\n\n<p><strong>Unsere alten B\u00e4ume sind unverzichtbar, genau dort, wo sie stehen, mittendrin in der Stadt !!<\/strong><\/p>\n\n\n\n<p><strong>Unterst\u00fctzt unsere Petition f\u00fcr eine bewohnbare Stadt !!<\/strong><\/p>\n\n\n\n<p>Vielen Dank f\u00fcr Ihre Unterst\u00fctzung,&nbsp;<a href=\"https:\/\/www.openpetition.de\/organisation\/bochumer-klimaschutzbuendnis\">Bochumer Klimaschutzb\u00fcndnis&nbsp;<\/a>aus Bochum<\/p>\n\n\n\n<p><\/p>\n\n\n\n<hr class=\"wp-block-separator has-alpha-channel-opacity\"\/>\n\n\n\n<hr class=\"wp-block-separator has-alpha-channel-opacity\"\/>\n\n\n\n<h3 class=\"wp-block-heading\"><span class=\"ez-toc-section\" id=\"Vorschlag_%E2%80%94_neuer_Bebeauungsplan_mit_geretteten_Baeumen\"><\/span>Vorschlag &#8212; neuer Bebeauungsplan mit geretteten B\u00e4umen  <span class=\"ez-toc-section-end\"><\/span><\/h3>\n\n\n\n<div class=\"wp-block-algori-pdf-viewer-block-algori-pdf-viewer\"><iframe class=\"wp-block-algori-pdf-viewer-block-algori-pdf-viewer-iframe\" src=\"https:\/\/boklima.de\/wp-content\/plugins\/algori-pdf-viewer\/dist\/web\/viewer.html?file=https%3A%2F%2Fboklima.de%2Fwp-content%2Fuploads%2F2024%2F10%2F241012-eks-neuerplana-wiebaeumezurettensind.pdf\" style=\"width:499px;height:300px\"><\/iframe><\/div>\n\n\n\n<h3 class=\"wp-block-heading\"><span class=\"ez-toc-section\" id=\"Plakate_zur_Aktion_BaumRettung_an_der_EKS\"><\/span>Plakate zur Aktion BaumRettung an der EKS<span class=\"ez-toc-section-end\"><\/span><\/h3>\n\n\n\n<p>&#8211;<\/p>\n\n\n\n<div class=\"wp-block-algori-pdf-viewer-block-algori-pdf-viewer\"><iframe class=\"wp-block-algori-pdf-viewer-block-algori-pdf-viewer-iframe\" src=\"https:\/\/boklima.de\/wp-content\/plugins\/algori-pdf-viewer\/dist\/web\/viewer.html?file=https%3A%2F%2Fboklima.de%2Fwp-content%2Fuploads%2F2024%2F10%2F241012-eks-wald-bleibt-klein.pdf\" style=\"width:500px;height:300px\"><\/iframe><\/div>\n\n\n\n<hr class=\"wp-block-separator has-alpha-channel-opacity\"\/>\n\n\n\n<h3 class=\"wp-block-heading\"><span class=\"ez-toc-section\" id=\"Weitere_Infos\"><\/span>Weitere Infos :<span class=\"ez-toc-section-end\"><\/span><\/h3>\n\n\n\n<ul class=\"wp-block-list\">\n<li>(02.10.24, stadtentwicklung) <a href=\"https:\/\/stadtentwicklung.net\/2024\/10\/bebauungsplan-nr-862-markstrasse-stiepeler-strasse-kein-kahlschlag-fuer-parken-und-gewerbe\/\" data-type=\"link\" data-id=\"https:\/\/stadtentwicklung.net\/2024\/10\/bebauungsplan-nr-862-markstrasse-stiepeler-strasse-kein-kahlschlag-fuer-parken-und-gewerbe\/\">Bebauungsplan&nbsp;Nr. 862 \u201eMarkstra\u00dfe\/Stiepeler Stra\u00dfe\u201c \u2013 Kein Kahlschlag f\u00fcr Parken und Gewerbe!<\/a><\/li>\n\n\n\n<li>Zum dikutieren auf der Initiativen-Platform  https:\/\/bo-aktiv.de  :<br><a href=\"https:\/\/bo-aktiv.de\/bebauung-erichkaestnerschule\" target=\"_blank\" rel=\"noreferrer noopener\">Waldvernichtung trifft auf klimaschonende Wohnbebauung <br>Bebauungsplan 0862 &#8211; Markstra\u00dfe \/ Stiepeler Stra\u00dfe<\/a> <\/li>\n<\/ul>\n\n\n\n<hr class=\"wp-block-separator has-alpha-channel-opacity\"\/>\n\n\n\n<h3 class=\"wp-block-heading\"><span class=\"ez-toc-section\" id=\"Bilder_zur_Veranstaltung_%E2%80%98Aufhaengen_der_Plakate\"><\/span>Bilder zur Veranstaltung : &#8216;Aufh\u00e4ngen der Plakate&#8217;<span class=\"ez-toc-section-end\"><\/span><\/h3>\n\n\n\n<figure class=\"wp-block-image size-thumbnail is-resized\"><a href=\"https:\/\/boklima.de\/wp-content\/uploads\/2024\/10\/image-1.png\"><img loading=\"lazy\" decoding=\"async\" width=\"150\" height=\"150\" src=\"https:\/\/boklima.de\/wp-content\/uploads\/2024\/10\/image-1-150x150.png\" alt=\"\" class=\"wp-image-14440\" style=\"width:150px\"\/><\/a><\/figure>\n\n\n\n<p>x<\/p>\n\n\n\n<figure class=\"wp-block-image size-thumbnail\"><a href=\"https:\/\/boklima.de\/wp-content\/uploads\/2024\/10\/image-2.png\"><img loading=\"lazy\" decoding=\"async\" width=\"150\" height=\"150\" src=\"https:\/\/boklima.de\/wp-content\/uploads\/2024\/10\/image-2-150x150.png\" alt=\"\" class=\"wp-image-14443\"\/><\/a><\/figure>\n\n\n\n<p>x<\/p>\n\n\n\n<figure class=\"wp-block-image size-thumbnail\"><a href=\"https:\/\/boklima.de\/wp-content\/uploads\/2024\/10\/image-3.png\"><img loading=\"lazy\" decoding=\"async\" width=\"150\" height=\"150\" src=\"https:\/\/boklima.de\/wp-content\/uploads\/2024\/10\/image-3-150x150.png\" alt=\"\" class=\"wp-image-14444\"\/><\/a><\/figure>\n\n\n\n<p>x<\/p>\n\n\n\n<figure class=\"wp-block-image size-thumbnail\"><img loading=\"lazy\" decoding=\"async\" width=\"150\" height=\"150\" src=\"https:\/\/boklima.de\/wp-content\/uploads\/2024\/10\/image-4-150x150.png\" alt=\"\" class=\"wp-image-14445\"\/><\/figure>\n\n\n\n<p>x<\/p>\n\n\n\n<figure class=\"wp-block-image size-thumbnail\"><img loading=\"lazy\" decoding=\"async\" width=\"150\" height=\"150\" src=\"https:\/\/boklima.de\/wp-content\/uploads\/2024\/10\/image-5-150x150.png\" alt=\"\" class=\"wp-image-14447\"\/><\/figure>\n\n\n\n<p>x<\/p>\n\n\n\n<p><\/p>\n\n\n\n<hr class=\"wp-block-separator has-alpha-channel-opacity\"\/>\n\n\n\n<h3 class=\"wp-block-heading\"><span class=\"ez-toc-section\" id=\"Petitionstext_und_Begruendung_1_Fassung_299_20_50h\"><\/span>Petitionstext und Begr\u00fcndung: 1. Fassung 29.9., 20:50h<span class=\"ez-toc-section-end\"><\/span><\/h3>\n\n\n\n<hr class=\"wp-block-separator has-alpha-channel-opacity\"\/>\n\n\n\n<hr class=\"wp-block-separator has-alpha-channel-opacity\"\/>\n\n\n\n<p>Forderung:<\/p>\n\n\n\n<p>Unsere B\u00e4ume und -w\u00e4lder m\u00fcssen in planerischen Abw\u00e4gungsprozessen k\u00fcnftig ein viel h\u00f6heres Gewicht bekommen! In der Vergangenheit sind schon viele verloren gegangen, einige konnten von aktiven Bochumer B\u00fcrger:innen vor der Rodung bewahrt werden. Wir wollen, dass dem Erhalt von Bochums B\u00e4umen bei allen Bauma\u00dfnahmen eine deutlich h\u00f6here Priorit\u00e4t einger\u00e4umt wird, als es bisher der Fall ist.<\/p>\n\n\n\n<p>Aktueller Brennpunkt:<\/p>\n\n\n\n<p>Nov 2024: Im Rat unserer Stadt soll der Bebauungsplan 0862 (Ecke Markstr.\/Stiepeler Str.) beschlossen werden. Dieser beinhaltet die F\u00e4llung von \u00fcber 6.000 m\u00b2 Wald sowie weiterer B\u00e4ume, insgesamt 750 St\u00fcck, denen Gutachter \u00fcberwiegend einen mittleren oder hohen \u00f6kologischen Wert bescheinigten. Und das an einem Ort, der seit mehr als einem Jahrzehnt als &#8220;Gebiet mit einer Hitzebelastung im Ist-Zustand&#8221; gilt. Dabei k\u00f6nnte das gesamte Bauvorhaben, \u00fcberwiegend Wohnungsbau, geringf\u00fcgig herunter skaliert werden. Dadurch w\u00fcrden hier Wohnungen an einem Wald entstehen, anstatt auf einer klimatisch bedenklichen Fl\u00e4che.<\/p>\n\n\n\n<p>Begr\u00fcndung der Petition:<\/p>\n\n\n\n<p>Bochums Stadtb\u00e4ume sind unter Druck! Bei der Sanierung von Stra\u00dfen und Pl\u00e4tzen sind sie h\u00e4ufig im Weg. Bei der Entwicklung von Bauvorhaben st\u00f6ren sie. Planer:innen beginnen gerne mit einem leeren Blatt. Investor:innen sch\u00e4tzen komplett freigemachte Baufelder. Ohne R\u00fccksicht auf einen Baumbestand zu planen und zu bauen ist einfacher, sowohl im Hochbau als auch im Tiefbau. Das wird den B\u00e4umen nicht selten zum Verh\u00e4ngnis, und uns.<\/p>\n\n\n\n<p>Denn unsere Stadt wird sich weiter aufheizen. Schon wird \u00fcber mobile K\u00fchlr\u00e4ume in Innenst\u00e4dten nachgedacht, in denen wir Zuflucht bei zu gro\u00dfer Hitze finden sollen. Gro\u00dfe Sonnensegel sollen aufgespannt, Wasser soll permanent verspr\u00fcht werden. Die Anpassung an den Klimawandel ist mit enormem Aufwand verbunden und wird nicht fl\u00e4chendeckend greifen. Schon gar nicht, wenn zus\u00e4tzlich auch noch die Wirkung verloren gegangener B\u00e4ume kompensiert werden muss, soweit das \u00fcberhaupt m\u00f6glich ist.<\/p>\n\n\n\n<p>Es ist zwar gut, dass Baumverluste in unserem Land kompensiert werden m\u00fcssen. Doch die Kompensationsmechanismen sind nur Behelfe, die dort, wo ein alter Baumbestand verschwindet, meist keine Wirkung zeigen.<\/p>\n\n\n\n<p>Unsere alten B\u00e4ume sind unverzichtbar, genau dort, mittendrin in der Stadt.<\/p>\n\n\n\n<figure class=\"wp-block-image size-full\"><img loading=\"lazy\" decoding=\"async\" width=\"728\" height=\"485\" src=\"https:\/\/boklima.de\/wp-content\/uploads\/2024\/10\/image.png\" alt=\"\" class=\"wp-image-14419\" srcset=\"https:\/\/boklima.de\/wp-content\/uploads\/2024\/10\/image.png 728w, https:\/\/boklima.de\/wp-content\/uploads\/2024\/10\/image-300x200.png 300w\" sizes=\"auto, (max-width: 709px) 85vw, (max-width: 909px) 67vw, (max-width: 984px) 61vw, (max-width: 1362px) 45vw, 600px\" \/><\/figure>\n<div id=\"ez-toc-container\" class=\"ez-toc-v2_0_82_2 counter-hierarchy ez-toc-counter ez-toc-transparent ez-toc-container-direction\">\n<div class=\"ez-toc-title-container\">\n<p class=\"ez-toc-title\" style=\"cursor:inherit\">Inhalte dieser Seite :<\/p>\n<span class=\"ez-toc-title-toggle\"><a href=\"#\" class=\"ez-toc-pull-right ez-toc-btn ez-toc-btn-xs ez-toc-btn-default ez-toc-toggle\" aria-label=\"Toggle Table of Content\"><span class=\"ez-toc-js-icon-con\"><span class=\"\"><span class=\"eztoc-hide\" style=\"display:none;\">Toggle<\/span><span class=\"ez-toc-icon-toggle-span\"><svg style=\"fill: #999;color:#999\" xmlns=\"http:\/\/www.w3.org\/2000\/svg\" class=\"list-377408\" width=\"20px\" height=\"20px\" viewBox=\"0 0 24 24\" fill=\"none\"><path d=\"M6 6H4v2h2V6zm14 0H8v2h12V6zM4 11h2v2H4v-2zm16 0H8v2h12v-2zM4 16h2v2H4v-2zm16 0H8v2h12v-2z\" fill=\"currentColor\"><\/path><\/svg><svg style=\"fill: #999;color:#999\" class=\"arrow-unsorted-368013\" xmlns=\"http:\/\/www.w3.org\/2000\/svg\" width=\"10px\" height=\"10px\" viewBox=\"0 0 24 24\" version=\"1.2\" baseProfile=\"tiny\"><path d=\"M18.2 9.3l-6.2-6.3-6.2 6.3c-.2.2-.3.4-.3.7s.1.5.3.7c.2.2.4.3.7.3h11c.3 0 .5-.1.7-.3.2-.2.3-.5.3-.7s-.1-.5-.3-.7zM5.8 14.7l6.2 6.3 6.2-6.3c.2-.2.3-.5.3-.7s-.1-.5-.3-.7c-.2-.2-.4-.3-.7-.3h-11c-.3 0-.5.1-.7.3-.2.2-.3.5-.3.7s.1.5.3.7z\"\/><\/svg><\/span><\/span><\/span><\/a><\/span><\/div>\n<nav><ul class='ez-toc-list ez-toc-list-level-1 eztoc-toggle-hide-by-default' ><li class='ez-toc-page-1 ez-toc-heading-level-2'><a class=\"ez-toc-link ez-toc-heading-1\" href=\"https:\/\/boklima.de\/?p=14405\/#Rettet_unsere_Baeume_%E2%80%94_Petition_fuer_ein_bewohnbares_Bochum\" >Rettet unsere B\u00e4ume  &#8212;   Petition f\u00fcr ein bewohnbares Bochum<\/a><ul class='ez-toc-list-level-3' ><li class='ez-toc-heading-level-3'><a class=\"ez-toc-link ez-toc-heading-2\" href=\"https:\/\/boklima.de\/?p=14405\/#Begruendung\" >Begr\u00fcndung<\/a><\/li><li class='ez-toc-page-1 ez-toc-heading-level-3'><a class=\"ez-toc-link ez-toc-heading-3\" href=\"https:\/\/boklima.de\/?p=14405\/#Vorschlag_%E2%80%94_neuer_Bebeauungsplan_mit_geretteten_Baeumen\" >Vorschlag &#8212; neuer Bebeauungsplan mit geretteten B\u00e4umen<\/a><\/li><li class='ez-toc-page-1 ez-toc-heading-level-3'><a class=\"ez-toc-link ez-toc-heading-4\" href=\"https:\/\/boklima.de\/?p=14405\/#Plakate_zur_Aktion_BaumRettung_an_der_EKS\" >Plakate zur Aktion BaumRettung an der EKS<\/a><\/li><li class='ez-toc-page-1 ez-toc-heading-level-3'><a class=\"ez-toc-link ez-toc-heading-5\" href=\"https:\/\/boklima.de\/?p=14405\/#Weitere_Infos\" >Weitere Infos :<\/a><\/li><li class='ez-toc-page-1 ez-toc-heading-level-3'><a class=\"ez-toc-link ez-toc-heading-6\" href=\"https:\/\/boklima.de\/?p=14405\/#Bilder_zur_Veranstaltung_%E2%80%98Aufhaengen_der_Plakate\" >Bilder zur Veranstaltung : &#8216;Aufh\u00e4ngen der Plakate&#8217;<\/a><\/li><li class='ez-toc-page-1 ez-toc-heading-level-3'><a class=\"ez-toc-link ez-toc-heading-7\" href=\"https:\/\/boklima.de\/?p=14405\/#Petitionstext_und_Begruendung_1_Fassung_299_20_50h\" >Petitionstext und Begr\u00fcndung: 1. Fassung 29.9., 20:50h<\/a><\/li><\/ul><\/li><\/ul><\/nav><\/div>\n","protected":false},"excerpt":{"rendered":"<p>Die Stadt will mit der Umsetzung des\u00a0Bebauungsplans 0862\u00a0an der Ecke Markstra\u00dfe Stiepeler Stra\u00dfe f\u00fcr\u00a0Parkpl\u00e4tze und Gewerbe\u00a0einen Wald f\u00e4llen. Mehrere\u00a0Bochumer Umweltinitiativen\u00a0haben unter Beteiligung des AkU , BoKlima , &#8230; eine\u00a0Petition\u00a0online gestellt um die B\u00e4ume zu retten. Wir freuen uns \u00fcber viele Unterschriften zur Unterst\u00fctzung der Petition. Unterschreiben Sie bitte unsere Petition ;Link zur Petition : https:\/\/www.openpetition.de\/petition\/online\/rettet-bochums-baeume-fuer-eine-bewohnbare-stadt-2 &hellip; <a href=\"https:\/\/boklima.de\/?p=14405\" class=\"more-link\"><span class=\"screen-reader-text\">\u201eRettet unsere B\u00e4ume &#8212; Petition f\u00fcr ein bewohnbares Bochum\u201c <\/span>weiterlesen<\/a><\/p>\n","protected":false},"author":2,"featured_media":14419,"comment_status":"open","ping_status":"open","sticky":false,"template":"","format":"standard","meta":{"ngg_post_thumbnail":0,"footnotes":"","_share_on_mastodon":"0"},"categories":[155,104],"tags":[281,323,324,325,326],"class_list":["post-14405","post","type-post","status-publish","format-standard","has-post-thumbnail","hentry","category-relevant-boklima","category-oeffentlich-fuer-alle-site-besucher-lesbar","tag-petition","tag-wald","tag-waldrettung","tag-baum","tag-baumrettung"],"share_on_mastodon":{"url":"","error":""},"rttpg_featured_image_url":{"full":["https:\/\/boklima.de\/wp-content\/uploads\/2024\/10\/image.png",728,485,false],"landscape":["https:\/\/boklima.de\/wp-content\/uploads\/2024\/10\/image.png",728,485,false],"portraits":["https:\/\/boklima.de\/wp-content\/uploads\/2024\/10\/image.png",728,485,false],"thumbnail":["https:\/\/boklima.de\/wp-content\/uploads\/2024\/10\/image-150x150.png",150,150,true],"medium":["https:\/\/boklima.de\/wp-content\/uploads\/2024\/10\/image-300x200.png",300,200,true],"large":["https:\/\/boklima.de\/wp-content\/uploads\/2024\/10\/image.png",728,485,false],"1536x1536":["https:\/\/boklima.de\/wp-content\/uploads\/2024\/10\/image.png",728,485,false],"2048x2048":["https:\/\/boklima.de\/wp-content\/uploads\/2024\/10\/image.png",728,485,false],"post-thumbnail":["https:\/\/boklima.de\/wp-content\/uploads\/2024\/10\/image.png",728,485,false]},"rttpg_author":{"display_name":"thomas - als admin","author_link":"https:\/\/boklima.de\/?author=2"},"rttpg_comment":1,"rttpg_category":"<a href=\"https:\/\/boklima.de\/?cat=155\" rel=\"category\">relevant-BoKlima<\/a> <a href=\"https:\/\/boklima.de\/?cat=104\" rel=\"category\">\u00f6ffentlich (f\u00fcr alle lesbar)<\/a>","rttpg_excerpt":"Die Stadt will mit der Umsetzung des\u00a0Bebauungsplans 0862\u00a0an der Ecke Markstra\u00dfe Stiepeler Stra\u00dfe f\u00fcr\u00a0Parkpl\u00e4tze und Gewerbe\u00a0einen Wald f\u00e4llen. Mehrere\u00a0Bochumer Umweltinitiativen\u00a0haben unter Beteiligung des AkU , BoKlima , &#8230; eine\u00a0Petition\u00a0online gestellt um die B\u00e4ume zu retten. Wir freuen uns \u00fcber viele Unterschriften zur Unterst\u00fctzung der Petition. Unterschreiben Sie bitte unsere Petition ;Link zur Petition : https:\/\/www.openpetition.de\/petition\/online\/rettet-bochums-baeume-fuer-eine-bewohnbare-stadt-2&hellip;","_links":{"self":[{"href":"https:\/\/boklima.de\/index.php?rest_route=\/wp\/v2\/posts\/14405","targetHints":{"allow":["GET"]}}],"collection":[{"href":"https:\/\/boklima.de\/index.php?rest_route=\/wp\/v2\/posts"}],"about":[{"href":"https:\/\/boklima.de\/index.php?rest_route=\/wp\/v2\/types\/post"}],"author":[{"embeddable":true,"href":"https:\/\/boklima.de\/index.php?rest_route=\/wp\/v2\/users\/2"}],"replies":[{"embeddable":true,"href":"https:\/\/boklima.de\/index.php?rest_route=%2Fwp%2Fv2%2Fcomments&post=14405"}],"version-history":[{"count":10,"href":"https:\/\/boklima.de\/index.php?rest_route=\/wp\/v2\/posts\/14405\/revisions"}],"predecessor-version":[{"id":14452,"href":"https:\/\/boklima.de\/index.php?rest_route=\/wp\/v2\/posts\/14405\/revisions\/14452"}],"wp:featuredmedia":[{"embeddable":true,"href":"https:\/\/boklima.de\/index.php?rest_route=\/wp\/v2\/media\/14419"}],"wp:attachment":[{"href":"https:\/\/boklima.de\/index.php?rest_route=%2Fwp%2Fv2%2Fmedia&parent=14405"}],"wp:term":[{"taxonomy":"category","embeddable":true,"href":"https:\/\/boklima.de\/index.php?rest_route=%2Fwp%2Fv2%2Fcategories&post=14405"},{"taxonomy":"post_tag","embeddable":true,"href":"https:\/\/boklima.de\/index.php?rest_route=%2Fwp%2Fv2%2Ftags&post=14405"}],"curies":[{"name":"wp","href":"https:\/\/api.w.org\/{rel}","templated":true}]}}