{"id":14296,"date":"2024-07-16T23:40:27","date_gmt":"2024-07-16T21:40:27","guid":{"rendered":"https:\/\/boklima.de\/?p=14296"},"modified":"2024-07-16T23:56:02","modified_gmt":"2024-07-16T21:56:02","slug":"tv-tip-neues-vom-klima-die-anstalt-sehenswert","status":"publish","type":"post","link":"https:\/\/boklima.de\/?p=14296","title":{"rendered":"TV-Tip : Neues vom Klima\u00a0&#8212; die Anstalt &#8212; sehenswert"},"content":{"rendered":"\n<p>Link zu : &#8220;<a href=\"https:\/\/www.zdf.de\/comedy\/die-anstalt\/die-anstalt-vom-16-juli-2024-100.html\" data-type=\"link\" data-id=\"https:\/\/www.zdf.de\/comedy\/die-anstalt\/die-anstalt-vom-16-juli-2024-100.html\" target=\"_blank\" rel=\"noreferrer noopener nofollow\">Die Anstalt vom 16. Juli 2024<\/a>&#8221; : Politsatire mit Max Uthoff und Maike K\u00fchl.<\/p>\n\n\n\n<p>Bevor es in den Sommerurlaub geht, schaut das Anstaltsteam auf die klimatischen Bedingungen. Dabei geht es nicht ums Reisewetter, sondern vielmehr um den aktuellen Stand der Klimaziele.<\/p>\n\n\n\n<p>In ihren satirischen Klimastandsmeldungen pr\u00fcfen Maike K\u00fchl und Max Uthoff unter anderem den Reduzierungs-Fortschritt in Sachen globale Erw\u00e4rmung und CO2-Aussto\u00df. Julia G\u00e1mez Martin, Judith Richter und Nils Heinrich unterst\u00fctzen die kabarettistischen Nachforschungen.<\/p>\n\n\n\n<p><\/p>\n\n\n\n<p>Faktencheck zu Sendung : <a href=\"https:\/\/www.zdf.de\/assets\/faktencheck-vom-16-juli-2024-100~original?cb=1721163989249\" data-type=\"link\" data-id=\"https:\/\/www.zdf.de\/assets\/faktencheck-vom-16-juli-2024-100~original?cb=1721163989249\" target=\"_blank\" rel=\"noreferrer noopener nofollow\">hier<\/a>  <\/p>\n\n\n\n<blockquote class=\"wp-block-quote is-layout-flow wp-block-quote-is-layout-flow\">\n<p>Stimmt das denn wirklich, was diese gr\u00f6\u00dfenwahnsinnigen Besetzer da in der Anstalt erzapfen? Das fragen immer wieder viele verunsicherte Zuschauer. M\u00fcssen wir wom\u00f6glich unser Weltbild nachbessern \u2013 und wie sollen wir uns das eigentlich leisten? Die Anstaltsleitung teilt Ihnen mit: Zur Beruhigung besteht keinerlei Anlass, es ist alles genau so gemeint, wie es nicht gesagt wurde. Wenn Sie das nicht glauben k\u00f6nnen, \u00fcberzeugen Sie sich selbst bei folgenden anderen Quellen, von denen wir uns alle gleicherma\u00dfen distanzieren. Wir sind ja schlie\u00dflich nicht wahnsinnig&#8230;<\/p>\n\n\n\n<p>\u201eKlima nach zehn\u201d Der Juni war der hei\u00dfeste Monat seit Beginn der Aufzeichnungen. Genau wie alle 12 Monate davor. &#8230;. <\/p>\n<\/blockquote>\n\n\n\n<p><\/p>\n\n\n\n<div class=\"wp-block-algori-pdf-viewer-block-algori-pdf-viewer\"><iframe class=\"wp-block-algori-pdf-viewer-block-algori-pdf-viewer-iframe\" src=\"https:\/\/boklima.de\/wp-content\/plugins\/algori-pdf-viewer\/dist\/web\/viewer.html?file=https%3A%2F%2Fboklima.de%2Fwp-content%2Fuploads%2F2024%2F07%2F240716-faktencheck-vom-16-juli-2024-100.pdf\" style=\"width:500px;height:680px\"><\/iframe><\/div>\n\n\n\n<h2 class=\"wp-block-heading\"><span class=\"ez-toc-section\" id=\"weitere_Links_aus_dem_Faktencheck\"><\/span>weitere Links aus dem Faktencheck<span class=\"ez-toc-section-end\"><\/span><\/h2>\n\n\n\n<ul class=\"wp-block-list\">\n<li><a href=\"https:\/\/www.forschung-und-wissen.de\/nachrichten\/umwelt\/heissester-juni-seit-beginn-der-aufzeichnungen-13379166\">https:\/\/www.forschung-und-wissen.de\/nachrichten\/umwelt\/heissester-juni-seit-beginn-der-aufzeichnungen-13379166<\/a><\/li>\n\n\n\n<li><a href=\"https:\/\/www.tagesschau.de\/wissen\/klima\/klimaerwaermung-copernicus-100.html\">https:\/\/www.tagesschau.de\/wissen\/klima\/klimaerwaermung-copernicus-100.html<\/a><\/li>\n\n\n\n<li><a href=\"https:\/\/www.zdf.de\/nachrichten\/panorama\/wetter-rekordjahr-waerme-hitze-klimawandel-treibhausgasemissionen-erneuerbare-energien-100.html\">https:\/\/www.zdf.de\/nachrichten\/panorama\/wetter-rekordjahr-waerme-hitze-klimawandel-treibhausgasemissionen-erneuerbare-energien-100.html<\/a><\/li>\n\n\n\n<li><a href=\"https:\/\/www.tagesschau.de\/wetter\/wetterthema\/klimasensitivitaet-100.html\">https:\/\/www.tagesschau.de\/wetter\/wetterthema\/klimasensitivitaet-100.html<\/a><\/li>\n\n\n\n<li><a href=\"https:\/\/at.scientists4future.org\/die-zeit-laeuft-uns-davon-die-co2-uhr\">https:\/\/at.scientists4future.org\/die-zeit-laeuft-uns-davon-die-co2-uhr<\/a><\/li>\n\n\n\n<li><a href=\"https:\/\/www.umweltbundesamt.de\/daten\/klima\/atmosphaerische-treibhausgas-konzentrationen#kohlendioxid-\">https:\/\/www.umweltbundesamt.de\/daten\/klima\/atmosphaerische-treibhausgas-konzentrationen#kohlendioxid-<\/a><\/li>\n<\/ul>\n\n\n\n<hr class=\"wp-block-separator has-alpha-channel-opacity\"\/>\n\n\n\n<h2 class=\"wp-block-heading\"><span class=\"ez-toc-section\" id=\"weitere_%E2%80%98Anstalten_zum_Thema\"><\/span>weitere &#8216;Anstalten&#8217; zum Thema<span class=\"ez-toc-section-end\"><\/span><\/h2>\n\n\n\n<h3 class=\"wp-block-heading\"><span class=\"ez-toc-section\" id=\"110723_Die_ganz_normale_Anstalt\"><\/span>(11.07.23), <a href=\"https:\/\/www.zdf.de\/comedy\/die-anstalt\/die-anstalt-vom-11-juli-2023-100.html\" target=\"_blank\" rel=\"noreferrer noopener nofollow\">Die (ganz normale) Anstalt<\/a><span class=\"ez-toc-section-end\"><\/span><\/h3>\n\n\n\n<p>Energiewende, W\u00e4rmepumpen, Heizungsgesetz; rechte Parteien in Europa; Ern\u00e4hrung in Zeiten des Klimawandels; Selbstbestimmungsgesetz; Gendern und Anti-Gendern<\/p>\n\n\n\n<h3 class=\"wp-block-heading\"><span class=\"ez-toc-section\" id=\"250423_FDP_betreibt_Klimaleugnung_Die_Anstalt\"><\/span>(25.04.23) , <a href=\"https:\/\/www.youtube.com\/watch?v=F9W_JdItoyM\" target=\"_blank\" rel=\"noreferrer noopener nofollow\">FDP betreibt Klimaleugnung | Die Anstalt<\/a><span class=\"ez-toc-section-end\"><\/span><\/h3>\n\n\n\n<p>E-Fuels oder doch eher \u201e\u00d6-Fuels\u201c? <br>Verkehrsaufkommen, Bauvorhaben und Innovationen auf Deutschlands Stra\u00dfen<\/p>\n\n\n\n<h4 class=\"wp-block-heading\"><span class=\"ez-toc-section\" id=\"Klimawandel\"><\/span>Klimawandel<span class=\"ez-toc-section-end\"><\/span><\/h4>\n\n\n\n<p>United Nations \u2022 Der Begriff \u201eKlimawandel\u201c bezeichnet langfristige Temparatur- und Wetterver\u00e4nderungen, die haupts\u00e4chlich durch menschliche Aktivit\u00e4ten verursacht sind, insbesondere durch die Verbrennung fossiler Brennstoffe.<\/p>\n\n\n\n<p>Ganze Sendung : <a href=\"https:\/\/www.zdf.de\/comedy\/die-anstalt\/die-anstalt-vom-25-april-2023-100.html\" data-type=\"link\" data-id=\"https:\/\/www.zdf.de\/comedy\/die-anstalt\/die-anstalt-vom-25-april-2023-100.html\" target=\"_blank\" rel=\"noreferrer noopener nofollow\">hier<\/a> ; Die Anstalt-<a href=\"https:\/\/www.zdf.de\/assets\/faktencheck-25-april-2023-100~original?cb=1721165658210\">Der Faktencheck zur Sendung vom 25. April 2023&nbsp;<\/a><\/p>\n\n\n\n<figure class=\"wp-block-image size-full is-style-default\"><img loading=\"lazy\" decoding=\"async\" width=\"807\" height=\"495\" src=\"https:\/\/boklima.de\/wp-content\/uploads\/2024\/07\/grafik-12.png\" alt=\"\" class=\"wp-image-14299\" srcset=\"https:\/\/boklima.de\/wp-content\/uploads\/2024\/07\/grafik-12.png 807w, https:\/\/boklima.de\/wp-content\/uploads\/2024\/07\/grafik-12-300x184.png 300w, https:\/\/boklima.de\/wp-content\/uploads\/2024\/07\/grafik-12-768x471.png 768w\" sizes=\"auto, (max-width: 709px) 85vw, (max-width: 909px) 67vw, (max-width: 984px) 61vw, (max-width: 1362px) 45vw, 600px\" \/><\/figure>\n\n\n\n<p><\/p>\n\n\n\n<p>Andreas Scheuer wird von Volker Wissing gefragt, warum es beim Klimaschutz nicht vorw\u00e4rtsgeht. <a href=\"https:\/\/www.youtube.com\/redirect?event=video_description&amp;redir_token=QUFFLUhqazNiVWFTSWhnQWlacldsanUycnBnbDdEeTBuZ3xBQ3Jtc0trbWRKWFBsdEJHLXZsRERZWTNtSDRrQmpIX05KNTNJa3RWb0N6TzEycm00OGJuTGRaWlljY2FGX1Q4bzZVVWRmS0VrbG1IZlFSMHZwOUJfQ1hTVXM5OVlGdTdmNVI2MEdKSXZrTE5WSFhYYXpKNGFQbw&amp;q=https%3A%2F%2Fwww.zdf.de%2Fcomedy%2Fdie-anstalt%2Fdie-anstalt-vom-25-april-2023-100.html&amp;v=F9W_JdItoyM\" target=\"_blank\" rel=\"noreferrer noopener\">https:\/\/www.zdf.de\/comedy\/die-anstalt&#8230;<\/a> Es stellt sich heraus, dass Volker Wissing durch eine k\u00fcnstliche Intelligenz, die von Max Uthoff gespielt wird, ersetzt wurde. Wissing erkl\u00e4rt, dass Menschen oft irrational sind und dass k\u00fcnstliche Intelligenzen evidenzbasiert arbeiten. Er berichtet Andreas Scheuer von einer FDP-Studie, die ein Tempolimit von 120 km\/h auf deutschen Autobahnen als ineffektiv zur Reduzierung von CO\u2082-Emissionen eigentlich bewertet haben sollte. Doch \u00fcberraschenderweise ergab diese Studie des Umweltbundesamts im Auftrag des Bundesverkehrsministeriums eine Einsparung von 6,7 Mio. Tonnen CO\u2082 pro Jahr durch ein solches Tempolimit. Aufzeichnung vom 25.04.2023<\/p>\n\n\n\n<h3 class=\"wp-block-heading\"><span class=\"ez-toc-section\" id=\"240522_Klimawandel\"><\/span>(24.05.22) , <a href=\"https:\/\/archive.org\/details\/2022-05_Die-Anstalt_Klima-Politik_Politsatire-mit-Uthoff-u-v-Wagner\" target=\"_blank\" rel=\"noreferrer noopener nofollow\">Klimawandel <\/a><span class=\"ez-toc-section-end\"><\/span><\/h3>\n\n\n\n<p>Tesla Gigafactory, Erderw\u00e4rmung, 1,5-Grad-Ziel, Photovoltaik, EEG-Umlage, \u00d6lheizungen, Windkraftausbau, Gr\u00fcnes Wachstum<\/p>\n\n\n\n<p><strong>Die Anstaltscrew auf Klimamission \u2013 Mit Gisa Flake, Maike K\u00fchl und Maxi Gstettenbauer<\/strong><\/p>\n\n\n\n<p>Die USS Enterprise kehrt zur\u00fcck zur Erde. Auf ihrer Mission suchen Max Uthoff und Claus von Wagner, zusammen mit Gisa Flake, Maxi Gstettenbauer und Maike K\u00fchl, in den unendlichen Weiten des Klimawandels nach einer L\u00f6sung zur Rettung der Menschheit.<\/p>\n\n\n\n<hr class=\"wp-block-separator has-alpha-channel-opacity\"\/>\n\n\n\n<h2 class=\"wp-block-heading\"><span class=\"ez-toc-section\" id=\"Ueberblick_alle_%E2%80%98Anstalten_bei_Wikipedia\"><\/span><a href=\"https:\/\/de.wikipedia.org\/wiki\/Die_Anstalt\/Episodenliste\" data-type=\"link\" data-id=\"https:\/\/de.wikipedia.org\/wiki\/Die_Anstalt\/Episodenliste\" target=\"_blank\" rel=\"noreferrer noopener nofollow\">\u00dcberblick alle &#8216;Anstalten&#8217; bei Wikipedia<\/a><span class=\"ez-toc-section-end\"><\/span><\/h2>\n\n\n\n<p><\/p>\n<div id=\"ez-toc-container\" class=\"ez-toc-v2_0_82_2 counter-hierarchy ez-toc-counter ez-toc-transparent ez-toc-container-direction\">\n<div class=\"ez-toc-title-container\">\n<p class=\"ez-toc-title\" style=\"cursor:inherit\">Inhalte dieser Seite :<\/p>\n<span class=\"ez-toc-title-toggle\"><a href=\"#\" class=\"ez-toc-pull-right ez-toc-btn ez-toc-btn-xs ez-toc-btn-default ez-toc-toggle\" aria-label=\"Toggle Table of Content\"><span class=\"ez-toc-js-icon-con\"><span class=\"\"><span class=\"eztoc-hide\" style=\"display:none;\">Toggle<\/span><span class=\"ez-toc-icon-toggle-span\"><svg style=\"fill: #999;color:#999\" xmlns=\"http:\/\/www.w3.org\/2000\/svg\" class=\"list-377408\" width=\"20px\" height=\"20px\" viewBox=\"0 0 24 24\" fill=\"none\"><path d=\"M6 6H4v2h2V6zm14 0H8v2h12V6zM4 11h2v2H4v-2zm16 0H8v2h12v-2zM4 16h2v2H4v-2zm16 0H8v2h12v-2z\" fill=\"currentColor\"><\/path><\/svg><svg style=\"fill: #999;color:#999\" class=\"arrow-unsorted-368013\" xmlns=\"http:\/\/www.w3.org\/2000\/svg\" width=\"10px\" height=\"10px\" viewBox=\"0 0 24 24\" version=\"1.2\" baseProfile=\"tiny\"><path d=\"M18.2 9.3l-6.2-6.3-6.2 6.3c-.2.2-.3.4-.3.7s.1.5.3.7c.2.2.4.3.7.3h11c.3 0 .5-.1.7-.3.2-.2.3-.5.3-.7s-.1-.5-.3-.7zM5.8 14.7l6.2 6.3 6.2-6.3c.2-.2.3-.5.3-.7s-.1-.5-.3-.7c-.2-.2-.4-.3-.7-.3h-11c-.3 0-.5.1-.7.3-.2.2-.3.5-.3.7s.1.5.3.7z\"\/><\/svg><\/span><\/span><\/span><\/a><\/span><\/div>\n<nav><ul class='ez-toc-list ez-toc-list-level-1 eztoc-toggle-hide-by-default' ><li class='ez-toc-page-1 ez-toc-heading-level-2'><a class=\"ez-toc-link ez-toc-heading-1\" href=\"https:\/\/boklima.de\/?p=14296\/#weitere_Links_aus_dem_Faktencheck\" >weitere Links aus dem Faktencheck<\/a><\/li><li class='ez-toc-page-1 ez-toc-heading-level-2'><a class=\"ez-toc-link ez-toc-heading-2\" href=\"https:\/\/boklima.de\/?p=14296\/#weitere_%E2%80%98Anstalten_zum_Thema\" >weitere &#8216;Anstalten&#8217; zum Thema<\/a><ul class='ez-toc-list-level-3' ><li class='ez-toc-heading-level-3'><a class=\"ez-toc-link ez-toc-heading-3\" href=\"https:\/\/boklima.de\/?p=14296\/#110723_Die_ganz_normale_Anstalt\" >(11.07.23), Die (ganz normale) Anstalt<\/a><\/li><li class='ez-toc-page-1 ez-toc-heading-level-3'><a class=\"ez-toc-link ez-toc-heading-4\" href=\"https:\/\/boklima.de\/?p=14296\/#250423_FDP_betreibt_Klimaleugnung_Die_Anstalt\" >(25.04.23) , FDP betreibt Klimaleugnung | Die Anstalt<\/a><ul class='ez-toc-list-level-4' ><li class='ez-toc-heading-level-4'><a class=\"ez-toc-link ez-toc-heading-5\" href=\"https:\/\/boklima.de\/?p=14296\/#Klimawandel\" >Klimawandel<\/a><\/li><\/ul><\/li><li class='ez-toc-page-1 ez-toc-heading-level-3'><a class=\"ez-toc-link ez-toc-heading-6\" href=\"https:\/\/boklima.de\/?p=14296\/#240522_Klimawandel\" >(24.05.22) , Klimawandel<\/a><\/li><\/ul><\/li><li class='ez-toc-page-1 ez-toc-heading-level-2'><a class=\"ez-toc-link ez-toc-heading-7\" href=\"https:\/\/boklima.de\/?p=14296\/#Ueberblick_alle_%E2%80%98Anstalten_bei_Wikipedia\" >\u00dcberblick alle &#8216;Anstalten&#8217; bei Wikipedia<\/a><\/li><\/ul><\/nav><\/div>\n","protected":false},"excerpt":{"rendered":"<p>Link zu : &#8220;Die Anstalt vom 16. Juli 2024&#8221; : Politsatire mit Max Uthoff und Maike K\u00fchl. Bevor es in den Sommerurlaub geht, schaut das Anstaltsteam auf die klimatischen Bedingungen. Dabei geht es nicht ums Reisewetter, sondern vielmehr um den aktuellen Stand der Klimaziele. In ihren satirischen Klimastandsmeldungen pr\u00fcfen Maike K\u00fchl und Max Uthoff unter &hellip; <a href=\"https:\/\/boklima.de\/?p=14296\" class=\"more-link\"><span class=\"screen-reader-text\">\u201eTV-Tip : Neues vom Klima\u00a0&#8212; die Anstalt &#8212; sehenswert\u201c <\/span>weiterlesen<\/a><\/p>\n","protected":false},"author":2,"featured_media":14297,"comment_status":"open","ping_status":"open","sticky":false,"template":"","format":"standard","meta":{"ngg_post_thumbnail":0,"footnotes":"","_share_on_mastodon":"0"},"categories":[157,158,159,104,130,129],"tags":[279,297,316,317],"class_list":["post-14296","post","type-post","status-publish","format-standard","has-post-thumbnail","hentry","category-relevant-klimanews","category-verkehr","category-energie","category-oeffentlich-fuer-alle-site-besucher-lesbar","category-co2-einsparen","category-co2","tag-industrie","tag-co2-2","tag-klima-2","tag-klimawandel-2"],"share_on_mastodon":{"url":"https:\/\/ruhr.social\/@BoKlima\/112798337177839953","error":""},"rttpg_featured_image_url":{"full":["https:\/\/boklima.de\/wp-content\/uploads\/2024\/07\/grafik-11.png",851,571,false],"landscape":["https:\/\/boklima.de\/wp-content\/uploads\/2024\/07\/grafik-11.png",851,571,false],"portraits":["https:\/\/boklima.de\/wp-content\/uploads\/2024\/07\/grafik-11.png",851,571,false],"thumbnail":["https:\/\/boklima.de\/wp-content\/uploads\/2024\/07\/grafik-11-150x150.png",150,150,true],"medium":["https:\/\/boklima.de\/wp-content\/uploads\/2024\/07\/grafik-11-300x201.png",300,201,true],"large":["https:\/\/boklima.de\/wp-content\/uploads\/2024\/07\/grafik-11.png",840,564,false],"1536x1536":["https:\/\/boklima.de\/wp-content\/uploads\/2024\/07\/grafik-11.png",851,571,false],"2048x2048":["https:\/\/boklima.de\/wp-content\/uploads\/2024\/07\/grafik-11.png",851,571,false],"post-thumbnail":["https:\/\/boklima.de\/wp-content\/uploads\/2024\/07\/grafik-11.png",851,571,false]},"rttpg_author":{"display_name":"thomas - als admin","author_link":"https:\/\/boklima.de\/?author=2"},"rttpg_comment":0,"rttpg_category":"<a href=\"https:\/\/boklima.de\/?cat=157\" rel=\"category\">relevant-KlimaNews<\/a> <a href=\"https:\/\/boklima.de\/?cat=158\" rel=\"category\">Verkehr<\/a> <a href=\"https:\/\/boklima.de\/?cat=159\" rel=\"category\">Energie<\/a> <a href=\"https:\/\/boklima.de\/?cat=104\" rel=\"category\">\u00f6ffentlich (f\u00fcr alle lesbar)<\/a> <a href=\"https:\/\/boklima.de\/?cat=130\" rel=\"category\">CO2-einsparen<\/a> <a href=\"https:\/\/boklima.de\/?cat=129\" rel=\"category\">CO2<\/a>","rttpg_excerpt":"Link zu : &#8220;Die Anstalt vom 16. Juli 2024&#8221; : Politsatire mit Max Uthoff und Maike K\u00fchl. Bevor es in den Sommerurlaub geht, schaut das Anstaltsteam auf die klimatischen Bedingungen. Dabei geht es nicht ums Reisewetter, sondern vielmehr um den aktuellen Stand der Klimaziele. In ihren satirischen Klimastandsmeldungen pr\u00fcfen Maike K\u00fchl und Max Uthoff unter&hellip;","_links":{"self":[{"href":"https:\/\/boklima.de\/index.php?rest_route=\/wp\/v2\/posts\/14296","targetHints":{"allow":["GET"]}}],"collection":[{"href":"https:\/\/boklima.de\/index.php?rest_route=\/wp\/v2\/posts"}],"about":[{"href":"https:\/\/boklima.de\/index.php?rest_route=\/wp\/v2\/types\/post"}],"author":[{"embeddable":true,"href":"https:\/\/boklima.de\/index.php?rest_route=\/wp\/v2\/users\/2"}],"replies":[{"embeddable":true,"href":"https:\/\/boklima.de\/index.php?rest_route=%2Fwp%2Fv2%2Fcomments&post=14296"}],"version-history":[{"count":2,"href":"https:\/\/boklima.de\/index.php?rest_route=\/wp\/v2\/posts\/14296\/revisions"}],"predecessor-version":[{"id":14302,"href":"https:\/\/boklima.de\/index.php?rest_route=\/wp\/v2\/posts\/14296\/revisions\/14302"}],"wp:featuredmedia":[{"embeddable":true,"href":"https:\/\/boklima.de\/index.php?rest_route=\/wp\/v2\/media\/14297"}],"wp:attachment":[{"href":"https:\/\/boklima.de\/index.php?rest_route=%2Fwp%2Fv2%2Fmedia&parent=14296"}],"wp:term":[{"taxonomy":"category","embeddable":true,"href":"https:\/\/boklima.de\/index.php?rest_route=%2Fwp%2Fv2%2Fcategories&post=14296"},{"taxonomy":"post_tag","embeddable":true,"href":"https:\/\/boklima.de\/index.php?rest_route=%2Fwp%2Fv2%2Ftags&post=14296"}],"curies":[{"name":"wp","href":"https:\/\/api.w.org\/{rel}","templated":true}]}}