{"id":14293,"date":"2024-07-14T13:10:00","date_gmt":"2024-07-14T11:10:00","guid":{"rendered":"https:\/\/boklima.de\/?p=14293"},"modified":"2024-07-15T02:14:28","modified_gmt":"2024-07-15T00:14:28","slug":"bochum-mission-solar-auf-staedtischen-gebaeuden","status":"publish","type":"post","link":"https:\/\/boklima.de\/?p=14293","title":{"rendered":"Bochum : \u201eMission solar\u201c auf st\u00e4dtischen Geb\u00e4uden"},"content":{"rendered":"\n<hr class=\"wp-block-separator has-alpha-channel-opacity\"\/>\n\n\n\n<p>In einem Pressegespr\u00e4ch hat die Stadt Bochum ihr Photovoltaik-Projekt \u201eMission solar\u201c vorgestellt. Holger R\u00fcsberg berichtet: Schon lange hatten Initiativen, wie das Bochumer Klimaschutzb\u00fcndnis BoKlima, gefordert, dass die Stadt Bochum die D\u00e4cher ihrer eigenen Geb\u00e4ude f\u00fcr Photovoltaik (PV) nutzen solle. Bis jetzt gingen die st\u00e4dtischen Bem\u00fchungen hierzu nur schleppend voran. Knapp 30 PV-Anlagen sind bisher in Betrieb gegangen \u2013 bei 750 Geb\u00e4uden, die sich im Eigentum der Stadt befinden. \u201eWir wollen und m\u00fcssen nachhaltiger werden\u201c erkl\u00e4rte Oberb\u00fcrgermeister Thomas Eiskirch bei der Vorstellung eines Rahmenvertrags, den die Stadt hierzu mit den Stadtwerken Bochum geschlossen hat. Der lokale Energieversorger soll alle notwendigen Arbeiten \u00fcbernehmen oder entsprechende Dienstleister koordinieren.<\/p>\n\n\n\n<p>Stadtwerke-Gesch\u00e4ftsf\u00fchrerin Elke Temme betonte bei dem Termin, dass lokale PV-Anlagen auf st\u00e4dtischen Geb\u00e4uden mit wenig Leitungsverlusten einhergehen. Ihr Gesch\u00e4ftsf\u00fchrungskollege Robert Peric\u00b4 erl\u00e4utert, dass die Stadtwerke im Jahr 2023 70 neue PV-Anlagen gebaut haben. Auch die Stadt Bochum erhalte zuk\u00fcnftig ein \u201eRundum-Sorglos-Paket\u201c. Damit erzeugter Strom wird zun\u00e4chst f\u00fcr den Eigenbedarf des jeweiligen Geb\u00e4udes genutzt und \u00fcbersch\u00fcssige Energie in das \u00f6ffentliche Netz eingespeist werden.<\/p>\n\n\n\n<p>Auf die Frage, ob auch weiter mit B\u00fcrgerenergiegenossenschaften zusammengearbeitet werde, die bereits 3 gro\u00dfe Anlagen auf Bochumer Schulen errichtet haben, betont die Stadt, dass die Partnerschaft mit den Stadtwerken mehr Tempo bringen solle. Denn die Stadtverwaltung wolle bis 2035, also in 11 Jahren, klimaneutral werden.<\/p>\n\n\n\n<p>Eine B\u00fcrgerbeteiligung sei \u00fcber die Finanzierung bei der Sparkasse m\u00f6glich. Hier solle demn\u00e4chst ein dritter Sparkassenbrief \u201enat\u00fcrlich Bochum\u201c aufgelegt werden.<br>Zurzeit findet sich auf der Sparkassen-Homepage der Hinweis, dass diese Anlageform \u201ein klimafreundliche Projekte der&nbsp;Stadtwerke Bochum direkt vor Ort\u201c ausverkauft ist. Das bisher auf 2 Millionen Euro beschr\u00e4nkte Gesamtvolumen m\u00fcsste aber erheblich erh\u00f6ht werden, um f\u00fcr die Finanzierung der ben\u00f6tigten neuen PV-Anlagen auf st\u00e4dtischen D\u00e4chern auszureichen.<\/p>\n\n\n\n<p>Ob Bochumerinnen und Bochumer von der Investitionsm\u00f6glichkeit in lokale Photovoltaik \u00fcberhaupt erfahren, bleibt abzuwarten. Die WAZ, einzige Tageszeitung in Bochum, war jedenfalls nicht zur Vorstellung der so genannten \u201eMission solar\u201c erschienen. Wie schon bei der Vorstellung des B\u00fcndnisses mit der Wohnungswirtschaft zur W\u00e4rmewende (<a href=\"https:\/\/www.bo-alternativ.de\/2023\/03\/08\/waermegipfel-der-stadt-bochum-mehr-als-warmer-wind-kritische-betrachtung-boklima\/\">bo-alternativ.de 08.03.2023<\/a>) dokumentiert die WAZ damit, dass Klimaschutz f\u00fcr sie kein Thema ist.<\/p>\n\n\n\n<figure class=\"wp-block-image is-style-default\"><a href=\"https:\/\/www.bo-alternativ.de\/aktuell\/wp-content\/uploads\/2024\/07\/Photovoltaik1.jpg\"><img decoding=\"async\" src=\"https:\/\/www.bo-alternativ.de\/aktuell\/wp-content\/uploads\/2024\/07\/Photovoltaik1.jpg\" alt=\"\" class=\"wp-image-167407\"\/><\/a><\/figure>\n\n\n\n<p>Lutz Leitmann produziert mit Gegenlicht vor dem Alice-Salomon-Berufskolleg ein Foto (rechts), auf dem nicht nur die Sonne strahlt. In der Mitte die beiden Hausmeister Markus Biege und Thomas Molkenthin, links Heike Temme und Robert Peric, rechts Thomas Eiskirch und Eva Maria Hubbert. Foto rechts: Holger R\u00fcsberg<\/p>\n\n\n\n<hr class=\"wp-block-separator has-alpha-channel-opacity\"\/>\n\n\n\n<p>(13.07.24, bo-alt) , <a href=\"https:\/\/www.bo-alternativ.de\/2024\/07\/13\/mission-solar-auf-staedtischen-gebaeuden\/\" data-type=\"link\" data-id=\"https:\/\/www.bo-alternativ.de\/2024\/07\/13\/mission-solar-auf-staedtischen-gebaeuden\/\" target=\"_blank\" rel=\"noreferrer noopener nofollow\">\u201eMission solar\u201c auf st\u00e4dtischen Geb\u00e4uden<\/a><\/p>\n","protected":false},"excerpt":{"rendered":"<p>In einem Pressegespr\u00e4ch hat die Stadt Bochum ihr Photovoltaik-Projekt \u201eMission solar\u201c vorgestellt. Holger R\u00fcsberg berichtet: Schon lange hatten Initiativen, wie das Bochumer Klimaschutzb\u00fcndnis BoKlima, gefordert, dass die Stadt Bochum die D\u00e4cher ihrer eigenen Geb\u00e4ude f\u00fcr Photovoltaik (PV) nutzen solle. Bis jetzt gingen die st\u00e4dtischen Bem\u00fchungen hierzu nur schleppend voran. Knapp 30 PV-Anlagen sind bisher in &hellip; <a href=\"https:\/\/boklima.de\/?p=14293\" class=\"more-link\"><span class=\"screen-reader-text\">\u201eBochum : \u201eMission solar\u201c auf st\u00e4dtischen Geb\u00e4uden\u201c <\/span>weiterlesen<\/a><\/p>\n","protected":false},"author":2,"featured_media":0,"comment_status":"open","ping_status":"open","sticky":false,"template":"","format":"standard","meta":{"ngg_post_thumbnail":0,"footnotes":"","_share_on_mastodon":"0"},"categories":[174,175,155,156,159,104],"tags":[264,314,315],"class_list":["post-14293","post","type-post","status-publish","format-standard","hentry","category-solarstrom","category-photovoltaik","category-relevant-boklima","category-relevant-bochum","category-energie","category-oeffentlich-fuer-alle-site-besucher-lesbar","tag-pv-2","tag-bochum","tag-solarini"],"share_on_mastodon":{"url":"https:\/\/ruhr.social\/@BoKlima\/112787617721870299","error":""},"rttpg_featured_image_url":null,"rttpg_author":{"display_name":"thomas - als admin","author_link":"https:\/\/boklima.de\/?author=2"},"rttpg_comment":0,"rttpg_category":"<a href=\"https:\/\/boklima.de\/?cat=174\" rel=\"category\">Solarstrom<\/a> <a href=\"https:\/\/boklima.de\/?cat=175\" rel=\"category\">Photovoltaik<\/a> <a href=\"https:\/\/boklima.de\/?cat=155\" rel=\"category\">relevant-BoKlima<\/a> <a href=\"https:\/\/boklima.de\/?cat=156\" rel=\"category\">relevant-Bochum<\/a> <a href=\"https:\/\/boklima.de\/?cat=159\" rel=\"category\">Energie<\/a> <a href=\"https:\/\/boklima.de\/?cat=104\" rel=\"category\">\u00f6ffentlich (f\u00fcr alle lesbar)<\/a>","rttpg_excerpt":"In einem Pressegespr\u00e4ch hat die Stadt Bochum ihr Photovoltaik-Projekt \u201eMission solar\u201c vorgestellt. Holger R\u00fcsberg berichtet: Schon lange hatten Initiativen, wie das Bochumer Klimaschutzb\u00fcndnis BoKlima, gefordert, dass die Stadt Bochum die D\u00e4cher ihrer eigenen Geb\u00e4ude f\u00fcr Photovoltaik (PV) nutzen solle. Bis jetzt gingen die st\u00e4dtischen Bem\u00fchungen hierzu nur schleppend voran. Knapp 30 PV-Anlagen sind bisher in&hellip;","_links":{"self":[{"href":"https:\/\/boklima.de\/index.php?rest_route=\/wp\/v2\/posts\/14293","targetHints":{"allow":["GET"]}}],"collection":[{"href":"https:\/\/boklima.de\/index.php?rest_route=\/wp\/v2\/posts"}],"about":[{"href":"https:\/\/boklima.de\/index.php?rest_route=\/wp\/v2\/types\/post"}],"author":[{"embeddable":true,"href":"https:\/\/boklima.de\/index.php?rest_route=\/wp\/v2\/users\/2"}],"replies":[{"embeddable":true,"href":"https:\/\/boklima.de\/index.php?rest_route=%2Fwp%2Fv2%2Fcomments&post=14293"}],"version-history":[{"count":1,"href":"https:\/\/boklima.de\/index.php?rest_route=\/wp\/v2\/posts\/14293\/revisions"}],"predecessor-version":[{"id":14294,"href":"https:\/\/boklima.de\/index.php?rest_route=\/wp\/v2\/posts\/14293\/revisions\/14294"}],"wp:attachment":[{"href":"https:\/\/boklima.de\/index.php?rest_route=%2Fwp%2Fv2%2Fmedia&parent=14293"}],"wp:term":[{"taxonomy":"category","embeddable":true,"href":"https:\/\/boklima.de\/index.php?rest_route=%2Fwp%2Fv2%2Fcategories&post=14293"},{"taxonomy":"post_tag","embeddable":true,"href":"https:\/\/boklima.de\/index.php?rest_route=%2Fwp%2Fv2%2Ftags&post=14293"}],"curies":[{"name":"wp","href":"https:\/\/api.w.org\/{rel}","templated":true}]}}