{"id":14254,"date":"2024-07-08T14:15:28","date_gmt":"2024-07-08T12:15:28","guid":{"rendered":"https:\/\/boklima.de\/?p=14254"},"modified":"2024-07-10T09:38:55","modified_gmt":"2024-07-10T07:38:55","slug":"artenschutz-und-klimaschutz-am-gebaeude-klimacamp-06-07-24","status":"publish","type":"post","link":"https:\/\/boklima.de\/?p=14254","title":{"rendered":"Artenschutz und Klimaschutz am Geb\u00e4ude (KlimaCamp 06.07.24)"},"content":{"rendered":"\n<p>Der AKU , BoKlima und die VerbraucherZentrale Bochum haben auf dem KlimaCamp Bochum am 06.07.24 einen gemeinsamen Stand . Es gab Gespr\u00e4che und Informationen zu Dach- u Fassaden-Begr\u00fcnung sowie Photovoltaik im Kleinen (Balkon-Solar) und Gro\u00dfen (Dach-PV).<\/p>\n\n\n\n<h3 class=\"wp-block-heading\"><span class=\"ez-toc-section\" id=\"Impressionen\"><\/span>Impressionen<span class=\"ez-toc-section-end\"><\/span><\/h3>\n\n\n<div class=\"wp-block-image is-style-default\">\n<figure class=\"aligncenter size-medium\"><a href=\"https:\/\/media.boklima.de\/nextc\/index.php\/s\/2400706-KlimaCamp-Klimaschutz\"><img loading=\"lazy\" decoding=\"async\" width=\"300\" height=\"292\" src=\"https:\/\/boklima.de\/wp-content\/uploads\/2024\/07\/grafik-2-300x292.png\" alt=\"\" class=\"wp-image-14255\" srcset=\"https:\/\/boklima.de\/wp-content\/uploads\/2024\/07\/grafik-2-300x292.png 300w, https:\/\/boklima.de\/wp-content\/uploads\/2024\/07\/grafik-2.png 514w\" sizes=\"auto, (max-width: 300px) 85vw, 300px\" \/><\/a><\/figure>\n<\/div>\n\n\n<h3 class=\"wp-block-heading\"><span class=\"ez-toc-section\" id=\"Anleitungen\"><\/span>Anleitungen<span class=\"ez-toc-section-end\"><\/span><\/h3>\n\n\n\n<p><\/p>\n\n\n<div class=\"wp-block-image is-style-default\">\n<figure class=\"alignleft size-thumbnail\"><a href=\"https:\/\/boklima.de\/wp-content\/uploads\/2024\/07\/grafik-5.png\"><img loading=\"lazy\" decoding=\"async\" width=\"150\" height=\"150\" src=\"https:\/\/boklima.de\/wp-content\/uploads\/2024\/07\/grafik-5-150x150.png\" alt=\"\" class=\"wp-image-14265\"\/><\/a><\/figure>\n<\/div>\n\n\n<p>(1) <a href=\"https:\/\/boklima.de\/wp-content\/uploads\/2024\/07\/240708-klimaschutzamgebauudeohne-vonfs.pdf\" target=\"_blank\" rel=\"noreferrer noopener nofollow\">Artenschutz und Klimaschutz an Geb\u00e4uden  Was kannst Du dazu beitragen? (PDF)<\/a><\/p>\n\n\n\n<div style=\"height:29px\" aria-hidden=\"true\" class=\"wp-block-spacer\"><\/div>\n\n\n\n<p><\/p>\n\n\n<div class=\"wp-block-image is-style-default\">\n<figure class=\"alignleft size-thumbnail\"><a href=\"https:\/\/boklima.de\/wp-content\/uploads\/2024\/07\/grafik-4.png\"><img loading=\"lazy\" decoding=\"async\" width=\"150\" height=\"150\" src=\"https:\/\/boklima.de\/wp-content\/uploads\/2024\/07\/grafik-4-150x150.png\" alt=\"\" class=\"wp-image-14257\"\/><\/a><\/figure>\n<\/div>\n\n\n<p>(2) <a href=\"https:\/\/boklima.de\/wp-content\/uploads\/2024\/07\/240708-kastenbauanleitung-vonfs.pdf\" target=\"_blank\" rel=\"noreferrer noopener nofollow\">Bauanleitung f\u00fcr einen Fledermauskasten (PDF)<\/a><\/p>\n\n\n\n<div style=\"height:25px\" aria-hidden=\"true\" class=\"wp-block-spacer\"><\/div>\n\n\n\n<p><\/p>\n\n\n\n<p>(3) Photovoltaik Infos und Workshops : <a href=\"https:\/\/boklima.de\/pv\">https:\/\/boklima.de\/pv<\/a><\/p>\n\n\n\n<h3 class=\"wp-block-heading\"><span class=\"ez-toc-section\" id=\"Kontakte\"><\/span>Kontakte<span class=\"ez-toc-section-end\"><\/span><\/h3>\n\n\n\n<ul class=\"wp-block-list\">\n<li>AKU : <a href=\"https:\/\/aku-bochum.de\">Arbeitskreis Umweltschutz Bochum <\/a><\/li>\n\n\n\n<li>BoKlima : <a href=\"https:\/\/boklima.de\">Bochumer Klimaschutz B\u00fcndnis<\/a>\n<ul class=\"wp-block-list\">\n<li>PV-Workshops von BoKlima (Im August u September : <a href=\"https:\/\/boklima.de\/pv\">https:\/\/boklima.de\/pv<\/a><\/li>\n<\/ul>\n<\/li>\n\n\n\n<li>Verbraucherzentrale Bochum insbes. Energie- und PV-Beratung :\n<ul class=\"wp-block-list\">\n<li><a href=\"https:\/\/verbraucherzentrale.nrw\/steckersolar\">https:\/\/verbraucherzentrale.nrw\/steckersolar<\/a><\/li>\n\n\n\n<li><a href=\"https:\/\/verbraucherzentrale.nrw\/energieberatung\">https:\/\/verbraucherzentrale.nrw\/energieberatung<\/a><\/li>\n<\/ul>\n<\/li>\n<\/ul>\n\n\n\n<h3 class=\"wp-block-heading\"><span class=\"ez-toc-section\" id=\"Weitere_Infos_zum_KlimaCamp_Bochum\"><\/span>Weitere Infos zum KlimaCamp Bochum<span class=\"ez-toc-section-end\"><\/span><\/h3>\n\n\n\n<ul class=\"wp-block-list\">\n<li>(01.07.24, boklima) , (Ank\u00fcndigung) <a href=\"https:\/\/boklima.de\/?p=14238\">Vorf\u00fchrung und Gespr\u00e4che auf dem KlimaCamp : Arten- und Klimaschutz am Geb\u00e4ude<\/a><\/li>\n\n\n\n<li>(28.06.26, bo-alt) , <a href=\"https:\/\/www.bo-alternativ.de\/2024\/06\/28\/lng-zwischen-versorgungssicherheit-klimakiller-und-umweltrassismus\/\" target=\"_blank\" rel=\"noreferrer noopener\">LNG: Zwischen Versorgungssicherheit, Klimakiller und Umweltrassismus<\/a><\/li>\n\n\n\n<li>(25.06.24, bo-alt) , <a href=\"https:\/\/www.bo-alternativ.de\/2024\/06\/25\/klimacamp-in-der-bochumer-innenstadt\/\" target=\"_blank\" rel=\"noreferrer noopener\">Klimacamp in der Bochumer Innenstadt<\/a><\/li>\n\n\n\n<li>(21.06.24, bo-alt) , <a href=\"https:\/\/www.bo-alternativ.de\/2024\/06\/21\/nach-der-europa-wahl-ist-vor-dem-klimacamp\/\" target=\"_blank\" rel=\"noreferrer noopener\">Nach der Europa-Wahl ist vor dem Klimacamp<\/a><\/li>\n\n\n\n<li>(16.06.24, WDR) , <a href=\"https:\/\/www1.wdr.de\/nachrichten\/ruhrgebiet\/start-klimacamp-bochum-106.html\" data-type=\"link\" data-id=\"https:\/\/www1.wdr.de\/nachrichten\/ruhrgebiet\/start-klimacamp-bochum-106.html\" target=\"_blank\" rel=\"noreferrer noopener\">Abgestumpft und hoffnungsvoll: Klimacamp in Bochum gestartet<\/a><\/li>\n\n\n\n<li>(16.06.24, WDR) , <a href=\"https:\/\/www1.wdr.de\/nachrichten\/ruhrgebiet\/Klimacamp-bochum-startet-100.html\" data-type=\"link\" data-id=\"https:\/\/www1.wdr.de\/nachrichten\/ruhrgebiet\/Klimacamp-bochum-startet-100.html\" target=\"_blank\" rel=\"noreferrer noopener\">Fridays for Future startet Klimacamp in Bochumer Innenstadt<\/a><\/li>\n\n\n\n<li>(09.06.24, bo-alt) , <a href=\"https:\/\/www.bo-alternativ.de\/2023\/06\/09\/klimacamp-bochum-2023\/\" target=\"_blank\" rel=\"noreferrer noopener\">Den Klimawandel nicht verschlafen &#8212; Klimacamp Bochum 2023<\/a><\/li>\n\n\n\n<li>(27.05.24, WAZ) , <a href=\"https:\/\/www.waz.de\/lokales\/bochum\/article406397278\/klima-aktivisten-zelten-in-bochum-was-sie-erreichen-wollen.html\" data-type=\"link\" data-id=\"https:\/\/www.waz.de\/lokales\/bochum\/article406397278\/klima-aktivisten-zelten-in-bochum-was-sie-erreichen-wollen.html\" target=\"_blank\" rel=\"noreferrer noopener\">Klima-Aktivisten zelten in Bochum: Was sie erreichen wollen<\/a><\/li>\n\n\n\n<li>(25.05.24, bo-alt) , <a href=\"https:\/\/www.bo-alternativ.de\/2024\/05\/25\/drittes-klimacamp-in-der-bochumer-innenstadt\/\" target=\"_blank\" rel=\"noreferrer noopener\">Drittes Klimacamp in der Bochumer Innenstadt<\/a><\/li>\n\n\n\n<li>(04.05.24, WAZ+) , <a href=\"https:\/\/www.waz.de\/staedte\/bochum\/article235256097\/Klimacamp-in-Bochum-Zelt-Demo-fuer-mehr-Umweltschutz.html\" target=\"_blank\" rel=\"noreferrer noopener\">\u201eKlimacamp\u201c in Bochum: Zelt-Demo f\u00fcr mehr Umweltschutz<\/a><\/li>\n\n\n\n<li>(02.05.24, Biosphaere) , <a href=\"https:\/\/biosphaere.ruhr\/fridays-for-future-bochum-im-juni-campen-klimaaktivistinnen-in-der-bochumer-innenstadt\/\" data-type=\"link\" data-id=\"https:\/\/biosphaere.ruhr\/fridays-for-future-bochum-im-juni-campen-klimaaktivistinnen-in-der-bochumer-innenstadt\/\" target=\"_blank\" rel=\"noreferrer noopener\">Fridays for Future Bochum | Im Juni campen Klimaaktivist*innen in der Bochumer Innenstadt<\/a><\/li>\n\n\n\n<li>(26.04.24, radwende) , <a href=\"https:\/\/www.radwende-bochum.de\/2022\/04\/26\/klimacamp-bochum\/\" target=\"_blank\" rel=\"noreferrer noopener\">Klimacamp Bochum<\/a><\/li>\n<\/ul>\n<div id=\"ez-toc-container\" class=\"ez-toc-v2_0_82_2 counter-hierarchy ez-toc-counter ez-toc-transparent ez-toc-container-direction\">\n<div class=\"ez-toc-title-container\">\n<p class=\"ez-toc-title\" style=\"cursor:inherit\">Inhalte dieser Seite :<\/p>\n<span class=\"ez-toc-title-toggle\"><a href=\"#\" class=\"ez-toc-pull-right ez-toc-btn ez-toc-btn-xs ez-toc-btn-default ez-toc-toggle\" aria-label=\"Toggle Table of Content\"><span class=\"ez-toc-js-icon-con\"><span class=\"\"><span class=\"eztoc-hide\" style=\"display:none;\">Toggle<\/span><span class=\"ez-toc-icon-toggle-span\"><svg style=\"fill: #999;color:#999\" xmlns=\"http:\/\/www.w3.org\/2000\/svg\" class=\"list-377408\" width=\"20px\" height=\"20px\" viewBox=\"0 0 24 24\" fill=\"none\"><path d=\"M6 6H4v2h2V6zm14 0H8v2h12V6zM4 11h2v2H4v-2zm16 0H8v2h12v-2zM4 16h2v2H4v-2zm16 0H8v2h12v-2z\" fill=\"currentColor\"><\/path><\/svg><svg style=\"fill: #999;color:#999\" class=\"arrow-unsorted-368013\" xmlns=\"http:\/\/www.w3.org\/2000\/svg\" width=\"10px\" height=\"10px\" viewBox=\"0 0 24 24\" version=\"1.2\" baseProfile=\"tiny\"><path d=\"M18.2 9.3l-6.2-6.3-6.2 6.3c-.2.2-.3.4-.3.7s.1.5.3.7c.2.2.4.3.7.3h11c.3 0 .5-.1.7-.3.2-.2.3-.5.3-.7s-.1-.5-.3-.7zM5.8 14.7l6.2 6.3 6.2-6.3c.2-.2.3-.5.3-.7s-.1-.5-.3-.7c-.2-.2-.4-.3-.7-.3h-11c-.3 0-.5.1-.7.3-.2.2-.3.5-.3.7s.1.5.3.7z\"\/><\/svg><\/span><\/span><\/span><\/a><\/span><\/div>\n<nav><ul class='ez-toc-list ez-toc-list-level-1 eztoc-toggle-hide-by-default' ><li class='ez-toc-page-1 ez-toc-heading-level-3'><a class=\"ez-toc-link ez-toc-heading-1\" href=\"https:\/\/boklima.de\/?p=14254\/#Impressionen\" >Impressionen<\/a><\/li><li class='ez-toc-page-1 ez-toc-heading-level-3'><a class=\"ez-toc-link ez-toc-heading-2\" href=\"https:\/\/boklima.de\/?p=14254\/#Anleitungen\" >Anleitungen<\/a><\/li><li class='ez-toc-page-1 ez-toc-heading-level-3'><a class=\"ez-toc-link ez-toc-heading-3\" href=\"https:\/\/boklima.de\/?p=14254\/#Kontakte\" >Kontakte<\/a><\/li><li class='ez-toc-page-1 ez-toc-heading-level-3'><a class=\"ez-toc-link ez-toc-heading-4\" href=\"https:\/\/boklima.de\/?p=14254\/#Weitere_Infos_zum_KlimaCamp_Bochum\" >Weitere Infos zum KlimaCamp Bochum<\/a><\/li><\/ul><\/nav><\/div>\n","protected":false},"excerpt":{"rendered":"<p>Der AKU , BoKlima und die VerbraucherZentrale Bochum haben auf dem KlimaCamp Bochum am 06.07.24 einen gemeinsamen Stand . Es gab Gespr\u00e4che und Informationen zu Dach- u Fassaden-Begr\u00fcnung sowie Photovoltaik im Kleinen (Balkon-Solar) und Gro\u00dfen (Dach-PV). Impressionen Anleitungen (1) Artenschutz und Klimaschutz an Geb\u00e4uden Was kannst Du dazu beitragen? (PDF) (2) Bauanleitung f\u00fcr einen Fledermauskasten &hellip; <a href=\"https:\/\/boklima.de\/?p=14254\" class=\"more-link\"><span class=\"screen-reader-text\">\u201eArtenschutz und Klimaschutz am Geb\u00e4ude (KlimaCamp 06.07.24)\u201c <\/span>weiterlesen<\/a><\/p>\n","protected":false},"author":2,"featured_media":14265,"comment_status":"closed","ping_status":"closed","sticky":false,"template":"","format":"standard","meta":{"ngg_post_thumbnail":0,"footnotes":"","_share_on_mastodon":"0"},"categories":[155,159,210,130,104,125],"tags":[],"class_list":["post-14254","post","type-post","status-publish","format-standard","has-post-thumbnail","hentry","category-relevant-boklima","category-energie","category-pv-initiative","category-co2-einsparen","category-oeffentlich-fuer-alle-site-besucher-lesbar","category-klima-schutz-themen"],"share_on_mastodon":{"url":"https:\/\/ruhr.social\/@BoKlima\/112750817030918066","error":""},"rttpg_featured_image_url":{"full":["https:\/\/boklima.de\/wp-content\/uploads\/2024\/07\/grafik-5.png",342,705,false],"landscape":["https:\/\/boklima.de\/wp-content\/uploads\/2024\/07\/grafik-5.png",342,705,false],"portraits":["https:\/\/boklima.de\/wp-content\/uploads\/2024\/07\/grafik-5.png",342,705,false],"thumbnail":["https:\/\/boklima.de\/wp-content\/uploads\/2024\/07\/grafik-5-150x150.png",150,150,true],"medium":["https:\/\/boklima.de\/wp-content\/uploads\/2024\/07\/grafik-5-146x300.png",146,300,true],"large":["https:\/\/boklima.de\/wp-content\/uploads\/2024\/07\/grafik-5.png",342,705,false],"1536x1536":["https:\/\/boklima.de\/wp-content\/uploads\/2024\/07\/grafik-5.png",342,705,false],"2048x2048":["https:\/\/boklima.de\/wp-content\/uploads\/2024\/07\/grafik-5.png",342,705,false],"post-thumbnail":["https:\/\/boklima.de\/wp-content\/uploads\/2024\/07\/grafik-5.png",342,705,false]},"rttpg_author":{"display_name":"thomas - als admin","author_link":"https:\/\/boklima.de\/?author=2"},"rttpg_comment":0,"rttpg_category":"<a href=\"https:\/\/boklima.de\/?cat=155\" rel=\"category\">relevant-BoKlima<\/a> <a href=\"https:\/\/boklima.de\/?cat=159\" rel=\"category\">Energie<\/a> <a href=\"https:\/\/boklima.de\/?cat=210\" rel=\"category\">PV-Initiative<\/a> <a href=\"https:\/\/boklima.de\/?cat=130\" rel=\"category\">CO2-einsparen<\/a> <a href=\"https:\/\/boklima.de\/?cat=104\" rel=\"category\">\u00f6ffentlich (f\u00fcr alle lesbar)<\/a> <a href=\"https:\/\/boklima.de\/?cat=125\" rel=\"category\">Klima-Schutz-Themen<\/a>","rttpg_excerpt":"Der AKU , BoKlima und die VerbraucherZentrale Bochum haben auf dem KlimaCamp Bochum am 06.07.24 einen gemeinsamen Stand . Es gab Gespr\u00e4che und Informationen zu Dach- u Fassaden-Begr\u00fcnung sowie Photovoltaik im Kleinen (Balkon-Solar) und Gro\u00dfen (Dach-PV). Impressionen Anleitungen (1) Artenschutz und Klimaschutz an Geb\u00e4uden Was kannst Du dazu beitragen? (PDF) (2) Bauanleitung f\u00fcr einen Fledermauskasten&hellip;","_links":{"self":[{"href":"https:\/\/boklima.de\/index.php?rest_route=\/wp\/v2\/posts\/14254","targetHints":{"allow":["GET"]}}],"collection":[{"href":"https:\/\/boklima.de\/index.php?rest_route=\/wp\/v2\/posts"}],"about":[{"href":"https:\/\/boklima.de\/index.php?rest_route=\/wp\/v2\/types\/post"}],"author":[{"embeddable":true,"href":"https:\/\/boklima.de\/index.php?rest_route=\/wp\/v2\/users\/2"}],"replies":[{"embeddable":true,"href":"https:\/\/boklima.de\/index.php?rest_route=%2Fwp%2Fv2%2Fcomments&post=14254"}],"version-history":[{"count":6,"href":"https:\/\/boklima.de\/index.php?rest_route=\/wp\/v2\/posts\/14254\/revisions"}],"predecessor-version":[{"id":14266,"href":"https:\/\/boklima.de\/index.php?rest_route=\/wp\/v2\/posts\/14254\/revisions\/14266"}],"wp:featuredmedia":[{"embeddable":true,"href":"https:\/\/boklima.de\/index.php?rest_route=\/wp\/v2\/media\/14265"}],"wp:attachment":[{"href":"https:\/\/boklima.de\/index.php?rest_route=%2Fwp%2Fv2%2Fmedia&parent=14254"}],"wp:term":[{"taxonomy":"category","embeddable":true,"href":"https:\/\/boklima.de\/index.php?rest_route=%2Fwp%2Fv2%2Fcategories&post=14254"},{"taxonomy":"post_tag","embeddable":true,"href":"https:\/\/boklima.de\/index.php?rest_route=%2Fwp%2Fv2%2Ftags&post=14254"}],"curies":[{"name":"wp","href":"https:\/\/api.w.org\/{rel}","templated":true}]}}