{"id":14242,"date":"2024-07-05T20:11:50","date_gmt":"2024-07-05T18:11:50","guid":{"rendered":"https:\/\/boklima.de\/?p=14242"},"modified":"2024-07-05T20:39:14","modified_gmt":"2024-07-05T18:39:14","slug":"recht-auf-solar-fuer-mieter-wgs-vom-bundestag-beschlossen-04-07-24","status":"publish","type":"post","link":"https:\/\/boklima.de\/?p=14242","title":{"rendered":"&#8220;Recht auf Solar&#8221; f\u00fcr Mieter &amp; WEGs vom Bundestag beschlossen (04.07.24)"},"content":{"rendered":"\n<p>Der Bundestag hat mit den Stimmen von SPD, Gr\u00fcnen, FPD und CDU\/CSU gegen die AfD dem Gesetzesentwurf \u201c\u2026 zur Erleichterung von Steckersolar\u2019ger\u00e4ten\u201d zugestimmt!<\/p>\n\n\n\n<p><strong>Damit muss nun der Vermieter nachweisen, warum ihm ein Balkonkraftwerk nicht zumutbar ist!<\/strong><\/p>\n\n\n\n<p>Der Bundestag hat am 04.07.2024 beschlossen, ein umfassendes \u201cRecht auf Steckersolar\u201d f\u00fcr Mieter und Miteigent\u00fcmer von Wohnungseigent\u00fcmergemeinschaften zu schaffen. Er folgt damit einer der zentralen Forderungen aus der Petition, die der Balkon.Solar Verein letztes Jahr mit \u00fcber 100.000 B\u00fcrger:innen gestellt hatte.<\/p>\n\n\n\n<p>\u201cAuch wenn wir zusammen mit zahlreichen Umweltverb\u00e4nden gefordert hatten, das es ein allgemeines Recht auf Solar gibt, um auch in WEGs die Verbreitung von Solar auf dem Dach zu f\u00f6rdern, sind wir froh, dass der Bundestag nun noch vor der Sommerpause, diese wichtige Vereinfachung und Entb\u00fcrokratisierung auf den Weg gebracht hat\u201d, freut sich Balkon Solar Vereinsvorsitzende Simone Herpich<\/p>\n\n\n\n<p>\u201cAus unserer Beratungsarbeit wissen wir, wie wichtig dieses Recht ist. Uns erreichen nahezu t\u00e4glich die Anfragen verzweifelter Mieter, die uns von absurden Auflagen, endlosen Schriftwechseln und schlichtweg unversch\u00e4mten Vermietern berichten.\u201d, erkl\u00e4rt Vorstand Sebastian M\u00fcller. mehr : <a href=\"https:\/\/balkon.solar\/news\/2024\/07\/04\/balkonsolar-verein-begruesst-die-einfuehrung-eines-recht-auf-balkonsolar-informiert-in-webinar-am-montag-um-1800\/\" target=\"_blank\" rel=\"noreferrer noopener nofollow\">hier<\/a><\/p>\n\n\n\n<p>Damit sind 3 von 4 H\u00fcrden f\u00fcr Balkonsolar gefallen. Es fehlt jetzt noch die Produktnorm.  ( vom BalkonsolarVerein  : <a href=\"https:\/\/freiburg.social\/@balkonsolar\/112732680707973072\" target=\"_blank\" rel=\"noreferrer noopener nofollow\">@balkonsolar@freibur.solar <\/a>; <a href=\"https:\/\/balkon.solar\/\" target=\"_blank\" rel=\"noreferrer noopener nofollow\">BalkonSolar Verein<\/a> ) <\/p>\n\n\n\n<div class=\"wp-block-group has-background\" style=\"background-color:#fffad5\"><div class=\"wp-block-group__inner-container is-layout-constrained wp-block-group-is-layout-constrained\">\n<p><strong>BalkonSolar Verein begr\u00fc\u00dft die Einf\u00fchrung eines Recht auf BalkonSolar + Informiert in Webinar am Montag um 18:00<\/strong><\/p>\n\n\n\n<p>Kurzvortrag von Rechtsanwalt Dr. Dirk Legler mit Fragem\u00f6glichkeit: Montag 18:00<br>Anmeldung unter:&nbsp;<a href=\"https:\/\/pretix.eu\/balkonsolar\/Webinare24\/4184650\/\">https:\/\/pretix.eu\/balkonsolar\/Webinare24\/4184650\/&nbsp;<\/a><\/p>\n<\/div><\/div>\n\n\n\n<hr class=\"wp-block-separator has-alpha-channel-opacity\"\/>\n\n\n\n<blockquote class=\"wp-block-quote is-layout-flow wp-block-quote-is-layout-flow\">\n<p><strong>Zumutbar ist aus unserer Sicht immer: Die Anbringung an einem Normgerecht gebauten Balkon mit marktg\u00e4ngigen Aufh\u00e4ngungen nach der Aufbauanleitung des Herstellers, durch den Anbringer, d.h. den Mieter oder Wohnungseigent\u00fcmer.<\/strong><\/p>\n\n\n\n<p>Die Haftung l\u00e4sst sich vollst\u00e4ndig auf den Aufh\u00e4nger, also Mieter oder Wohnungseigent\u00fcmer \u00fcbertragen, siehe dazu etwa:&nbsp;<a href=\"https:\/\/balkon.solar\/haftung\">https:\/\/balkon.solar\/haftung<\/a><\/p>\n<cite><a href=\"https:\/\/balkon.solar\/news\/2024\/07\/04\/balkonsolar-verein-begruesst-die-einfuehrung-eines-recht-auf-balkonsolar-informiert-in-webinar-am-montag-um-1800\/\">https:\/\/balkon.solar\/news\/2024\/07\/04\/balkonsolar-verein-begruesst-die-einfuehrung-eines-recht-auf-balkonsolar-informiert-in-webinar-am-montag-um-1800\/<\/a><\/cite><\/blockquote>\n\n\n\n<blockquote class=\"wp-block-quote is-layout-flow wp-block-quote-is-layout-flow\">\n<p><strong>\u00dcberzogen w\u00e4re es hingegen unseres Erachtens,<\/strong>&nbsp;wenn der Vermieter etwa verlangt: Einen statischen Nachweis des Balkons \u00fcber die Tragf\u00e4higkeit des Balkonsolarkraftwerkes, einen&nbsp; brandschutztechnischen Nachweis, Pr\u00fcfung der gesamten Hauselektrik oder eine Montage durch Fachbetrieb.&nbsp;<\/p>\n<cite><a href=\"https:\/\/balkon.solar\/news\/2024\/07\/04\/balkonsolar-verein-begruesst-die-einfuehrung-eines-recht-auf-balkonsolar-informiert-in-webinar-am-montag-um-1800\/\">https:\/\/balkon.solar\/news\/2024\/07\/04\/balkonsolar-verein-begruesst-die-einfuehrung-eines-recht-auf-balkonsolar-informiert-in-webinar-am-montag-um-1800\/<\/a><\/cite><\/blockquote>\n\n\n\n<hr class=\"wp-block-separator has-alpha-channel-opacity\"\/>\n\n\n\n<h2 class=\"wp-block-heading\"><span class=\"ez-toc-section\" id=\"Weitere_Infos_zur_Gestzgebung\"><\/span>Weitere Infos zur Gestzgebung<span class=\"ez-toc-section-end\"><\/span><\/h2>\n\n\n\n<ul class=\"wp-block-list\">\n<li>(05.07.24, bundesregireung) , Mehr Solarstrom, weniger B\u00fcrokratieDas Solarpaket der Bundesregierung vereinfacht den Bau und Betrieb von Photovoltaikanlagen und beschleunigt den Ausbau der Solarenergie. Der Bundestag hat nun eine weitere Vereinfachung im Wohneigentums- und Mietrecht verabschiedet&#8230;. mehr : <a href=\"https:\/\/www.bundesregierung.de\/breg-de\/themen\/tipps-fuer-verbraucher\/solarpaket-photovoltaik-balkonkraftwerke-2213726\" target=\"_blank\" rel=\"noreferrer noopener nofollow\">hier<\/a>\n<ul class=\"wp-block-list\">\n<li><strong>Leistungsf\u00e4higere\u00a0PV-Anlagen erlaubt<\/strong> Au\u00dferdem k\u00f6nnen Balkonsolaranlagen k\u00fcnftig leistungsf\u00e4higer sein. F\u00fcr Ger\u00e4te mit einer installierten Leistung von insgesamt bis zu 2 Kilowatt und einer Wechselrichterleistung von insgesamt bis zu 800 Voltampere gilt eine vereinfachte Anmeldung.<\/li>\n\n\n\n<li>Digitale Stromz\u00e4hler nicht verpflichtend<\/li>\n\n\n\n<li><strong>Gemeinschaftlich Geb\u00e4ude mit Solarstrom versorgen. <\/strong>Damit Mieterinnen und Mieter in Mehrfamilienh\u00e4usern g\u00fcnstigeren Solarstrom von D\u00e4chern, Garagen oder Batteriespeichern direkt nutzen k\u00f6nnen, wird das neue Instrument der \u201eGemeinschaftlichen Geb\u00e4udeversorgung\u201c eingef\u00fchrt. Damit entf\u00e4llt der komplizierte Umweg \u00fcber die Einspeisung des\u00a0PV-Stroms ins allgemeine Stromnetz.<\/li>\n<\/ul>\n<\/li>\n\n\n\n<li>(05.07.24, tagesschau ) , Vermieter d\u00fcrfen Balkonkraftwerke nicht mehr verbieten &#8212; F\u00fcr Mieter wird die Installation von Balkonkraftwerken leichter. Anders als bisher k\u00f6nnen Eigent\u00fcmer und Vermieter ihre Zustimmung nicht mehr ohne triftigen Grund verweigern. Das hat der Bundestag &#8230; ; mehr : <a href=\"https:\/\/www.tagesschau.de\/wirtschaft\/verbraucher\/balkonkraftwerke-mieter-gesetzesaenderung-100.html\" target=\"_blank\" rel=\"noreferrer noopener nofollow\">hier<\/a>\n<ul class=\"wp-block-list\">\n<li><strong>&#8220;Booster f\u00fcr die&nbsp;Solariersierung&#8221; <\/strong><br>K\u00fcnftig sollen Vermieter und die WEG zwar immer noch ein Mitspracherecht haben, wenn es darum geht, wie genau ein Steckersolarger\u00e4t am Haus angebracht wird. Ob so eine Anlage \u00fcberhaupt installiert werden darf, w\u00e4re dann aber nicht mehr grunds\u00e4tzlich strittig.<\/li>\n\n\n\n<li><strong>In drei bis sechs Jahren rentabel <\/strong><br>Ob sich Balkonkraftwerke lohnen, h\u00e4ngt neben dem Anschaffungspreis und dem Standort auch davon ab, ob die Betreiber w\u00e4hrend der Zeit, in der sie Strom erzeugen, diesen auch verbrauchen. Einer k\u00fcrzlich ver\u00f6ffentlichten Studie der RWTH Aachen im Auftrag des Versorgers Eon zufolge lohnen sie sich im Schnitt ab einer Betriebszeit von drei bis sechs Jahren.<\/li>\n<\/ul>\n<\/li>\n\n\n\n<li>(04.07.24, heise ) , Wohnrecht neu: Leichter zum Balkonkraftwerk, Eigent\u00fcmerversammlung auch online Wohnungseigent\u00fcmer d\u00fcrfen sich in Zukunft auch online versammeln, wenn sie m\u00f6chten. Die Genehmigung der Solarpaneele wird einfacher, auch f\u00fcr Mieter.\u200b&#8230; ; mehr : <a href=\"https:\/\/www.heise.de\/news\/Wohnrecht-neu-Leichter-zum-Balkonkraftwerk-Eigentuemerversammlung-auch-online-9790469.html\" target=\"_blank\" rel=\"noreferrer noopener nofollow\">hier<\/a> \n<ul class=\"wp-block-list\">\n<li>Mieter und Wohnungseigent\u00fcmer erhalten Anspruch darauf, dass ihnen gestattet wird, Steckersolarger\u00e4te anzubringen. Indem sogenannte&nbsp;<a href=\"https:\/\/www.heise.de\/thema\/Balkonkraftwerk\" target=\"_blank\" rel=\"noreferrer noopener nofollow\">Balkonkraftwerke<\/a>&nbsp;&#8220;privilegierte bauliche Ver\u00e4nderungen&#8221; werden, m\u00fcssen Mieter oder Wohnungseigent\u00fcmer die Installation nicht mehr eigens begr\u00fcnden<\/li>\n<\/ul>\n<\/li>\n\n\n\n<li>(04.07.24 , golem ) , <strong>Ampel einigt sich auf Privilegierung von Balkonkraftwerken<\/strong> Die Koalition h\u00e4lt keine konkreten Vorgaben f\u00fcr den Anspruch auf\u00a0<a href=\"https:\/\/www.golem.de\/specials\/balkonkraftwerk\/\" target=\"_blank\" rel=\"noreferrer noopener\">Balkonkraftwerke<\/a>\u00a0f\u00fcr erforderlich. PV-Anlagen auf dem Dach m\u00fcssten zudem nicht privilegiert werden&#8230;. mehr : <a href=\"https:\/\/www.golem.de\/news\/solarenergie-ampel-einigt-sich-auf-privilegierung-von-balkonkraftwerken-2407-186730.html\" target=\"_blank\" rel=\"noreferrer noopener nofollow\">hier<\/a> \n<ul class=\"wp-block-list\">\n<li>Damit erhalten Eigent\u00fcmer und Mieter einen Anspruch, wie er seit 2020 bereits f\u00fcr die Installationen von Wallboxen f\u00fcr Elektroautos besteht.<\/li>\n\n\n\n<li><a href=\"https:\/\/www.golem.de\/news\/solarenergie-ampel-einigt-sich-auf-privilegierung-von-balkonkraftwerken-2407-186730-2.html\">Gesetzliche R\u00fcckbauverpflichtung nicht erforderlich<\/a><\/li>\n<\/ul>\n<\/li>\n\n\n\n<li>(03.07.24 , pv-Magazin ) , Bundestag wird Erleichterungen f\u00fcr Photovoltaik-Balkonanlagen beschlie\u00dfen &#8212; Am Donnerstag wird das Plenum aller Voraussicht nach \u00c4nderungen f\u00fcr Mieter und Wohnungseigent\u00fcmer verabschieden. Der BSW-Solar spricht von einer \u201edeutlichen Verbesserung\u201c, die DUH von \u201eArbeitsverweigerung\u201c&#8230;. mehr : <a href=\"https:\/\/www.pv-magazine.de\/2024\/07\/03\/bundestag-beschliesst-erleichterungen-fuer-photovoltaik-balkonanlagen\/\" target=\"_blank\" rel=\"noreferrer noopener nofollow\">hier<\/a><\/li>\n\n\n\n<li>x<\/li>\n<\/ul>\n\n\n\n<h2 class=\"wp-block-heading\"><span class=\"ez-toc-section\" id=\"Weitere_Infos\"><\/span>Weitere Infos<span class=\"ez-toc-section-end\"><\/span><\/h2>\n\n\n\n<ul class=\"wp-block-list\">\n<li>() , BoKlima &#8211; (Balskon-Solar-) &#8211; PV-Initiative : <a href=\"https:\/\/boklima.de\/pv\/\">hier<\/a><\/li>\n\n\n\n<li>( , balkon.solar) , Buch : Balkonsolar \/ Steckersolar &#8212; Photovoltaik-Balkonkraftwerke Solarstrom selbst erzeugen. Bestellung hier beim Autor. F\u00fcr Hausbesitzer und Mieter. &nbsp;1. Auflage 2023, erscheint im M\u00e4rz 2023 &#8230; mehr : <a href=\"https:\/\/www.suninside.de\/www-suninside-de\/\" target=\"_blank\" rel=\"noreferrer noopener nofollow\">hier<\/a> <\/li>\n\n\n\n<li>(08.07.24 , ARD &#8211; BR ) (Video) Mehr Strom von der Sonne \u00b7 B\u00fcrger packen&#8217;s an &#8212; Bayern ist Spitzenreiter in Sachen Solarstrom-Ausbau. Dennoch: Um die Klimaziele der Staatsregierung zu erreichen, m\u00fcssten jede Woche in Bayern etwa 3.000 Solaranlagen auf D\u00e4chern installiert und 54 Fu\u00dfballfelder mit Freifl\u00e4chen-PV-Anlagen best\u00fcckt werden. In der &#8220;Unkraut&#8221;-Reportage werden Menschen vorgestellt, die den Solarausbau in Bayern voranbringen wollen &#8211; in der Stadt und auf dem Land.So plant eine Hausgemeinschaft in der Stadt N\u00fcrnberg ein ungew\u00f6hnliches Projekt: Auf dem Flachdach ihres Mehrfamilienhauses wollen sie mit Unterst\u00fctzung von Profis selbst ihre PV-Anlage installieren. Auch wenn in den bayerischen St\u00e4dten noch viele D\u00e4cher frei sind: Laut Experten braucht es auch PV-Anlagen in der Landschaft, um die Ausbauziele zu erreichen. Im Oberland haben sich B\u00fcrger zu einer Energiegenossenschaft zusammengeschlossen. Sie versuchen Fl\u00e4cheneigent\u00fcmer wie Landwirte f\u00fcr ihre Idee zu gewinnen. Gro\u00dfe Agri-PV-Anlagen sollen Landwirtschaft und Energieerzeugung in Einklang bringen. Deutlich wird aber auch, welche Widerst\u00e4nde es gibt. Klimafreundliche Stromerzeugung mit Solarmodulen erf\u00e4hrt in der Bev\u00f6lkerung zwar grunds\u00e4tzlich viel Akzeptanz, es gibt vor Ort aber auch Bedenken. Insbesondere, wenn es um das Landschaftsbild geht. Wird es gelingen, breite Zustimmung f\u00fcr Solarstrom-Erzeugung im Voralpenland zu bekommen? &#8230; mehr : <a href=\"https:\/\/www.ardmediathek.de\/video\/unkraut\/mehr-strom-von-der-sonne-buerger-packen-s-an\/br-fernsehen\/Y3JpZDovL2JyLmRlL2Jyb2FkY2FzdFNjaGVkdWxlU2xvdC80MDM1ODk4MzA4MTNfRjIwMjNXTzAxNjM3NkEw\" target=\"_blank\" rel=\"noreferrer noopener nofollow\">hier<\/a><\/li>\n<\/ul>\n<div id=\"ez-toc-container\" class=\"ez-toc-v2_0_82_2 counter-hierarchy ez-toc-counter ez-toc-transparent ez-toc-container-direction\">\n<div class=\"ez-toc-title-container\">\n<p class=\"ez-toc-title\" style=\"cursor:inherit\">Inhalte dieser Seite :<\/p>\n<span class=\"ez-toc-title-toggle\"><a href=\"#\" class=\"ez-toc-pull-right ez-toc-btn ez-toc-btn-xs ez-toc-btn-default ez-toc-toggle\" aria-label=\"Toggle Table of Content\"><span class=\"ez-toc-js-icon-con\"><span class=\"\"><span class=\"eztoc-hide\" style=\"display:none;\">Toggle<\/span><span class=\"ez-toc-icon-toggle-span\"><svg style=\"fill: #999;color:#999\" xmlns=\"http:\/\/www.w3.org\/2000\/svg\" class=\"list-377408\" width=\"20px\" height=\"20px\" viewBox=\"0 0 24 24\" fill=\"none\"><path d=\"M6 6H4v2h2V6zm14 0H8v2h12V6zM4 11h2v2H4v-2zm16 0H8v2h12v-2zM4 16h2v2H4v-2zm16 0H8v2h12v-2z\" fill=\"currentColor\"><\/path><\/svg><svg style=\"fill: #999;color:#999\" class=\"arrow-unsorted-368013\" xmlns=\"http:\/\/www.w3.org\/2000\/svg\" width=\"10px\" height=\"10px\" viewBox=\"0 0 24 24\" version=\"1.2\" baseProfile=\"tiny\"><path d=\"M18.2 9.3l-6.2-6.3-6.2 6.3c-.2.2-.3.4-.3.7s.1.5.3.7c.2.2.4.3.7.3h11c.3 0 .5-.1.7-.3.2-.2.3-.5.3-.7s-.1-.5-.3-.7zM5.8 14.7l6.2 6.3 6.2-6.3c.2-.2.3-.5.3-.7s-.1-.5-.3-.7c-.2-.2-.4-.3-.7-.3h-11c-.3 0-.5.1-.7.3-.2.2-.3.5-.3.7s.1.5.3.7z\"\/><\/svg><\/span><\/span><\/span><\/a><\/span><\/div>\n<nav><ul class='ez-toc-list ez-toc-list-level-1 eztoc-toggle-hide-by-default' ><li class='ez-toc-page-1 ez-toc-heading-level-2'><a class=\"ez-toc-link ez-toc-heading-1\" href=\"https:\/\/boklima.de\/?p=14242\/#Weitere_Infos_zur_Gestzgebung\" >Weitere Infos zur Gestzgebung<\/a><\/li><li class='ez-toc-page-1 ez-toc-heading-level-2'><a class=\"ez-toc-link ez-toc-heading-2\" href=\"https:\/\/boklima.de\/?p=14242\/#Weitere_Infos\" >Weitere Infos<\/a><\/li><\/ul><\/nav><\/div>\n","protected":false},"excerpt":{"rendered":"<p>Der Bundestag hat mit den Stimmen von SPD, Gr\u00fcnen, FPD und CDU\/CSU gegen die AfD dem Gesetzesentwurf \u201c\u2026 zur Erleichterung von Steckersolar\u2019ger\u00e4ten\u201d zugestimmt! Damit muss nun der Vermieter nachweisen, warum ihm ein Balkonkraftwerk nicht zumutbar ist! Der Bundestag hat am 04.07.2024 beschlossen, ein umfassendes \u201cRecht auf Steckersolar\u201d f\u00fcr Mieter und Miteigent\u00fcmer von Wohnungseigent\u00fcmergemeinschaften zu schaffen. &hellip; <a href=\"https:\/\/boklima.de\/?p=14242\" class=\"more-link\"><span class=\"screen-reader-text\">\u201e&#8220;Recht auf Solar&#8221; f\u00fcr Mieter &amp; WEGs vom Bundestag beschlossen (04.07.24)\u201c <\/span>weiterlesen<\/a><\/p>\n","protected":false},"author":2,"featured_media":14243,"comment_status":"closed","ping_status":"closed","sticky":false,"template":"","format":"standard","meta":{"ngg_post_thumbnail":0,"footnotes":"","_share_on_mastodon":"0"},"categories":[155,210,104],"tags":[264,274,276,293],"class_list":["post-14242","post","type-post","status-publish","format-standard","has-post-thumbnail","hentry","category-relevant-boklima","category-pv-initiative","category-oeffentlich-fuer-alle-site-besucher-lesbar","tag-pv-2","tag-balkonsolar-2","tag-steckersolar","tag-balkonpv"],"share_on_mastodon":{"url":"https:\/\/ruhr.social\/@BoKlima\/112735231192917724","error":""},"rttpg_featured_image_url":{"full":["https:\/\/boklima.de\/wp-content\/uploads\/2024\/07\/grafik-1.png",937,974,false],"landscape":["https:\/\/boklima.de\/wp-content\/uploads\/2024\/07\/grafik-1.png",937,974,false],"portraits":["https:\/\/boklima.de\/wp-content\/uploads\/2024\/07\/grafik-1.png",937,974,false],"thumbnail":["https:\/\/boklima.de\/wp-content\/uploads\/2024\/07\/grafik-1-150x150.png",150,150,true],"medium":["https:\/\/boklima.de\/wp-content\/uploads\/2024\/07\/grafik-1-289x300.png",289,300,true],"large":["https:\/\/boklima.de\/wp-content\/uploads\/2024\/07\/grafik-1.png",840,873,false],"1536x1536":["https:\/\/boklima.de\/wp-content\/uploads\/2024\/07\/grafik-1.png",937,974,false],"2048x2048":["https:\/\/boklima.de\/wp-content\/uploads\/2024\/07\/grafik-1.png",937,974,false],"post-thumbnail":["https:\/\/boklima.de\/wp-content\/uploads\/2024\/07\/grafik-1.png",937,974,false]},"rttpg_author":{"display_name":"thomas - als admin","author_link":"https:\/\/boklima.de\/?author=2"},"rttpg_comment":0,"rttpg_category":"<a href=\"https:\/\/boklima.de\/?cat=155\" rel=\"category\">relevant-BoKlima<\/a> <a href=\"https:\/\/boklima.de\/?cat=210\" rel=\"category\">PV-Initiative<\/a> <a href=\"https:\/\/boklima.de\/?cat=104\" rel=\"category\">\u00f6ffentlich (f\u00fcr alle lesbar)<\/a>","rttpg_excerpt":"Der Bundestag hat mit den Stimmen von SPD, Gr\u00fcnen, FPD und CDU\/CSU gegen die AfD dem Gesetzesentwurf \u201c\u2026 zur Erleichterung von Steckersolar\u2019ger\u00e4ten\u201d zugestimmt! Damit muss nun der Vermieter nachweisen, warum ihm ein Balkonkraftwerk nicht zumutbar ist! Der Bundestag hat am 04.07.2024 beschlossen, ein umfassendes \u201cRecht auf Steckersolar\u201d f\u00fcr Mieter und Miteigent\u00fcmer von Wohnungseigent\u00fcmergemeinschaften zu schaffen.&hellip;","_links":{"self":[{"href":"https:\/\/boklima.de\/index.php?rest_route=\/wp\/v2\/posts\/14242","targetHints":{"allow":["GET"]}}],"collection":[{"href":"https:\/\/boklima.de\/index.php?rest_route=\/wp\/v2\/posts"}],"about":[{"href":"https:\/\/boklima.de\/index.php?rest_route=\/wp\/v2\/types\/post"}],"author":[{"embeddable":true,"href":"https:\/\/boklima.de\/index.php?rest_route=\/wp\/v2\/users\/2"}],"replies":[{"embeddable":true,"href":"https:\/\/boklima.de\/index.php?rest_route=%2Fwp%2Fv2%2Fcomments&post=14242"}],"version-history":[{"count":4,"href":"https:\/\/boklima.de\/index.php?rest_route=\/wp\/v2\/posts\/14242\/revisions"}],"predecessor-version":[{"id":14250,"href":"https:\/\/boklima.de\/index.php?rest_route=\/wp\/v2\/posts\/14242\/revisions\/14250"}],"wp:featuredmedia":[{"embeddable":true,"href":"https:\/\/boklima.de\/index.php?rest_route=\/wp\/v2\/media\/14243"}],"wp:attachment":[{"href":"https:\/\/boklima.de\/index.php?rest_route=%2Fwp%2Fv2%2Fmedia&parent=14242"}],"wp:term":[{"taxonomy":"category","embeddable":true,"href":"https:\/\/boklima.de\/index.php?rest_route=%2Fwp%2Fv2%2Fcategories&post=14242"},{"taxonomy":"post_tag","embeddable":true,"href":"https:\/\/boklima.de\/index.php?rest_route=%2Fwp%2Fv2%2Ftags&post=14242"}],"curies":[{"name":"wp","href":"https:\/\/api.w.org\/{rel}","templated":true}]}}