{"id":14226,"date":"2024-06-18T18:50:42","date_gmt":"2024-06-18T16:50:42","guid":{"rendered":"https:\/\/boklima.de\/?p=14226"},"modified":"2024-06-18T19:03:03","modified_gmt":"2024-06-18T17:03:03","slug":"neuer-solarbrief-mit-schwerpunkt-stecker-und-balkonsolar-1x1-vom-solarenergie-foerderverein-erschienen","status":"publish","type":"post","link":"https:\/\/boklima.de\/?p=14226","title":{"rendered":"Neuer Solarbrief mit Schwerpunkt Stecker- und Balkonsolar 1&#215;1 vom Solarenergie F\u00f6rderverein erschienen"},"content":{"rendered":"\n<p>Der Solarenergie F\u00f6rderverein hat ein neues Themenheft zu SteckerSolar \/ BalkonSolar ver\u00f6ffentlicht .<\/p>\n\n\n\n<ul class=\"wp-block-list\">\n<li>Download : <a href=\"https:\/\/www.sfv.de\/media\/5603\/download\/Balkonsolar_Solarbrief_2024_01.pdf?v=3\" target=\"_blank\" rel=\"noreferrer noopener nofollow\">hier<\/a> <\/li>\n\n\n\n<li>Einleitung : <a href=\"https:\/\/www.sfv.de\/solarbrief-01-2024\" target=\"_blank\" rel=\"noreferrer noopener nofollow\">hier<\/a><\/li>\n\n\n\n<li>\u00dcberblick Themenhefte \/ Solarbriefe : <a href=\"https:\/\/www.sfv.de\/publikationen\/solarbriefe\" target=\"_blank\" rel=\"noreferrer noopener nofollow\">hier<\/a> <\/li>\n<\/ul>\n\n\n\n<h2 class=\"wp-block-heading\">Inhalt<\/h2>\n\n\n\n<ul class=\"wp-block-list\">\n<li>Einf\u00fchrung: Das kleine SFV Stecker- und Balkonsolar 1&#215;1<\/li>\n\n\n\n<li>Aufbau einer Steckersolaranlage Bestandteile, Modultypen, Einsatzbereiche , von Tobias Otto &amp; Kyra Sch\u00e4fer<\/li>\n\n\n\n<li>Lohnt sich das? Tipps zur Wirtschaftlichkeitsbewertung , von Tobias Otto<\/li>\n\n\n\n<li>8 gute Gr\u00fcnde f\u00fcr Steckersolar-Anlagen , von Taalke Wolf &amp; Kyra Sch\u00e4fer<\/li>\n\n\n\n<li>Eine kritische Betrachtung von Steckersolar-Speichern , von Tobias Otto<\/li>\n\n\n\n<li>Organisatorische und rechtliche Aufgaben , Installation und Anmeldung, PV-Dachanlage erweitern, Mietwohnungen und Mehrfamilienh\u00e4user, Kaufprozesse &amp; Sammelbestellungen, von SFV Redaktion<\/li>\n\n\n\n<li>Die h\u00e4ufigsten Ablehnungsgr\u00fcnde f\u00fcr Balkon-PV , von Sebastian M\u00fcller &amp; Christian Ofenheusle<\/li>\n\n\n\n<li>So gelingt die Montage Ihrer , Steckersolaranlage , von Ronald Biallas &amp; Kyra Sch\u00e4fer<\/li>\n\n\n\n<li>Kurz vorgestellt: der Solarklapptisch , von Oliver Brandm\u00fcller<\/li>\n\n\n\n<li>Was macht eigentlich der\u2026? Der Balkon.Solar e.V. , von Sebastian M\u00fcller<\/li>\n<\/ul>\n\n\n\n<hr class=\"wp-block-separator has-alpha-channel-opacity\"\/>\n\n\n\n<blockquote class=\"wp-block-quote is-layout-flow wp-block-quote-is-layout-flow\">\n<p>2023 wurden 300.000 Stecker-solarger\u00e4te installiert.<br><br>Zusammengerechnet k\u00f6nnten sie den Strombedarf von mind.<br>55.000 Haushalten decken.<\/p>\n<\/blockquote>\n\n\n\n<hr class=\"wp-block-separator has-alpha-channel-opacity\"\/>\n\n\n\n<p>Tip : sehr lesenswert !<\/p>\n\n\n\n<p><strong>Insbes. Interessant  (S.26) :  <\/strong><br><em>Individuelle Unterkonstruktionen f\u00fcr Steckersolarger\u00e4te<br>Was tun, wenn das markt\u00fcbliche System nicht passt? <\/em><\/p>\n","protected":false},"excerpt":{"rendered":"<p>Der Solarenergie F\u00f6rderverein hat ein neues Themenheft zu SteckerSolar \/ BalkonSolar ver\u00f6ffentlicht . Inhalt 2023 wurden 300.000 Stecker-solarger\u00e4te installiert. Zusammengerechnet k\u00f6nnten sie den Strombedarf von mind.55.000 Haushalten decken. Tip : sehr lesenswert ! Insbes. Interessant (S.26) : Individuelle Unterkonstruktionen f\u00fcr Steckersolarger\u00e4teWas tun, wenn das markt\u00fcbliche System nicht passt?<\/p>\n","protected":false},"author":2,"featured_media":14227,"comment_status":"open","ping_status":"open","sticky":false,"template":"","format":"standard","meta":{"ngg_post_thumbnail":0,"footnotes":"","_share_on_mastodon":"0"},"categories":[175,210,155,160,174,104],"tags":[264,274,293],"class_list":["post-14226","post","type-post","status-publish","format-standard","has-post-thumbnail","hentry","category-photovoltaik","category-pv-initiative","category-relevant-boklima","category-energie-einsparung","category-solarstrom","category-oeffentlich-fuer-alle-site-besucher-lesbar","tag-pv-2","tag-balkonsolar-2","tag-balkonpv"],"share_on_mastodon":{"url":"https:\/\/ruhr.social\/@BoKlima\/112638652831287541","error":""},"rttpg_featured_image_url":{"full":["https:\/\/boklima.de\/wp-content\/uploads\/2024\/06\/image-10.png",294,294,false],"landscape":["https:\/\/boklima.de\/wp-content\/uploads\/2024\/06\/image-10.png",294,294,false],"portraits":["https:\/\/boklima.de\/wp-content\/uploads\/2024\/06\/image-10.png",294,294,false],"thumbnail":["https:\/\/boklima.de\/wp-content\/uploads\/2024\/06\/image-10-150x150.png",150,150,true],"medium":["https:\/\/boklima.de\/wp-content\/uploads\/2024\/06\/image-10.png",294,294,false],"large":["https:\/\/boklima.de\/wp-content\/uploads\/2024\/06\/image-10.png",294,294,false],"1536x1536":["https:\/\/boklima.de\/wp-content\/uploads\/2024\/06\/image-10.png",294,294,false],"2048x2048":["https:\/\/boklima.de\/wp-content\/uploads\/2024\/06\/image-10.png",294,294,false],"post-thumbnail":["https:\/\/boklima.de\/wp-content\/uploads\/2024\/06\/image-10.png",294,294,false]},"rttpg_author":{"display_name":"thomas - als admin","author_link":"https:\/\/boklima.de\/?author=2"},"rttpg_comment":0,"rttpg_category":"<a href=\"https:\/\/boklima.de\/?cat=175\" rel=\"category\">Photovoltaik<\/a> <a href=\"https:\/\/boklima.de\/?cat=210\" rel=\"category\">PV-Initiative<\/a> <a href=\"https:\/\/boklima.de\/?cat=155\" rel=\"category\">relevant-BoKlima<\/a> <a href=\"https:\/\/boklima.de\/?cat=160\" rel=\"category\">Energie-Einsparung<\/a> <a href=\"https:\/\/boklima.de\/?cat=174\" rel=\"category\">Solarstrom<\/a> <a href=\"https:\/\/boklima.de\/?cat=104\" rel=\"category\">\u00f6ffentlich (f\u00fcr alle lesbar)<\/a>","rttpg_excerpt":"Der Solarenergie F\u00f6rderverein hat ein neues Themenheft zu SteckerSolar \/ BalkonSolar ver\u00f6ffentlicht . Inhalt 2023 wurden 300.000 Stecker-solarger\u00e4te installiert. Zusammengerechnet k\u00f6nnten sie den Strombedarf von mind.55.000 Haushalten decken. Tip : sehr lesenswert ! Insbes. Interessant (S.26) : Individuelle Unterkonstruktionen f\u00fcr Steckersolarger\u00e4teWas tun, wenn das markt\u00fcbliche System nicht passt?","_links":{"self":[{"href":"https:\/\/boklima.de\/index.php?rest_route=\/wp\/v2\/posts\/14226","targetHints":{"allow":["GET"]}}],"collection":[{"href":"https:\/\/boklima.de\/index.php?rest_route=\/wp\/v2\/posts"}],"about":[{"href":"https:\/\/boklima.de\/index.php?rest_route=\/wp\/v2\/types\/post"}],"author":[{"embeddable":true,"href":"https:\/\/boklima.de\/index.php?rest_route=\/wp\/v2\/users\/2"}],"replies":[{"embeddable":true,"href":"https:\/\/boklima.de\/index.php?rest_route=%2Fwp%2Fv2%2Fcomments&post=14226"}],"version-history":[{"count":3,"href":"https:\/\/boklima.de\/index.php?rest_route=\/wp\/v2\/posts\/14226\/revisions"}],"predecessor-version":[{"id":14232,"href":"https:\/\/boklima.de\/index.php?rest_route=\/wp\/v2\/posts\/14226\/revisions\/14232"}],"wp:featuredmedia":[{"embeddable":true,"href":"https:\/\/boklima.de\/index.php?rest_route=\/wp\/v2\/media\/14227"}],"wp:attachment":[{"href":"https:\/\/boklima.de\/index.php?rest_route=%2Fwp%2Fv2%2Fmedia&parent=14226"}],"wp:term":[{"taxonomy":"category","embeddable":true,"href":"https:\/\/boklima.de\/index.php?rest_route=%2Fwp%2Fv2%2Fcategories&post=14226"},{"taxonomy":"post_tag","embeddable":true,"href":"https:\/\/boklima.de\/index.php?rest_route=%2Fwp%2Fv2%2Ftags&post=14226"}],"curies":[{"name":"wp","href":"https:\/\/api.w.org\/{rel}","templated":true}]}}