{"id":14197,"date":"2024-06-10T13:37:00","date_gmt":"2024-06-10T11:37:00","guid":{"rendered":"https:\/\/boklima.de\/?p=14197"},"modified":"2024-06-10T13:39:28","modified_gmt":"2024-06-10T11:39:28","slug":"boklima-workshops-zu-balkon-kraftwerken","status":"publish","type":"post","link":"https:\/\/boklima.de\/?p=14197","title":{"rendered":"BoKlima &#8212; Workshops zu Balkon-Kraftwerken"},"content":{"rendered":"\n<div class=\"wp-block-group has-background\" style=\"background-color:#eafac3\"><div class=\"wp-block-group__inner-container is-layout-constrained wp-block-group-is-layout-constrained\">\n<p class=\"has-text-align-center has-medium-font-size\"><strong>N\u00e4chste Balkon-Solar-Workshop<\/strong>s :<\/p>\n\n\n\n<ul class=\"wp-block-list\">\n<li><strong>SA 15.06.24 11-17h P V Pr\u00e4sentation im Rahmen der Grummer Umwlttage<\/strong> , Johannes-Kirche, Ennepestra\u00dfe 15a , 44807 Bo<\/li>\n\n\n\n<li><strong>8. PV-Workshop : FR, 21.06.2024 , 19h , Naturfreunde Langendreer , Hohe-Eiche 20<\/strong>\n<ul class=\"wp-block-list\">\n<li>Der Workshop ist kostenlos !<\/li>\n<\/ul>\n<\/li>\n\n\n\n<li>(( Zur Liste der vergangenen Workshops : <a href=\"https:\/\/boklima.de\/pv\/\">hier<\/a> ))<\/li>\n<\/ul>\n<\/div><\/div>\n\n\n<div class=\"wp-block-image is-style-default\">\n<figure class=\"alignleft size-full is-resized\"><a href=\"https:\/\/boklima.de\/wp-content\/uploads\/2023\/03\/grafik-4.png\"><img loading=\"lazy\" decoding=\"async\" width=\"824\" height=\"302\" src=\"https:\/\/boklima.de\/wp-content\/uploads\/2023\/03\/grafik-4.png\" alt=\"\" class=\"wp-image-13011\" style=\"width:206px;height:76px\" srcset=\"https:\/\/boklima.de\/wp-content\/uploads\/2023\/03\/grafik-4.png 824w, https:\/\/boklima.de\/wp-content\/uploads\/2023\/03\/grafik-4-300x110.png 300w, https:\/\/boklima.de\/wp-content\/uploads\/2023\/03\/grafik-4-768x281.png 768w\" sizes=\"auto, (max-width: 709px) 85vw, (max-width: 909px) 67vw, (max-width: 984px) 61vw, (max-width: 1362px) 45vw, 600px\" \/><\/a><\/figure>\n<\/div>\n\n\n<p>Boklima motiviert und informiert in seinen Workshops  zu Balkon-Kraftwerken \/ Mini-PV-Anlagen &#8230; :<\/p>\n\n\n\n<div class=\"wp-block-group\"><div class=\"wp-block-group__inner-container is-layout-constrained wp-block-group-is-layout-constrained\">\n<h3 class=\"wp-block-heading has-text-align-center has-background has-medium-font-size\" style=\"background-color:#fdf3b4\"><span class=\"ez-toc-section\" id=\"%E2%80%9D_Sonnenstrom_fuer_Alle_%E2%80%93_mein_erstes_Balkonkraftwerk_%E2%80%93_Vortrag_und_Workshop_zum_Schnuppern_und_Anfassen_%E2%80%9C\"><\/span>&#8221; Sonnenstrom f\u00fcr Alle <br>&#8211; mein erstes Balkonkraftwerk &#8211;<br>Vortrag und Workshop zum Schnuppern und Anfassen &#8220;<span class=\"ez-toc-section-end\"><\/span><\/h3>\n\n\n\n<hr class=\"wp-block-separator has-alpha-channel-opacity\"\/>\n\n\n\n<p>Aus der DASA Dortmund :<\/p>\n\n\n<div class=\"wp-block-image is-style-default\">\n<figure class=\"aligncenter size-full\"><a href=\"https:\/\/boklima.de\/wp-content\/uploads\/2024\/02\/image-9.png\"><img loading=\"lazy\" decoding=\"async\" width=\"549\" height=\"253\" src=\"https:\/\/boklima.de\/wp-content\/uploads\/2024\/02\/image-9.png\" alt=\"\" class=\"wp-image-13839\" srcset=\"https:\/\/boklima.de\/wp-content\/uploads\/2024\/02\/image-9.png 549w, https:\/\/boklima.de\/wp-content\/uploads\/2024\/02\/image-9-300x138.png 300w\" sizes=\"auto, (max-width: 549px) 85vw, 549px\" \/><\/a><\/figure>\n<\/div>\n\n\n<hr class=\"wp-block-separator has-alpha-channel-opacity\"\/>\n\n\n\n<hr class=\"wp-block-separator has-alpha-channel-opacity\"\/>\n\n\n\n<ul class=\"wp-block-list\">\n<li><\/li>\n<\/ul>\n<\/div><\/div>\n\n\n\n<h3 class=\"wp-block-heading\"><span class=\"ez-toc-section\" id=\"Themen_Beschreibung\"><\/span>Themen \/ Beschreibung<span class=\"ez-toc-section-end\"><\/span><\/h3>\n\n\n\n<p>In Theorie und Praxis wird aufgezeigt, wie der Wunsch nach einer eigenen kleinen Photovoltaikanlage Wirklichkeit werden kann.<\/p>\n\n\n\n<p>Sogenannte Balkonkraftwerke sind ein wunderbarer erster Schritt, um Erneuerbare Energie zu Hause selbst zu erzeugen, selbst zu nutzen, die Stromrechnung zu mindern und Teil der Energiewende zu werden.<\/p>\n\n\n\n<p>In einem Vortragsteil werden zun\u00e4chst die Grundlagen der solaren Stromgewinnung erl\u00e4utert und die Besonderheiten der Balkonkraftwerke dargestellt.<\/p>\n\n\n\n<p>Anschlie\u00dfend geht&#8217;s ganz praktisch weiter: Solarmodul, Wechselrichter, Verkabelung, Steckverbindungen usw. k\u00f6nnen angefasst und selbst zusammengebaut werden.<\/p>\n\n\n\n<p>Wenn die Sonne scheint, erzeugen wir zum Abschluss des Workshops gemeinsam euren ersten Solarstrom!<\/p>\n\n\n\n<p>Eine Veranstaltung vom<br>Bochumer Klimaschutzb\u00fcndnis (<a href=\"https:\/\/boklima.de\/\">BoKlima.de<\/a>)<\/p>\n\n\n\n<p><strong>Anmeldung<\/strong> zu den Workshops unter  :  <a rel=\"noreferrer noopener\" href=\"mailto:balkonsolar@boklima.de\" target=\"_blank\">balkonsolar@boklima.de<\/a><\/p>\n\n\n\n<hr class=\"wp-block-separator has-alpha-channel-opacity\"\/>\n\n\n\n<p>Der Flyer zur Veranstaltung (als PDF) :<a href=\"https:\/\/boklima.de\/wp-content\/uploads\/2024\/05\/240526-0615-terminflyer-pv-boklima-johanneskirsche-v0.92-a5.pdf\" data-type=\"URL\" target=\"_blank\" rel=\"noreferrer noopener\"> hier <\/a><\/p>\n\n\n\n<p><\/p>\n\n\n\n<div class=\"wp-block-algori-pdf-viewer-block-algori-pdf-viewer\"><iframe class=\"wp-block-algori-pdf-viewer-block-algori-pdf-viewer-iframe\" src=\"https:\/\/boklima.de\/wp-content\/plugins\/algori-pdf-viewer\/dist\/web\/viewer.html?file=https%3A%2F%2Fboklima.de%2Fwp-content%2Fuploads%2F2024%2F05%2F240526-0615-terminflyer-pv-boklima-johanneskirsche-v0.92-a5.pdf\" style=\"width:400px;height:1040px\"><\/iframe><\/div>\n\n\n\n<p>.<\/p>\n\n\n\n<hr class=\"wp-block-separator has-alpha-channel-opacity\"\/>\n\n\n\n<p>Link zu unseren (Balkon-)-PV-Beitr\u00e4gen : <a href=\"https:\/\/boklima.de\/?p=11237\">hier<\/a> <\/p>\n\n\n\n<hr class=\"wp-block-separator has-alpha-channel-opacity\"\/>\n\n\n\n<h3 class=\"wp-block-heading\"><span class=\"ez-toc-section\" id=\"Weitere_Links_und_Hinweise\"><\/span>Weitere Links und Hinweise :<span class=\"ez-toc-section-end\"><\/span><\/h3>\n\n\n\n<ul class=\"wp-block-list\">\n<li><strong>\u00dcberarbeiter Solar-Ertragsrechner der HTW-Berlin : <a href=\"https:\/\/apps.htw-berlin.de\/stecker-solar-simulator\/\" target=\"_blank\" rel=\"noreferrer noopener nofollow\">hier<\/a><\/strong><\/li>\n<\/ul>\n\n\n\n<ul class=\"wp-block-list\">\n<li>(07.06.24, heise) , <a href=\"https:\/\/www.heise.de\/news\/Vorsicht-Kunde-der-c-t-Podcast-Solaranlage-darf-nicht-ans-Netz-9749512.html\" target=\"_blank\" rel=\"noreferrer noopener nofollow\">Vorsicht, Kunde! \u2013 der c\u2019t-Podcast: Solaranlage darf nicht ans Netz<\/a><\/li>\n\n\n\n<li>(07.06.24, heise) , <a href=\"https:\/\/www.heise.de\/ratgeber\/Anbieter-Sonnen-laesst-Kunden-auf-Solarverguetung-warten-9668654.html\" target=\"_blank\" rel=\"noreferrer noopener nofollow\">Anbieter Sonnen l\u00e4sst Kunden auf Solarverg\u00fctung warten<\/a><\/li>\n\n\n\n<li>(05.06.24, BoKlima) , <a href=\"https:\/\/boklima.de\/?p=14170\">Deutscher Umwelttag Berlin ; WATTBEWERB vergibt Preise f\u00fcr gr\u00f6\u00dften PV-Zubau \u2014 Bochum nicht dabei<\/a><\/li>\n\n\n\n<li>(05.06.24, PV-Magazin) , <a href=\"https:\/\/www.pv-magazine.de\/2024\/06\/05\/htw-berlin-aktualisiert-stecker-solar-simulator-auf-800-watt\/\" target=\"_blank\" rel=\"noreferrer noopener nofollow\">HTW Berlin aktualisiert Stecker-Solar-Simulator auf 800 Watt<\/a> ; Nach Inkrafttreten des \u201eSolarpaket I\u201c reagieren Hochschule und Hersteller von Photovoltaik-Balkonanlagen. Sie passen ihre Angebote auf die nun erh\u00f6hte maximale Einspeiseleistung von 800 Watt an. Auch normtechnisch ist der Weg f\u00fcr die neue Bagatellgrenze frei, da die Anmeldung beim Netzbetreiber entf\u00e4llt, wie die DGS klarstellte.<\/li>\n\n\n\n<li>(05.06.24, PV-Magazin) , <a href=\"https:\/\/www.pv-magazine.de\/2024\/06\/05\/pv-magazine-podcast-geht-balkonsolar-jetzt-kinderleicht\/\" target=\"_blank\" rel=\"noreferrer noopener nofollow\">pv magazine Podcast: Geht Balkonsolar jetzt kinderleicht? ; <\/a>Stecker-Solar-Sets sind aktuell sehr g\u00fcnstig zu bekommen. Sie d\u00fcrfen jetzt bis zu 800 Watt Einspeiseleistung haben und m\u00fcssen nur noch bei der Bundesnetzagentur, nicht mehr beim Netzbetreiber angemeldet werden. Im pv magazine Podcast diskutieren wir, welche Regeln und Normen f\u00fcr die kleinen Photovoltaik-Anlagen gelten, was bei der Installation beachtet werden sollte und wie die Anlagen durch Einbindung eines Batteriespeichers smart werden.<\/li>\n\n\n\n<li>(05.06.24, heise) ,<a href=\"https:\/\/www.heise.de\/news\/Solaratlas-zeigt-welche-Gebaeudedaecher-sich-gut-fuer-Photovoltaik-eignen-9749375.html\" target=\"_blank\" rel=\"noreferrer noopener nofollow\"> Solaratlas zeigt, welche Geb\u00e4uded\u00e4cher sich gut f\u00fcr Photovoltaik eignen<\/a><\/li>\n\n\n\n<li>(17.05.24, BoKlima) , <a href=\"https:\/\/boklima.de\/?p=14134\">Hilfe zur Balkon-PV-Anmeldung im MarktstammdatenRegister<\/a><\/li>\n\n\n\n<li>(13.05.24, BoKlima) , <a href=\"https:\/\/boklima.de\/?p=14124\">Das Solarpaket \u2013 Was steckt drin f\u00fcr B\u00fcrgerenergie &amp; Co.?<\/a><\/li>\n\n\n\n<li>(26.04.24, BoKlima) , <a href=\"https:\/\/boklima.de\/?p=14090\">Solarpaket I (Mehr Solarstrom, weniger B\u00fcrokratie) FR 26.04 verabschiedet<\/a><\/li>\n\n\n\n<li>(17.04.24, BoKlima) , <a href=\"https:\/\/boklima.de\/?p=14075\">Impressionen vom PV-Workshop vom 13.04.24, VHS<\/a><\/li>\n<\/ul>\n\n\n\n<h3 class=\"wp-block-heading\"><span class=\"ez-toc-section\" id=\"einige_interessante_Seiten_der_Verbraucherzentralenrw\"><\/span>einige interessante Seiten der Verbraucherzentrale.nrw<span class=\"ez-toc-section-end\"><\/span><\/h3>\n\n\n\n<p>Kontakt zur kostenlosen (online) Beratung auch f\u00fcr Balklon-PV : via E-Mail :  <a href=\"mailto:bochum.energie@verbraucherzentrale.nrw\">bochum.energie@verbraucherzentrale.nrw<\/a><\/p>\n\n\n\n<ul class=\"wp-block-list\">\n<li>(16.05.24, vb.nrw) , <a href=\"https:\/\/www.verbraucherzentrale.nrw\/wissen\/energie\/erneuerbare-energien\/eeg-202324-was-heute-fuer-photovoltaikanlagen-gilt-75401\" target=\"_blank\" rel=\"noreferrer noopener nofollow\">EEG 2023\/24: Was heute f\u00fcr Photovoltaik-Anlagen gilt ; <\/a><br>Photovoltaik bleibt interessant f\u00fcr private Haushalte. Daf\u00fcr sorgen \u00c4nderungen im Erneuerbare-Energien-Gesetz (EEG) durch das &#8220;Solarpaket I&#8221;, das inzwischen in Kraft getreten ist.<\/li>\n\n\n\n<li>(16.05.24, vb.nrw) , <a href=\"https:\/\/www.verbraucherzentrale.nrw\/wissen\/energie\/erneuerbare-energien\/faq-zu-steckersolargeraeten-das-sind-die-haeufigsten-fragen-86652\" target=\"_blank\" rel=\"noreferrer noopener nofollow\">FAQ zu Steckersolar-Ger\u00e4ten: Das sind die h\u00e4ufigsten Fragen<\/a> ; <a href=\"https:\/\/www.verbraucherzentrale.nrw\/wissen\/energie\/erneuerbare-energien\/faq-zu-steckersolargeraeten-das-sind-die-haeufigsten-fragen-86652\" target=\"_blank\" rel=\"noreferrer noopener nofollow\">Eigentlich ist Steckersolar ganz einfach: Stecker in die Steckdose und los geht&#8217;s. Trotzdem ergeben sich in der Praxis viele Fragen. Die h\u00e4ufigsten beantworten wir hier.<\/a>&nbsp;<\/li>\n\n\n\n<li>(29.04.24, vb.nrw) , <a href=\"https:\/\/www.verbraucherzentrale.nrw\/wissen\/energie\/erneuerbare-energien\/lohnen-sich-batteriespeicher-fuer-photovoltaikanlagen-24589\" target=\"_blank\" rel=\"noreferrer noopener nofollow\">Lohnen sich Batteriespeicher f\u00fcr Photovoltaik-Anlagen?<\/a> ; <a href=\"https:\/\/www.verbraucherzentrale.nrw\/wissen\/energie\/erneuerbare-energien\/lohnen-sich-batteriespeicher-fuer-photovoltaikanlagen-24589\" target=\"_blank\" rel=\"noreferrer noopener nofollow\">F\u00fcr die neue Photovoltaikanlage auch gleich einen Batteriespeicher kaufen \u2013 lohnt sich das? Was so ein Speicher kann und worauf Sie beim Kauf achten sollten, erfahren Sie hier.<\/a>&nbsp;<\/li>\n\n\n\n<li>(01.03.24, vb.nrw) , <a href=\"https:\/\/www.verbraucherzentrale.nrw\/wissen\/energie\/erneuerbare-energien\/energiemanagementsystem-fuer-zu-hause-mehr-eigenen-strom-selber-nutzen-48095\" target=\"_blank\" rel=\"noreferrer noopener nofollow\">Energiemanagementsystem f\u00fcr zu Hause: Mehr eigenen Strom selber nutzen<\/a> ;  <a href=\"https:\/\/www.verbraucherzentrale.nrw\/wissen\/energie\/erneuerbare-energien\/energiemanagementsystem-fuer-zu-hause-mehr-eigenen-strom-selber-nutzen-48095\" target=\"_blank\" rel=\"noreferrer noopener nofollow\">In immer mehr Haushalten wird \u2013 zum Beispiel mit einer PV-Anlage \u2013 eigener Strom erzeugt. Home Energy Management Systems (HEMS) helfen dabei, mehr davon selbst zu nutzen.<\/a>&nbsp;<\/li>\n\n\n\n<li><\/li>\n<\/ul>\n\n\n\n<p><strong>Die Deutsche Umwelt Hilfe : <\/strong><br><a href=\"https:\/\/www.duh.de\/balkonkraftwerke\/\" target=\"_blank\" rel=\"noreferrer noopener\">Energiewende zum Selbermachen: Balkonkraftwerke machen\u2019s m\u00f6glich!<\/a><br>verlost z.Zt. 10 Balkonkraftwerke, Teilnehmen unter : <a href=\"https:\/\/wse.io\/umwelthilfe\/c\/62\/74744\">https:\/\/wse.io\/umwelthilfe\/c\/62\/74744<\/a><br>(Wenn dieser Link genutzt wird, erh\u00f6ht sich die Gewinnchance auf eine Anlage f\u00fcr BoKlima\/AkU\u2026)<\/p>\n\n\n\n<p><\/p>\n<div id=\"ez-toc-container\" class=\"ez-toc-v2_0_82_2 counter-hierarchy ez-toc-counter ez-toc-transparent ez-toc-container-direction\">\n<div class=\"ez-toc-title-container\">\n<p class=\"ez-toc-title\" style=\"cursor:inherit\">Inhalte dieser Seite :<\/p>\n<span class=\"ez-toc-title-toggle\"><a href=\"#\" class=\"ez-toc-pull-right ez-toc-btn ez-toc-btn-xs ez-toc-btn-default ez-toc-toggle\" aria-label=\"Toggle Table of Content\"><span class=\"ez-toc-js-icon-con\"><span class=\"\"><span class=\"eztoc-hide\" style=\"display:none;\">Toggle<\/span><span class=\"ez-toc-icon-toggle-span\"><svg style=\"fill: #999;color:#999\" xmlns=\"http:\/\/www.w3.org\/2000\/svg\" class=\"list-377408\" width=\"20px\" height=\"20px\" viewBox=\"0 0 24 24\" fill=\"none\"><path d=\"M6 6H4v2h2V6zm14 0H8v2h12V6zM4 11h2v2H4v-2zm16 0H8v2h12v-2zM4 16h2v2H4v-2zm16 0H8v2h12v-2z\" fill=\"currentColor\"><\/path><\/svg><svg style=\"fill: #999;color:#999\" class=\"arrow-unsorted-368013\" xmlns=\"http:\/\/www.w3.org\/2000\/svg\" width=\"10px\" height=\"10px\" viewBox=\"0 0 24 24\" version=\"1.2\" baseProfile=\"tiny\"><path d=\"M18.2 9.3l-6.2-6.3-6.2 6.3c-.2.2-.3.4-.3.7s.1.5.3.7c.2.2.4.3.7.3h11c.3 0 .5-.1.7-.3.2-.2.3-.5.3-.7s-.1-.5-.3-.7zM5.8 14.7l6.2 6.3 6.2-6.3c.2-.2.3-.5.3-.7s-.1-.5-.3-.7c-.2-.2-.4-.3-.7-.3h-11c-.3 0-.5.1-.7.3-.2.2-.3.5-.3.7s.1.5.3.7z\"\/><\/svg><\/span><\/span><\/span><\/a><\/span><\/div>\n<nav><ul class='ez-toc-list ez-toc-list-level-1 eztoc-toggle-hide-by-default' ><li class='ez-toc-page-1 ez-toc-heading-level-3'><a class=\"ez-toc-link ez-toc-heading-1\" href=\"https:\/\/boklima.de\/?p=14197\/#%E2%80%9D_Sonnenstrom_fuer_Alle_%E2%80%93_mein_erstes_Balkonkraftwerk_%E2%80%93_Vortrag_und_Workshop_zum_Schnuppern_und_Anfassen_%E2%80%9C\" >&#8221; Sonnenstrom f\u00fcr Alle  &#8211; mein erstes Balkonkraftwerk &#8211; Vortrag und Workshop zum Schnuppern und Anfassen &#8220;<\/a><\/li><li class='ez-toc-page-1 ez-toc-heading-level-3'><a class=\"ez-toc-link ez-toc-heading-2\" href=\"https:\/\/boklima.de\/?p=14197\/#Themen_Beschreibung\" >Themen \/ Beschreibung<\/a><\/li><li class='ez-toc-page-1 ez-toc-heading-level-3'><a class=\"ez-toc-link ez-toc-heading-3\" href=\"https:\/\/boklima.de\/?p=14197\/#Weitere_Links_und_Hinweise\" >Weitere Links und Hinweise :<\/a><\/li><li class='ez-toc-page-1 ez-toc-heading-level-3'><a class=\"ez-toc-link ez-toc-heading-4\" href=\"https:\/\/boklima.de\/?p=14197\/#einige_interessante_Seiten_der_Verbraucherzentralenrw\" >einige interessante Seiten der Verbraucherzentrale.nrw<\/a><\/li><\/ul><\/nav><\/div>\n","protected":false},"excerpt":{"rendered":"<p>N\u00e4chste Balkon-Solar-Workshops : Boklima motiviert und informiert in seinen Workshops zu Balkon-Kraftwerken \/ Mini-PV-Anlagen &#8230; : &#8221; Sonnenstrom f\u00fcr Alle &#8211; mein erstes Balkonkraftwerk &#8211;Vortrag und Workshop zum Schnuppern und Anfassen &#8220; Aus der DASA Dortmund : Themen \/ Beschreibung In Theorie und Praxis wird aufgezeigt, wie der Wunsch nach einer eigenen kleinen Photovoltaikanlage Wirklichkeit &hellip; <a href=\"https:\/\/boklima.de\/?p=14197\" class=\"more-link\"><span class=\"screen-reader-text\">\u201eBoKlima &#8212; Workshops zu Balkon-Kraftwerken\u201c <\/span>weiterlesen<\/a><\/p>\n","protected":false},"author":2,"featured_media":14200,"comment_status":"closed","ping_status":"closed","sticky":false,"template":"","format":"standard","meta":{"ngg_post_thumbnail":0,"footnotes":"","_share_on_mastodon":"1"},"categories":[174,175,210,155,104],"tags":[229,286,304,178,181],"class_list":["post-14197","post","type-post","status-publish","format-standard","has-post-thumbnail","hentry","category-solarstrom","category-photovoltaik","category-pv-initiative","category-relevant-boklima","category-oeffentlich-fuer-alle-site-besucher-lesbar","tag-balkon-pv","tag-pvworkshop","tag-jedeswattzaehlt","tag-photovoltaik","tag-energieerzeugung"],"share_on_mastodon":{"url":"https:\/\/ruhr.social\/@BoKlima\/110123617975309548","error":""},"rttpg_featured_image_url":{"full":["https:\/\/boklima.de\/wp-content\/uploads\/2024\/06\/image-8.png",380,408,false],"landscape":["https:\/\/boklima.de\/wp-content\/uploads\/2024\/06\/image-8.png",380,408,false],"portraits":["https:\/\/boklima.de\/wp-content\/uploads\/2024\/06\/image-8.png",380,408,false],"thumbnail":["https:\/\/boklima.de\/wp-content\/uploads\/2024\/06\/image-8-150x150.png",150,150,true],"medium":["https:\/\/boklima.de\/wp-content\/uploads\/2024\/06\/image-8-279x300.png",279,300,true],"large":["https:\/\/boklima.de\/wp-content\/uploads\/2024\/06\/image-8.png",380,408,false],"1536x1536":["https:\/\/boklima.de\/wp-content\/uploads\/2024\/06\/image-8.png",380,408,false],"2048x2048":["https:\/\/boklima.de\/wp-content\/uploads\/2024\/06\/image-8.png",380,408,false],"post-thumbnail":["https:\/\/boklima.de\/wp-content\/uploads\/2024\/06\/image-8.png",380,408,false]},"rttpg_author":{"display_name":"thomas - als admin","author_link":"https:\/\/boklima.de\/?author=2"},"rttpg_comment":0,"rttpg_category":"<a href=\"https:\/\/boklima.de\/?cat=174\" rel=\"category\">Solarstrom<\/a> <a href=\"https:\/\/boklima.de\/?cat=175\" rel=\"category\">Photovoltaik<\/a> <a href=\"https:\/\/boklima.de\/?cat=210\" rel=\"category\">PV-Initiative<\/a> <a href=\"https:\/\/boklima.de\/?cat=155\" rel=\"category\">relevant-BoKlima<\/a> <a href=\"https:\/\/boklima.de\/?cat=104\" rel=\"category\">\u00f6ffentlich (f\u00fcr alle lesbar)<\/a>","rttpg_excerpt":"N\u00e4chste Balkon-Solar-Workshops : Boklima motiviert und informiert in seinen Workshops zu Balkon-Kraftwerken \/ Mini-PV-Anlagen &#8230; : &#8221; Sonnenstrom f\u00fcr Alle &#8211; mein erstes Balkonkraftwerk &#8211;Vortrag und Workshop zum Schnuppern und Anfassen &#8220; Aus der DASA Dortmund : Themen \/ Beschreibung In Theorie und Praxis wird aufgezeigt, wie der Wunsch nach einer eigenen kleinen Photovoltaikanlage Wirklichkeit&hellip;","_links":{"self":[{"href":"https:\/\/boklima.de\/index.php?rest_route=\/wp\/v2\/posts\/14197","targetHints":{"allow":["GET"]}}],"collection":[{"href":"https:\/\/boklima.de\/index.php?rest_route=\/wp\/v2\/posts"}],"about":[{"href":"https:\/\/boklima.de\/index.php?rest_route=\/wp\/v2\/types\/post"}],"author":[{"embeddable":true,"href":"https:\/\/boklima.de\/index.php?rest_route=\/wp\/v2\/users\/2"}],"replies":[{"embeddable":true,"href":"https:\/\/boklima.de\/index.php?rest_route=%2Fwp%2Fv2%2Fcomments&post=14197"}],"version-history":[{"count":2,"href":"https:\/\/boklima.de\/index.php?rest_route=\/wp\/v2\/posts\/14197\/revisions"}],"predecessor-version":[{"id":14202,"href":"https:\/\/boklima.de\/index.php?rest_route=\/wp\/v2\/posts\/14197\/revisions\/14202"}],"wp:featuredmedia":[{"embeddable":true,"href":"https:\/\/boklima.de\/index.php?rest_route=\/wp\/v2\/media\/14200"}],"wp:attachment":[{"href":"https:\/\/boklima.de\/index.php?rest_route=%2Fwp%2Fv2%2Fmedia&parent=14197"}],"wp:term":[{"taxonomy":"category","embeddable":true,"href":"https:\/\/boklima.de\/index.php?rest_route=%2Fwp%2Fv2%2Fcategories&post=14197"},{"taxonomy":"post_tag","embeddable":true,"href":"https:\/\/boklima.de\/index.php?rest_route=%2Fwp%2Fv2%2Ftags&post=14197"}],"curies":[{"name":"wp","href":"https:\/\/api.w.org\/{rel}","templated":true}]}}