{"id":14182,"date":"2024-06-17T14:11:07","date_gmt":"2024-06-17T12:11:07","guid":{"rendered":"https:\/\/boklima.de\/?p=14182"},"modified":"2024-06-17T14:11:07","modified_gmt":"2024-06-17T12:11:07","slug":"19-klimanotstandsbrief-knb-einige-gute-ansaetze-aber-unterm-strich-leider-doch-noch-unbefriedigend","status":"publish","type":"post","link":"https:\/\/boklima.de\/?p=14182","title":{"rendered":"19. KlimaNotstandsBrief (KNB): Einige gute Ans\u00e4tze, aber unterm Strich leider doch noch unbefriedigend!"},"content":{"rendered":"\n<p>(17.06.24, <a href=\"https:\/\/boklima.de\/?p=14182#Fragen_fuer_die_Fragehalbestunde_des_Rates\">Aktualisierung der Fragen f\u00fcr die Fragehalbestunde s.u.<\/a>)<\/p>\n\n\n\n<p>An unseren Oberb\u00fcrgermeister Herrn Thomas Eiskirch, die Mitglieder des <br>Rates und der Aussch\u00fcsse sowie die zust\u00e4ndigen \u00c4mter der <br>Stadtverwaltung Bochums<\/p>\n\n\n\n<h3 class=\"wp-block-heading\"><span class=\"ez-toc-section\" id=\"Einige_gute_Ansaetze_aber_unterm_Strich_leider_doch_noch_unbefriedigend\"><\/span><strong>Einige gute Ans\u00e4tze,<\/strong> <strong>aber unterm Strich leider doch noch unbefriedigend!<\/strong><span class=\"ez-toc-section-end\"><\/span><\/h3>\n\n\n\n<p>Sehr geehrter Herr Oberb\u00fcrgermeister, <br>sehr geehrte Damen und Herren der Verwaltung und der politischen Gremien,<\/p>\n\n\n\n<p>am heutigen Donnerstag, dem 6. Juni, j\u00e4hrt sich die Ausrufung des Klimanotstandes f\u00fcr unsere Stadt zum f\u00fcnften Mal. Denn am 6. Juni 2019 ging der Rat folgende Selbstverpflichtung ein:<\/p>\n\n\n\n<p>\u201e<em>Die Kommune wird die Auswirkungen auf das Klima sowie die \u00f6kologische, gesellschaft-liche und \u00f6konomische Nachhaltigkeit bei jeglichen davon betroffenen Entscheidungen ber\u00fccksichtigen und wenn immer m\u00f6glich jene Entscheidungen priorit\u00e4r behandeln, welche den Klimawandel oder dessen Folgen abschw\u00e4chen.\u201c<\/em><\/p>\n\n\n\n<p><strong>Vor diesem Hintergrund nehmen wir hiermit zum Bebauungsplanentwurf 0862 &#8211; Markstra\u00dfe \/ Stiepeler Stra\u00dfe \u2013 wie folgt Stellung:<\/strong><\/p>\n\n\n\n<p>Das Bochumer Klimaschutzb\u00fcndnis begr\u00fc\u00dft zukunftsf\u00e4hige Festsetzungen im vorgenannten Bebauungsplanentwurf ausdr\u00fccklich, sieht aber auch viele Kritikpunkte, neben verschiedenen Details vor allem die geplante Entfernung des Baumbestandes betreffend:<\/p>\n\n\n<div class=\"wp-block-image is-style-default\">\n<figure class=\"alignleft size-thumbnail\"><a href=\"https:\/\/boklima.de\/wp-content\/uploads\/2024\/06\/image-2.png\"><img loading=\"lazy\" decoding=\"async\" width=\"150\" height=\"150\" src=\"https:\/\/boklima.de\/wp-content\/uploads\/2024\/06\/image-2-150x150.png\" alt=\"\" class=\"wp-image-14183\"\/><\/a><\/figure>\n<\/div>\n\n\n<p class=\"has-small-font-size\">So begr\u00fc\u00dfen wir die <strong>Gr\u00fcndachvorgabe<\/strong>, gerade <strong>in Verbindung mit solartechnischen Anlagen<\/strong>, die hier keinen Ausnahmetatbestand darstellen sollen. Beide Zusatzfunktionen sind nicht nur m\u00f6glich, sondern machen in der Kombination, auch \u00e4sthetisch, Sinn:<br> <em>Foto: Bundesverband Geb\u00e4udeGr\u00fcn e. V.<\/em><\/p>\n\n\n\n<p><\/p>\n\n\n\n<p>Weniger nachvollziehbar ist dagegen die Vorgabe, nach der Anlagen zur Nutzung von <strong>Sonnenenergie einen Mindestabstand von 2,0 m<\/strong> zu allen Dachr\u00e4ndern einhalten m\u00fcssen. Diese Vorgabe halten wir f\u00fcr unn\u00f6tig und kontraproduktiv. Wirklich notwendige Abst\u00e4nde zum Dachrand ergeben sich f\u00fcr Revisionsarbeiten und zur Vermeidung \u00fcberm\u00e4\u00dfiger Windkr\u00e4fte planerisch von selbst. Durch Staffelgeschosse verkleinern sich die Dachfl\u00e4chen ohnehin, zudem beanspruchen hier weitere Aufbauten Platz (Aufzugs\u00fcberfahrten etc.), sodass die solar nutzbare Fl\u00e4che sehr schnell, sehr klein wird. Das gilt es unbedingt zu vermeiden! In dem Zusammenhang leuchtet uns auch das Verbot von Dach\u00fcberst\u00e4nden nicht ein, die das Dachfl\u00e4chenangebot vergr\u00f6\u00dfern w\u00fcrden.<\/p>\n\n\n\n<p><\/p>\n\n\n<div class=\"wp-block-image is-style-default\">\n<figure class=\"alignleft size-thumbnail\"><a href=\"https:\/\/boklima.de\/wp-content\/uploads\/2024\/06\/image-3.png\"><img loading=\"lazy\" decoding=\"async\" width=\"150\" height=\"150\" src=\"https:\/\/boklima.de\/wp-content\/uploads\/2024\/06\/image-3-150x150.png\" alt=\"\" class=\"wp-image-14184\" srcset=\"https:\/\/boklima.de\/wp-content\/uploads\/2024\/06\/image-3-150x150.png 150w, https:\/\/boklima.de\/wp-content\/uploads\/2024\/06\/image-3-300x300.png 300w, https:\/\/boklima.de\/wp-content\/uploads\/2024\/06\/image-3.png 388w\" sizes=\"auto, (max-width: 150px) 85vw, 150px\" \/><\/a><\/figure>\n<\/div>\n\n\n<p>Die Formulierungen \u00fcber die <strong>Unzul\u00e4ssigkeit von Steinsch\u00fcttungen<\/strong> (Schotter, Kies, Splitt oder \u00c4hnlichem) bei der Gartengestaltung sind unseres Erachtens \u00fcberarbeitungsbed\u00fcrftig. Nachteilige Schotterg\u00e4rten k\u00f6nnen nicht mit vorteilhaften Kiesbeeten oder Granulatsch\u00fcttungen gleichgesetzt werden.<br><em>Foto: BoKlima (Pflanzbeet der Stadt Bochum in Weitmar-Mark)<\/em><\/p>\n\n\n\n<p>Auch die Vorgaben zur Bepflanzung sollten nach unserem Daf\u00fcrhalten \u00fcberarbeitet werden:<br><strong>Vogeln\u00e4hrgeh\u00f6lze und Bienenweiden werden ben\u00f6tigt<\/strong>, Kirschlorbeer ist \u00fcberfl\u00fcssig. Doch genau das geben die Festsetzungen in der Form nicht her!<\/p>\n\n\n\n<p>Warum sich unsere Stadt bei der <strong>Begr\u00fcnung der Geb\u00e4udefassaden<\/strong> bei den \u201eSportanlagen Universit\u00e4t und Schule&#8221; bereits mit 30 % zufrieden geben will, leuchtet uns nicht ein. Wo liegt das Problem weitergehender Begr\u00fcnungen?<\/p>\n\n\n\n<p>Auch k\u00f6nnen wir nicht nachvollziehen, weshalb <strong>Tore von Tiefgaragenzufahrten blickdicht<\/strong> auszuf\u00fchren sind. Tiefgaragen sollten wenn irgend m\u00f6glich mit freier L\u00fcftung, d.h. ohne eine mechanische L\u00fcftungsanlage, ausgef\u00fchrt werden. Dies spart entsprechende Ressourcen beim Bau wie beim Betrieb. Daf\u00fcr sind Torkonstruktionen mit gr\u00f6\u00dftm\u00f6glichem freien Querschnitt von gro\u00dfem Vorteil, da hierdurch die Anordnung der weiteren notwendigen L\u00fcftungsquerschnitte f\u00fcr die Tiefgaragen erleichtert wird.<\/p>\n\n\n\n<p>Dagegen begr\u00fc\u00dfen wir ausdr\u00fccklich die Vorgaben zur Beleuchtung der Fl\u00e4chen mittels <strong>insektenfreundliche<\/strong><strong>r<\/strong><strong> Leuchtmittel<\/strong>, der Abstrahlungsbeschr\u00e4nkung in den unteren Halbraum sowie der Temperaturbegrenzung.<\/p>\n\n\n\n<p>Bei den Ma\u00dfnahmen <strong>gegen Vogelschlag vermissen wir eine konkrete Vorgabe<\/strong>. Es gen\u00fcgt u.E. nicht, wenn hier lediglich die Hinweise aus einer Brosch\u00fcre \u201eVogelfreundliches Bauen mit Glas und Licht\u201c ber\u00fccksichtigt werden <strong>sollten<\/strong>.<\/p>\n\n\n\n<p>Wir <strong>begr\u00fc\u00dfen die Unzul\u00e4ssigkeit von <\/strong><strong>Lichtwerbeanlagen<\/strong> mit bewegtem, laufendem, blendendem oder in zeitlichem Wechsel aufleuchtendem Licht. Wir haben jedoch Zweifel an der Eindeutigkeit der <strong>Beschr\u00e4nkung des Umfangs der Werbeanlagen<\/strong>. Wie viele in den genannten Gr\u00f6\u00dfen d\u00fcrfen es am Ende maximal sein? Zudem sollten die <strong>Betriebszeit<\/strong><strong>en<\/strong> der elektrisch beleuchteten Werbeanlagen sinnvoll eingeschr\u00e4nkt werden.<\/p>\n\n\n\n<hr class=\"wp-block-separator has-alpha-channel-opacity\"\/>\n\n\n\n<p>Und nun zum wichtigsten Aspekt, den Bestandsb\u00e4umen:<\/p>\n\n\n\n<p>Der aus 750 B\u00e4umen mit mittlerem und hohem \u00f6kologischem Wert bestehende <strong>Baum<\/strong><strong>g\u00fcrtel <\/strong><strong>entlang der Markstra\u00dfe und der Stiepeler Stra\u00dfe<\/strong> ist ein nicht hoch genug zu bewertender Standortvorteil f\u00fcr das Bebauungsplangebiet 0862.<\/p>\n\n\n\n<figure class=\"wp-block-image size-large is-style-default\"><img loading=\"lazy\" decoding=\"async\" width=\"1024\" height=\"341\" src=\"https:\/\/boklima.de\/wp-content\/uploads\/2024\/06\/image-4-1024x341.png\" alt=\"\" class=\"wp-image-14185\" srcset=\"https:\/\/boklima.de\/wp-content\/uploads\/2024\/06\/image-4-1024x341.png 1024w, https:\/\/boklima.de\/wp-content\/uploads\/2024\/06\/image-4-300x100.png 300w, https:\/\/boklima.de\/wp-content\/uploads\/2024\/06\/image-4-768x256.png 768w, https:\/\/boklima.de\/wp-content\/uploads\/2024\/06\/image-4-1536x511.png 1536w, https:\/\/boklima.de\/wp-content\/uploads\/2024\/06\/image-4-1200x399.png 1200w, https:\/\/boklima.de\/wp-content\/uploads\/2024\/06\/image-4.png 1866w\" sizes=\"auto, (max-width: 709px) 85vw, (max-width: 909px) 67vw, (max-width: 1362px) 62vw, 840px\" \/><\/figure>\n\n\n\n<p class=\"has-small-font-size\"><em>Foto: BoKlima (750 B\u00e4ume entlang Markstra\u00dfe und Stiepeler Stra\u00dfe)<\/em><\/p>\n\n\n\n<p>Es bedurfte nicht erst des von der NRW.URBAN beauftragten Umweltgutachtens zu dieser Fl\u00e4che, in dem wieder und wieder auf die erhebliche Bedeutung der B\u00e4ume f\u00fcr die Stadtplanung hingewiesen wird! Auch nicht der seit mehr als einem Jahrzehnt bekannten Zone 1 &#8211; Einstufung der Fl\u00e4che als &#8220;Gebiet mit einer Hitzebelastung im Ist-Zustand&#8221;.<\/p>\n\n\n\n<p>Bochums B\u00fcrger:innen wissen seit langem, wie wichtig B\u00e4ume f\u00fcr unser Stadtklima sind. <strong>Deshalb m\u00fcssen die <\/strong><strong>im n\u00f6rdlichen Grundst\u00fccksbereich angedachten<\/strong><strong> Nutzungen (Eckgeb\u00e4ude und Parkpl\u00e4<\/strong><strong>t<\/strong><strong>ze) <\/strong><strong>an den <\/strong><strong>vorhandenen <\/strong><strong>Baumbestand<\/strong><strong> an<\/strong><strong>ge<\/strong><strong>pass<\/strong><strong>t werd<\/strong><strong>en, <\/strong><strong>und nicht umgekehrt!<\/strong>Es darf kein Sakrileg sein, wenn Baumbest\u00e4nde Ausnutzungsgrade von Grundst\u00fccken schm\u00e4lern, denn<\/p>\n\n\n<div class=\"wp-block-image is-style-default\">\n<figure class=\"alignleft size-medium\"><a href=\"https:\/\/boklima.de\/wp-content\/uploads\/2024\/06\/image-5.png\"><img loading=\"lazy\" decoding=\"async\" width=\"300\" height=\"150\" src=\"https:\/\/boklima.de\/wp-content\/uploads\/2024\/06\/image-5-300x150.png\" alt=\"\" class=\"wp-image-14186\" srcset=\"https:\/\/boklima.de\/wp-content\/uploads\/2024\/06\/image-5-300x150.png 300w, https:\/\/boklima.de\/wp-content\/uploads\/2024\/06\/image-5-1024x511.png 1024w, https:\/\/boklima.de\/wp-content\/uploads\/2024\/06\/image-5-768x383.png 768w, https:\/\/boklima.de\/wp-content\/uploads\/2024\/06\/image-5.png 1161w\" sizes=\"auto, (max-width: 300px) 85vw, 300px\" \/><\/a><\/figure>\n<\/div>\n\n\n<p class=\"has-medium-font-size\"><strong>ohne B\u00e4ume<br>und saubere Luft<br>ist alles nichts.<\/strong><\/p>\n\n\n\n<p>B\u00e4ume, bei den B\u00fcrger:innen beliebte Schattenspender, hier im Bereich des ehemaligen Grundst\u00fcckszugangs von der Markstra\u00dfe aus (Foto: BoKlima)<\/p>\n\n\n\n<p>Ob die <strong>Bezirksverwaltungsstelle S\u00fcd<\/strong> unbedingt auf diesem Grundst\u00fcck angesiedelt werden und diese B\u00e4ume verdr\u00e4ngen muss, ist ohnehin fraglich: warum werden die bisherigen R\u00e4umlichkeiten nicht saniert? Warum wird nicht irgendwo aufgestockt oder \u00fcberbaut, z.B. die Sportgeb\u00e4ude entlang des \u00f6stlichen Planabschnitts? Wurde eine solche M\u00f6glichkeit untersucht? Welche alternativen Standorte wurden gepr\u00fcft?<\/p>\n\n\n\n<p>Und wozu die zahlreichen Parkl\u00e4tze, wo doch umfangreiche Tiefgaragen entstehen sollen?<\/p>\n\n\n\n<p>Hinzu kommt, dass der <strong>Ausnutzungsgrad des Grundst\u00fccks<\/strong> ohnedies schon sehr hoch ist. Sogar viel zu hoch, wie ortskundige Anrainer wegen des erwartbaren zus\u00e4tzlichen Fahrzeugaufkommens auf der bereits hochfrequentierten Markstra\u00dfe in ihren Stellungnahmen bereits zum Ausdruck gebracht haben.<\/p>\n\n\n<div class=\"wp-block-image is-style-default\">\n<figure class=\"alignleft size-medium\"><a href=\"https:\/\/boklima.de\/wp-content\/uploads\/2024\/06\/image-6.png\"><img loading=\"lazy\" decoding=\"async\" width=\"300\" height=\"224\" src=\"https:\/\/boklima.de\/wp-content\/uploads\/2024\/06\/image-6-300x224.png\" alt=\"\" class=\"wp-image-14187\" srcset=\"https:\/\/boklima.de\/wp-content\/uploads\/2024\/06\/image-6-300x224.png 300w, https:\/\/boklima.de\/wp-content\/uploads\/2024\/06\/image-6-768x574.png 768w, https:\/\/boklima.de\/wp-content\/uploads\/2024\/06\/image-6.png 939w\" sizes=\"auto, (max-width: 300px) 85vw, 300px\" \/><\/a><\/figure>\n<\/div>\n\n\n<p>Neben der w\u00fcnschenswerten Reduzierung der Grundst\u00fccksausnutzung stellt sich aber auch hier wieder die Frage, weshalb sich unsere Stadt nicht endlich einmal eine wirklich <strong>autofreie Siedlung<\/strong> erlauben m\u00f6chte. Zumal an einem Ort wie diesem, mit bester \u00d6PNV-Anbindung? An einer Stra\u00dfe wie der Markstra\u00dfe, an der weiterer Autoverkehr vermieden werden sollte!<\/p>\n\n\n\n<p><em>Foto: Autofreie Siedlung Weissenburg e.V.<\/em><\/p>\n\n\n\n<p>Viele Menschen verzichten bereits auf ein eigenes Auto und suchen Wohnraum, in dem sie ein paar <strong>Fr\u00fcchte des Verzichts ernten<\/strong> k\u00f6nnen: ein autofreies Grundst\u00fcck, entsprechend gefahrfrei f\u00fcr kleine und gro\u00dfe Kinder und gleichzeitig g\u00fcnstigeren Wohnraum, da Aufwendungen f\u00fcr Tiefgaragen, Parkpl\u00e4tze etc. erst gar nicht in die Baukosten einflie\u00dfen!<\/p>\n\n\n\n<p>In Erwartung Ihrer gesch\u00e4tzten R\u00fcck\u00e4u\u00dferungen und in der Hoffnung auf einen konstruktiven Austausch verbleiben wir f\u00fcr heute<\/p>\n\n\n\n<p>Bochum, den 6. Juni 2024 , Gez.: Ihre B\u00fcrger*innen des Bochumer Klimaschutzb\u00fcndnisses<br>Mailkontakt: <a href=\"mailto:boklima@boklima.de\">boklima@boklima.de<\/a> Homepage: <a href=\"http:\/\/www.boklima.de\/\">www.boklima.de<\/a><br>Kopien: Presseverteiler, B\u00fcndnisverteiler<\/p>\n\n\n\n<hr class=\"wp-block-separator has-alpha-channel-opacity\"\/>\n\n\n\n<p><strong>Anlage zum 19. Klimanotstandsbrief:<br><\/strong>(17.06.24, aktualisiert) Fragen f\u00fcr die Fragehalbestunde des Rates (pdf) : <a href=\"https:\/\/boklima.de\/wp-content\/uploads\/2024\/06\/240612-19.knb-fragehalbestunde-20240612-eks.pdf\" target=\"_blank\" rel=\"noreferrer noopener\">hier<\/a> <\/p>\n\n\n\n<p><strong>Quellen:<br><\/strong>Bebauungsplanentwurf 862<br><a href=\"https:\/\/www.o-sp.de\/bochum\/plan?L1=4&amp;pid=28397\">https:\/\/www.o-sp.de\/bochum\/plan?L1=4&amp;pid=28397<\/a><\/p>\n\n\n\n<h2 class=\"wp-block-heading\"><span class=\"ez-toc-section\" id=\"Fragen_fuer_die_Fragehalbestunde_des_Rates\"><\/span><strong>Fragen <\/strong><strong>f\u00fcr die <\/strong><strong>Fragehalbestunde des Rates<\/strong><span class=\"ez-toc-section-end\"><\/span><\/h2>\n\n\n\n<p>(17.06.14, aktualisiert )<\/p>\n\n\n\n<p>Nach der Beobachtung einiger Mitglieder des Bochumer Klimaschutzb\u00fcndnisses, die durch zwei beigef\u00fcgte Luftbilder aus 2020 und aus 2022 gest\u00fctzt werden, wurde der Baumbestand entlang der Markstra\u00dfe und der Stiepeler Stra\u00dfe (Bebauungsplangebiet 0862) in den letzten Jahren reduziert.<\/p>\n\n\n\n<p>Deshalb m\u00f6chten wir hiermit um Beantwortung folgender Fragen im Rahmen der Fragehalbestunde des Rates bitten:<\/p>\n\n\n<div class=\"wp-block-image is-style-default\">\n<figure class=\"alignright size-thumbnail\"><a href=\"https:\/\/boklima.de\/wp-content\/uploads\/2024\/06\/image-7.png\"><img loading=\"lazy\" decoding=\"async\" width=\"150\" height=\"150\" src=\"https:\/\/boklima.de\/wp-content\/uploads\/2024\/06\/image-7-150x150.png\" alt=\"\" class=\"wp-image-14188\"\/><\/a><\/figure>\n<\/div>\n\n\n<ol class=\"wp-block-list\">\n<li>Ist es zutreffend, dass der Baumbestand entlang der Markstra\u00dfe und der Stiepeler Stra\u00dfe im Bereich des Bebauungsplanentwurfs 0862 vor, bei oder nach dem Abriss der EKGS bereits reduziert wurde?<\/li>\n\n\n\n<li>Falls ja, auf welche Veranlassung und aus welchen Gr\u00fcnden geschah das?<\/li>\n\n\n\n<li>Falls ja, wann genau und durch wen erfolgten die Ma\u00dfnahmen?<\/li>\n\n\n\n<li>Falls ja, welchen genauen Umfang hatten diese F\u00e4llungen?<\/li>\n\n\n\n<li>Falls ja, wie und wo wurde die bereits beseitigte Waldfl\u00e4che kompensiert?<\/li>\n\n\n\n<li>Wie und wo ist eine Kompensation des verbliebenen Baumbestandes geplant, sollte diese Waldfl\u00e4che entgegen unserer dringenden Empfehlung zum Bebauungsplan-entwurf ebenfalls gef\u00e4llt werden?<\/li>\n\n\n\n<li>Aus welchen Gr\u00fcnden fehlt in der Ver\u00f6ffentlichung ein landschaftsplanerischer Begleitplan?<\/li>\n\n\n\n<li> W arum enth\u00e4lt das Baumf\u00e4ll- und Baumpflanzkataster unserer Stadt hierzu keine Angaben?<br>(Bildquelle abgerufen am 6.6.2024: https:\/\/www.bochum.de\/Umwelt&#8211;und-Gruenflaechenamt\/Baumfaell&#8211;und-Baumpflanzkataster)<\/li>\n\n\n\n<li> Wird das Baumf\u00e4ll- und Baum-pflanzkataster unserer Stadt regelm\u00e4\u00dfig gepflegt?<br><br><br><\/li>\n<\/ol>\n\n\n\n<p>F\u00fcr die Beantwortung unserer Fragen bedanken wir uns schon im Voraus ganz herzlich.<\/p>\n\n\n\n<p>Bochum, den 12. Juni 2024 (\u00dcberarbeitungsdatum)<\/p>\n\n\n\n<p>Dr. I. Franke (Sprecher von BoKlima), AkU e.V., Alsenstra\u00dfe 27, 44789 Bochum, Mailkontakt: <a href=\"mailto:boklima@boklima.de\">boklima@boklima.de<\/a><\/p>\n\n\n\n<p><\/p>\n\n\n\n<p><br><br><br><\/p>\n\n\n\n<ol class=\"wp-block-list\">\n<li><\/li>\n<\/ol>\n\n\n\n<p><\/p>\n\n\n\n<hr class=\"wp-block-separator has-alpha-channel-opacity\"\/>\n\n\n\n<hr class=\"wp-block-separator has-alpha-channel-opacity\"\/>\n\n\n\n<h2 class=\"wp-block-heading\"><span class=\"ez-toc-section\" id=\"weitere_Dokumente\"><\/span>weitere Dokumente<span class=\"ez-toc-section-end\"><\/span><\/h2>\n\n\n\n<ul class=\"wp-block-list\">\n<li>19.KNB als PDF : <a href=\"https:\/\/boklima.de\/wp-content\/uploads\/2024\/06\/240606-19.knb-20240606-eks-bbplan0862-5jahre-klimanotstand.pdf\" target=\"_blank\" rel=\"noreferrer noopener\">hier<\/a><\/li>\n\n\n\n<li>x<\/li>\n<\/ul>\n\n\n\n<hr class=\"wp-block-separator has-alpha-channel-opacity\"\/>\n\n\n\n<p><strong>Zur \u00dcbersicht aller KlimaNotstandsBriefe : <a href=\"https:\/\/boklima.de\/?page_id=4353\">hier<\/a><\/strong><\/p>\n<div id=\"ez-toc-container\" class=\"ez-toc-v2_0_82_2 counter-hierarchy ez-toc-counter ez-toc-transparent ez-toc-container-direction\">\n<div class=\"ez-toc-title-container\">\n<p class=\"ez-toc-title\" style=\"cursor:inherit\">Inhalte dieser Seite :<\/p>\n<span class=\"ez-toc-title-toggle\"><a href=\"#\" class=\"ez-toc-pull-right ez-toc-btn ez-toc-btn-xs ez-toc-btn-default ez-toc-toggle\" aria-label=\"Toggle Table of Content\"><span class=\"ez-toc-js-icon-con\"><span class=\"\"><span class=\"eztoc-hide\" style=\"display:none;\">Toggle<\/span><span class=\"ez-toc-icon-toggle-span\"><svg style=\"fill: #999;color:#999\" xmlns=\"http:\/\/www.w3.org\/2000\/svg\" class=\"list-377408\" width=\"20px\" height=\"20px\" viewBox=\"0 0 24 24\" fill=\"none\"><path d=\"M6 6H4v2h2V6zm14 0H8v2h12V6zM4 11h2v2H4v-2zm16 0H8v2h12v-2zM4 16h2v2H4v-2zm16 0H8v2h12v-2z\" fill=\"currentColor\"><\/path><\/svg><svg style=\"fill: #999;color:#999\" class=\"arrow-unsorted-368013\" xmlns=\"http:\/\/www.w3.org\/2000\/svg\" width=\"10px\" height=\"10px\" viewBox=\"0 0 24 24\" version=\"1.2\" baseProfile=\"tiny\"><path d=\"M18.2 9.3l-6.2-6.3-6.2 6.3c-.2.2-.3.4-.3.7s.1.5.3.7c.2.2.4.3.7.3h11c.3 0 .5-.1.7-.3.2-.2.3-.5.3-.7s-.1-.5-.3-.7zM5.8 14.7l6.2 6.3 6.2-6.3c.2-.2.3-.5.3-.7s-.1-.5-.3-.7c-.2-.2-.4-.3-.7-.3h-11c-.3 0-.5.1-.7.3-.2.2-.3.5-.3.7s.1.5.3.7z\"\/><\/svg><\/span><\/span><\/span><\/a><\/span><\/div>\n<nav><ul class='ez-toc-list ez-toc-list-level-1 eztoc-toggle-hide-by-default' ><ul class='ez-toc-list-level-3' ><li class='ez-toc-heading-level-3'><a class=\"ez-toc-link ez-toc-heading-1\" href=\"https:\/\/boklima.de\/?p=14182\/#Einige_gute_Ansaetze_aber_unterm_Strich_leider_doch_noch_unbefriedigend\" >Einige gute Ans\u00e4tze, aber unterm Strich leider doch noch unbefriedigend!<\/a><\/li><\/ul><\/li><li class='ez-toc-page-1 ez-toc-heading-level-2'><a class=\"ez-toc-link ez-toc-heading-2\" href=\"https:\/\/boklima.de\/?p=14182\/#Fragen_fuer_die_Fragehalbestunde_des_Rates\" >Fragen f\u00fcr die Fragehalbestunde des Rates<\/a><\/li><li class='ez-toc-page-1 ez-toc-heading-level-2'><a class=\"ez-toc-link ez-toc-heading-3\" href=\"https:\/\/boklima.de\/?p=14182\/#weitere_Dokumente\" >weitere Dokumente<\/a><\/li><\/ul><\/nav><\/div>\n","protected":false},"excerpt":{"rendered":"<p>(17.06.24, Aktualisierung der Fragen f\u00fcr die Fragehalbestunde s.u.) An unseren Oberb\u00fcrgermeister Herrn Thomas Eiskirch, die Mitglieder des Rates und der Aussch\u00fcsse sowie die zust\u00e4ndigen \u00c4mter der Stadtverwaltung Bochums Einige gute Ans\u00e4tze, aber unterm Strich leider doch noch unbefriedigend! Sehr geehrter Herr Oberb\u00fcrgermeister, sehr geehrte Damen und Herren der Verwaltung und der politischen Gremien, am heutigen &hellip; <a href=\"https:\/\/boklima.de\/?p=14182\" class=\"more-link\"><span class=\"screen-reader-text\">\u201e19. KlimaNotstandsBrief (KNB): Einige gute Ans\u00e4tze, aber unterm Strich leider doch noch unbefriedigend!\u201c <\/span>weiterlesen<\/a><\/p>\n","protected":false},"author":2,"featured_media":14183,"comment_status":"closed","ping_status":"open","sticky":false,"template":"","format":"standard","meta":{"ngg_post_thumbnail":0,"footnotes":"","_share_on_mastodon":"0"},"categories":[155,104],"tags":[254,301,302,303,307,308],"class_list":["post-14182","post","type-post","status-publish","format-standard","has-post-thumbnail","hentry","category-relevant-boklima","category-oeffentlich-fuer-alle-site-besucher-lesbar","tag-baeume","tag-klimanotstand-2","tag-bebauung-2","tag-entsiegeln","tag-frgehalbestunde","tag-ratderstadtbochum"],"share_on_mastodon":{"url":"https:\/\/ruhr.social\/@BoKlima\/112580284665751628","error":""},"rttpg_featured_image_url":{"full":["https:\/\/boklima.de\/wp-content\/uploads\/2024\/06\/image-2.png",601,313,false],"landscape":["https:\/\/boklima.de\/wp-content\/uploads\/2024\/06\/image-2.png",601,313,false],"portraits":["https:\/\/boklima.de\/wp-content\/uploads\/2024\/06\/image-2.png",601,313,false],"thumbnail":["https:\/\/boklima.de\/wp-content\/uploads\/2024\/06\/image-2-150x150.png",150,150,true],"medium":["https:\/\/boklima.de\/wp-content\/uploads\/2024\/06\/image-2-300x156.png",300,156,true],"large":["https:\/\/boklima.de\/wp-content\/uploads\/2024\/06\/image-2.png",601,313,false],"1536x1536":["https:\/\/boklima.de\/wp-content\/uploads\/2024\/06\/image-2.png",601,313,false],"2048x2048":["https:\/\/boklima.de\/wp-content\/uploads\/2024\/06\/image-2.png",601,313,false],"post-thumbnail":["https:\/\/boklima.de\/wp-content\/uploads\/2024\/06\/image-2.png",601,313,false]},"rttpg_author":{"display_name":"thomas - als admin","author_link":"https:\/\/boklima.de\/?author=2"},"rttpg_comment":0,"rttpg_category":"<a href=\"https:\/\/boklima.de\/?cat=155\" rel=\"category\">relevant-BoKlima<\/a> <a href=\"https:\/\/boklima.de\/?cat=104\" rel=\"category\">\u00f6ffentlich (f\u00fcr alle lesbar)<\/a>","rttpg_excerpt":"(17.06.24, Aktualisierung der Fragen f\u00fcr die Fragehalbestunde s.u.) An unseren Oberb\u00fcrgermeister Herrn Thomas Eiskirch, die Mitglieder des Rates und der Aussch\u00fcsse sowie die zust\u00e4ndigen \u00c4mter der Stadtverwaltung Bochums Einige gute Ans\u00e4tze, aber unterm Strich leider doch noch unbefriedigend! Sehr geehrter Herr Oberb\u00fcrgermeister, sehr geehrte Damen und Herren der Verwaltung und der politischen Gremien, am heutigen&hellip;","_links":{"self":[{"href":"https:\/\/boklima.de\/index.php?rest_route=\/wp\/v2\/posts\/14182","targetHints":{"allow":["GET"]}}],"collection":[{"href":"https:\/\/boklima.de\/index.php?rest_route=\/wp\/v2\/posts"}],"about":[{"href":"https:\/\/boklima.de\/index.php?rest_route=\/wp\/v2\/types\/post"}],"author":[{"embeddable":true,"href":"https:\/\/boklima.de\/index.php?rest_route=\/wp\/v2\/users\/2"}],"replies":[{"embeddable":true,"href":"https:\/\/boklima.de\/index.php?rest_route=%2Fwp%2Fv2%2Fcomments&post=14182"}],"version-history":[{"count":3,"href":"https:\/\/boklima.de\/index.php?rest_route=\/wp\/v2\/posts\/14182\/revisions"}],"predecessor-version":[{"id":14223,"href":"https:\/\/boklima.de\/index.php?rest_route=\/wp\/v2\/posts\/14182\/revisions\/14223"}],"wp:featuredmedia":[{"embeddable":true,"href":"https:\/\/boklima.de\/index.php?rest_route=\/wp\/v2\/media\/14183"}],"wp:attachment":[{"href":"https:\/\/boklima.de\/index.php?rest_route=%2Fwp%2Fv2%2Fmedia&parent=14182"}],"wp:term":[{"taxonomy":"category","embeddable":true,"href":"https:\/\/boklima.de\/index.php?rest_route=%2Fwp%2Fv2%2Fcategories&post=14182"},{"taxonomy":"post_tag","embeddable":true,"href":"https:\/\/boklima.de\/index.php?rest_route=%2Fwp%2Fv2%2Ftags&post=14182"}],"curies":[{"name":"wp","href":"https:\/\/api.w.org\/{rel}","templated":true}]}}