{"id":14170,"date":"2024-06-05T13:11:22","date_gmt":"2024-06-05T11:11:22","guid":{"rendered":"https:\/\/boklima.de\/?p=14170"},"modified":"2024-06-05T19:30:50","modified_gmt":"2024-06-05T17:30:50","slug":"deutscher-umwelttag-berlin-wattbewerb-vergibt-preise-fuer-groessten-pv-zubau-bochum-nicht-dabei","status":"publish","type":"post","link":"https:\/\/boklima.de\/?p=14170","title":{"rendered":"Deutscher Umwelttag Berlin ; WATTBEWERB vergibt Preise f\u00fcr gr\u00f6\u00dften PV-Zubau &#8212; Bochum nicht dabei"},"content":{"rendered":"\n<p>Im Rahmen der Veranstaltung &#8216;Deutscher Umwelttag&#8217; vom 05.06.24-06.06.24 in Berlin am Schloss Bellevue vergibt der WATTBEWERB e.V. Preise an St\u00e4dte und Gemeinden f\u00fcr den gr\u00f6\u00dften PV-Zubau im Zeitraum des letzten Jahres &#8212; leider ist auch hier Bochum wieder nicht vertreten.<br>(( Der Bochumer OB hat noch nicht mal einen Kommentar zu den \u00fcber 25 Kommentaren anderer St\u00e4dte abgegeben ))<\/p>\n\n\n\n<p>Bochum landet nur auf Platz 47 hinter Dortmund, Bielefeld etc.<\/p>\n\n\n\n<hr class=\"wp-block-separator has-alpha-channel-opacity\"\/>\n\n\n\n<p>Damit das anders wird , setzt sich unter anderem BoKlima f\u00fcr mehr PV ein z.B. mit den (Balkon-)-PV-Workshopns von BoKlima, siehe : <a href=\"https:\/\/boKlima.de\/pv\">hier<\/a><\/p>\n\n\n\n<hr class=\"wp-block-separator has-alpha-channel-opacity\"\/>\n\n\n\n<h3 class=\"wp-block-heading\"><span class=\"ez-toc-section\" id=\"Hintergrund\"><\/span>Hintergrund<span class=\"ez-toc-section-end\"><\/span><\/h3>\n\n\n\n<p>Wattbewerb startete am 21. Februar 2021 mit dem Ziel, die installierte Leistung von Photovoltaik zu verdoppeln. Nach gut zweieinhalb Jahren, zum 30. September 2023, hat es die erste Gro\u00dfstadt geschafft! Dies ist unsere Motivation, Wattbewerb weiterzuentwickeln. \u00dcbrigens: Das Angebot ist f\u00fcr alle Kommunen kostenlos!<br>Wattbewerb \u2013 hier spielt die Energiewende<\/p>\n\n\n\n<h3 class=\"wp-block-heading\"><span class=\"ez-toc-section\" id=\"Zusammenfassung_der_Pressemitteilung\"><\/span>Zusammenfassung der Pressemitteilung:<span class=\"ez-toc-section-end\"><\/span><\/h3>\n\n\n\n<blockquote class=\"wp-block-quote is-layout-flow wp-block-quote-is-layout-flow\">\n<p>Wattbewerb \u00fcberreichte am 4. Juni gemeinsam mit Markus Lewe, Pr\u00e4sident des Deutschen St\u00e4dtetags, die Pokale und Urkunden an die besten Wattbewerb-Kommunen. Passend zur Siegerehrung strahlte die Sonne \u00fcber dem Park von Schluss Bellevue. Zahlreiche Vertreterinnen und Vertreter waren der Einladung zur Woche der Umwelt gefolgt, um ihre Auszeichnung f\u00fcr den erfolgreichen Zubau von Photovoltaik entgegenzunehmen.<\/p>\n<cite><a href=\"https:\/\/wattbewerb.de\/pressemitteilungen\/2024-06-04\/\" target=\"_blank\" rel=\"noreferrer noopener nofollow\">Wattbewerb: St\u00e4dte und Gemeinden in Berlin ausgezeichnet<\/a><\/cite><\/blockquote>\n\n\n\n<h3 class=\"wp-block-heading\"><span class=\"ez-toc-section\" id=\"Herunterladbare_Dokumente\"><\/span>Herunterladbare Dokumente:<span class=\"ez-toc-section-end\"><\/span><\/h3>\n\n\n\n<ul class=\"wp-block-list\">\n<li><a href=\"https:\/\/wattbewerb.de\/wp-content\/uploads\/2024\/06\/PM_2024_06_04_Preisverleihung.docx\" target=\"_blank\" rel=\"noreferrer noopener\">Pressemitteilung Wattbewerb: St\u00e4dte und Gemeinden in Berlin ausgezeichnet<\/a> <a href=\"https:\/\/wattbewerb.de\/wp-content\/uploads\/2024\/06\/PM_2024_06_04_Preisverleihung.docx\" target=\"_blank\" rel=\"noreferrer noopener\">[docx]<\/a><\/li>\n\n\n\n<li><a href=\"https:\/\/wattbewerb.de\/wp-content\/uploads\/2024\/06\/PM_2024_06_04_Preisverleihung.pdf\" target=\"_blank\" rel=\"noreferrer noopener\">Pressemitteilung Wattbewerb: St\u00e4dte und Gemeinden in Berlin ausgezeichnet<\/a>  <a href=\"https:\/\/wattbewerb.de\/wp-content\/uploads\/2024\/06\/PM_2024_06_04_Preisverleihung.pdf\" target=\"_blank\" rel=\"noreferrer noopener\">[pdf]<\/a><\/li>\n<\/ul>\n\n\n\n<hr class=\"wp-block-separator has-alpha-channel-opacity\"\/>\n\n\n\n<h3 class=\"wp-block-heading\"><span class=\"ez-toc-section\" id=\"Deutscher_Staedtetag_Sieger_beim_Wattbewerb\"><\/span>Deutscher St\u00e4dtetag : Sieger beim Wattbewerb<span class=\"ez-toc-section-end\"><\/span><\/h3>\n\n\n\n<p>Mitgliedst\u00e4dte des Deutschen St\u00e4dtetages wurden von Wattbewerb e.V. f\u00fcr den gr\u00f6\u00dften Zubau von Photovoltaik im Wettbewerbszeitraum ausgezeichnet.<\/p>\n\n\n\n<p>Wattbewerb \u00fcberreichte am 4. Juni gemeinsam mit Markus Lewe, Pr\u00e4sident des Deutschen St\u00e4dtetages, die Pokale und Urkunden an die besten Wattbewerb-Kommunen.<\/p>\n\n\n\n<p>Wattbewerb e.V. will die Energiewende in Deutschland durch den exponentiellen Ausbau erneuerbarer Energien voranbringen. Mit dem Schwerpunkt Photovoltaik fand von 21.2.2021 bis 30.09.2023 ein Wettbewerb f\u00fcr Kommunen in Deutschland mit der Herausforderung statt, in welcher Kommune in den drei Kategorien Gro\u00dfst\u00e4dte, St\u00e4dte und Gemeinden am meisten Photovoltaik, gemessen in Watt Peak\/Einwohner, zugebaut wird.<\/p>\n\n\n\n<p>weiteres : <a href=\"https:\/\/www.staedtetag.de\/ueber-uns\/aus-den-staedten\/2024\/sieger-wattbewerb-2024\" target=\"_blank\" rel=\"noreferrer noopener nofollow\">hier<\/a><\/p>\n\n\n\n<hr class=\"wp-block-separator has-alpha-channel-opacity\"\/>\n\n\n\n<h3 class=\"wp-block-heading\"><span class=\"ez-toc-section\" id=\"Links_zum_Wattbewerb_und_zum_Umwelttag\"><\/span>Links zum Wattbewerb und zum Umwelttag:<span class=\"ez-toc-section-end\"><\/span><\/h3>\n\n\n\n<p><strong>Wattbewerb<\/strong><\/p>\n\n\n\n<ul class=\"wp-block-list\">\n<li>Wattbewerb : <a href=\"https:\/\/wattbewerb.de\/\" target=\"_blank\" rel=\"noreferrer noopener nofollow\">hier<\/a> <\/li>\n\n\n\n<li>Wattbewerb _ PresseMitteilung zur Preisvergabe : <a href=\"https:\/\/wattbewerb.de\/pressemitteilungen\/2024-06-04\/\" target=\"_blank\" rel=\"noreferrer noopener nofollow\">hier<\/a><\/li>\n\n\n\n<li>Bilder der Preisvergabe : <a href=\"https:\/\/wattbewerb.de\/staedte-und-gemeinden-in-berlin-ausgezeichnet\/\" target=\"_blank\" rel=\"noreferrer noopener nofollow\">hier<\/a><\/li>\n\n\n\n<li>St\u00e4dteRanking : <a href=\"https:\/\/plattform.wattbewerb.de\/ranking\" target=\"_blank\" rel=\"noreferrer noopener nofollow\">hier<\/a> (Bochum Platz 47. )<br>Installierte PV-Leistung \/ Einwohner*In (Zubau) : nur 98,7 Wp ;<br> Maximum : G\u00fctersloh : 333,9 Wp<br>Selbst Dortmund ist mit 116,2 Wp vor Bochum auf Platz 36<\/li>\n\n\n\n<li>Weitere Detail-Daten zum PV Ausbau gibt das Dashboard : <a href=\"https:\/\/dashboard.wattbewerb.de\/superset\/dashboard\/wattbewerb_kommunal\/?preselect_filters=%7B%7D&amp;standalone=true&amp;native_filters_key=null\" target=\"_blank\" rel=\"noreferrer noopener nofollow\">hier<\/a><\/li>\n<\/ul>\n\n\n\n<hr class=\"wp-block-separator has-alpha-channel-opacity\"\/>\n\n\n\n<h5 class=\"wp-block-heading\">das Dashboard zu Bochum :<\/h5>\n\n\n<div class=\"wp-block-image is-style-default\">\n<figure class=\"aligncenter size-large\"><a href=\"https:\/\/boklima.de\/wp-content\/uploads\/2024\/06\/image-1.png\"><img loading=\"lazy\" decoding=\"async\" width=\"1024\" height=\"571\" src=\"https:\/\/boklima.de\/wp-content\/uploads\/2024\/06\/image-1-1024x571.png\" alt=\"\" class=\"wp-image-14174\" srcset=\"https:\/\/boklima.de\/wp-content\/uploads\/2024\/06\/image-1-1024x571.png 1024w, https:\/\/boklima.de\/wp-content\/uploads\/2024\/06\/image-1-300x167.png 300w, https:\/\/boklima.de\/wp-content\/uploads\/2024\/06\/image-1-768x428.png 768w, https:\/\/boklima.de\/wp-content\/uploads\/2024\/06\/image-1-1200x669.png 1200w, https:\/\/boklima.de\/wp-content\/uploads\/2024\/06\/image-1.png 1492w\" sizes=\"auto, (max-width: 709px) 85vw, (max-width: 909px) 67vw, (max-width: 1362px) 62vw, 840px\" \/><\/a><\/figure>\n<\/div>\n\n\n<hr class=\"wp-block-separator has-alpha-channel-opacity\"\/>\n\n\n\n<p><strong>Woche der Umwel<\/strong><\/p>\n\n\n\n<ul class=\"wp-block-list\">\n<li>Woche der Umwelt : <a href=\"https:\/\/www.woche-der-umwelt.de\/\" target=\"_blank\" rel=\"noreferrer noopener nofollow\">hier<\/a><\/li>\n\n\n\n<li>Tagungsprogramm : <a href=\"https:\/\/www.woche-der-umwelt.de\/programm\/\" target=\"_blank\" rel=\"noreferrer noopener nofollow\">hier<\/a><\/li>\n\n\n\n<li>Wattbewerb auf der DBU : <a href=\"https:\/\/www.woche-der-umwelt.de\/wdu-ausstellende\/wattbewerb-e-v\/\" target=\"_blank\" rel=\"noreferrer noopener nofollow\">hier<\/a><\/li>\n<\/ul>\n\n\n\n<hr class=\"wp-block-separator has-alpha-channel-opacity\"\/>\n<div id=\"ez-toc-container\" class=\"ez-toc-v2_0_82_2 counter-hierarchy ez-toc-counter ez-toc-transparent ez-toc-container-direction\">\n<div class=\"ez-toc-title-container\">\n<p class=\"ez-toc-title\" style=\"cursor:inherit\">Inhalte dieser Seite :<\/p>\n<span class=\"ez-toc-title-toggle\"><a href=\"#\" class=\"ez-toc-pull-right ez-toc-btn ez-toc-btn-xs ez-toc-btn-default ez-toc-toggle\" aria-label=\"Toggle Table of Content\"><span class=\"ez-toc-js-icon-con\"><span class=\"\"><span class=\"eztoc-hide\" style=\"display:none;\">Toggle<\/span><span class=\"ez-toc-icon-toggle-span\"><svg style=\"fill: #999;color:#999\" xmlns=\"http:\/\/www.w3.org\/2000\/svg\" class=\"list-377408\" width=\"20px\" height=\"20px\" viewBox=\"0 0 24 24\" fill=\"none\"><path d=\"M6 6H4v2h2V6zm14 0H8v2h12V6zM4 11h2v2H4v-2zm16 0H8v2h12v-2zM4 16h2v2H4v-2zm16 0H8v2h12v-2z\" fill=\"currentColor\"><\/path><\/svg><svg style=\"fill: #999;color:#999\" class=\"arrow-unsorted-368013\" xmlns=\"http:\/\/www.w3.org\/2000\/svg\" width=\"10px\" height=\"10px\" viewBox=\"0 0 24 24\" version=\"1.2\" baseProfile=\"tiny\"><path d=\"M18.2 9.3l-6.2-6.3-6.2 6.3c-.2.2-.3.4-.3.7s.1.5.3.7c.2.2.4.3.7.3h11c.3 0 .5-.1.7-.3.2-.2.3-.5.3-.7s-.1-.5-.3-.7zM5.8 14.7l6.2 6.3 6.2-6.3c.2-.2.3-.5.3-.7s-.1-.5-.3-.7c-.2-.2-.4-.3-.7-.3h-11c-.3 0-.5.1-.7.3-.2.2-.3.5-.3.7s.1.5.3.7z\"\/><\/svg><\/span><\/span><\/span><\/a><\/span><\/div>\n<nav><ul class='ez-toc-list ez-toc-list-level-1 eztoc-toggle-hide-by-default' ><li class='ez-toc-page-1 ez-toc-heading-level-3'><a class=\"ez-toc-link ez-toc-heading-1\" href=\"https:\/\/boklima.de\/?p=14170\/#Hintergrund\" >Hintergrund<\/a><\/li><li class='ez-toc-page-1 ez-toc-heading-level-3'><a class=\"ez-toc-link ez-toc-heading-2\" href=\"https:\/\/boklima.de\/?p=14170\/#Zusammenfassung_der_Pressemitteilung\" >Zusammenfassung der Pressemitteilung:<\/a><\/li><li class='ez-toc-page-1 ez-toc-heading-level-3'><a class=\"ez-toc-link ez-toc-heading-3\" href=\"https:\/\/boklima.de\/?p=14170\/#Herunterladbare_Dokumente\" >Herunterladbare Dokumente:<\/a><\/li><li class='ez-toc-page-1 ez-toc-heading-level-3'><a class=\"ez-toc-link ez-toc-heading-4\" href=\"https:\/\/boklima.de\/?p=14170\/#Deutscher_Staedtetag_Sieger_beim_Wattbewerb\" >Deutscher St\u00e4dtetag : Sieger beim Wattbewerb<\/a><\/li><li class='ez-toc-page-1 ez-toc-heading-level-3'><a class=\"ez-toc-link ez-toc-heading-5\" href=\"https:\/\/boklima.de\/?p=14170\/#Links_zum_Wattbewerb_und_zum_Umwelttag\" >Links zum Wattbewerb und zum Umwelttag:<\/a><\/li><\/ul><\/nav><\/div>\n","protected":false},"excerpt":{"rendered":"<p>Im Rahmen der Veranstaltung &#8216;Deutscher Umwelttag&#8217; vom 05.06.24-06.06.24 in Berlin am Schloss Bellevue vergibt der WATTBEWERB e.V. Preise an St\u00e4dte und Gemeinden f\u00fcr den gr\u00f6\u00dften PV-Zubau im Zeitraum des letzten Jahres &#8212; leider ist auch hier Bochum wieder nicht vertreten.(( Der Bochumer OB hat noch nicht mal einen Kommentar zu den \u00fcber 25 Kommentaren anderer &hellip; <a href=\"https:\/\/boklima.de\/?p=14170\" class=\"more-link\"><span class=\"screen-reader-text\">\u201eDeutscher Umwelttag Berlin ; WATTBEWERB vergibt Preise f\u00fcr gr\u00f6\u00dften PV-Zubau &#8212; Bochum nicht dabei\u201c <\/span>weiterlesen<\/a><\/p>\n","protected":false},"author":2,"featured_media":14171,"comment_status":"open","ping_status":"open","sticky":false,"template":"","format":"standard","meta":{"ngg_post_thumbnail":0,"footnotes":"","_share_on_mastodon":"0"},"categories":[155,210,104],"tags":[264,277,289,299,300],"class_list":["post-14170","post","type-post","status-publish","format-standard","has-post-thumbnail","hentry","category-relevant-boklima","category-pv-initiative","category-oeffentlich-fuer-alle-site-besucher-lesbar","tag-pv-2","tag-energiewende","tag-solarstrom-2","tag-wattbewerb","tag-pv-zubau"],"share_on_mastodon":{"url":"https:\/\/ruhr.social\/@BoKlima\/112563708431720571","error":""},"rttpg_featured_image_url":{"full":["https:\/\/boklima.de\/wp-content\/uploads\/2024\/06\/image.png",287,191,false],"landscape":["https:\/\/boklima.de\/wp-content\/uploads\/2024\/06\/image.png",287,191,false],"portraits":["https:\/\/boklima.de\/wp-content\/uploads\/2024\/06\/image.png",287,191,false],"thumbnail":["https:\/\/boklima.de\/wp-content\/uploads\/2024\/06\/image-150x150.png",150,150,true],"medium":["https:\/\/boklima.de\/wp-content\/uploads\/2024\/06\/image.png",287,191,false],"large":["https:\/\/boklima.de\/wp-content\/uploads\/2024\/06\/image.png",287,191,false],"1536x1536":["https:\/\/boklima.de\/wp-content\/uploads\/2024\/06\/image.png",287,191,false],"2048x2048":["https:\/\/boklima.de\/wp-content\/uploads\/2024\/06\/image.png",287,191,false],"post-thumbnail":["https:\/\/boklima.de\/wp-content\/uploads\/2024\/06\/image.png",287,191,false]},"rttpg_author":{"display_name":"thomas - als admin","author_link":"https:\/\/boklima.de\/?author=2"},"rttpg_comment":0,"rttpg_category":"<a href=\"https:\/\/boklima.de\/?cat=155\" rel=\"category\">relevant-BoKlima<\/a> <a href=\"https:\/\/boklima.de\/?cat=210\" rel=\"category\">PV-Initiative<\/a> <a href=\"https:\/\/boklima.de\/?cat=104\" rel=\"category\">\u00f6ffentlich (f\u00fcr alle lesbar)<\/a>","rttpg_excerpt":"Im Rahmen der Veranstaltung &#8216;Deutscher Umwelttag&#8217; vom 05.06.24-06.06.24 in Berlin am Schloss Bellevue vergibt der WATTBEWERB e.V. Preise an St\u00e4dte und Gemeinden f\u00fcr den gr\u00f6\u00dften PV-Zubau im Zeitraum des letzten Jahres &#8212; leider ist auch hier Bochum wieder nicht vertreten.(( Der Bochumer OB hat noch nicht mal einen Kommentar zu den \u00fcber 25 Kommentaren anderer&hellip;","_links":{"self":[{"href":"https:\/\/boklima.de\/index.php?rest_route=\/wp\/v2\/posts\/14170","targetHints":{"allow":["GET"]}}],"collection":[{"href":"https:\/\/boklima.de\/index.php?rest_route=\/wp\/v2\/posts"}],"about":[{"href":"https:\/\/boklima.de\/index.php?rest_route=\/wp\/v2\/types\/post"}],"author":[{"embeddable":true,"href":"https:\/\/boklima.de\/index.php?rest_route=\/wp\/v2\/users\/2"}],"replies":[{"embeddable":true,"href":"https:\/\/boklima.de\/index.php?rest_route=%2Fwp%2Fv2%2Fcomments&post=14170"}],"version-history":[{"count":7,"href":"https:\/\/boklima.de\/index.php?rest_route=\/wp\/v2\/posts\/14170\/revisions"}],"predecessor-version":[{"id":14181,"href":"https:\/\/boklima.de\/index.php?rest_route=\/wp\/v2\/posts\/14170\/revisions\/14181"}],"wp:featuredmedia":[{"embeddable":true,"href":"https:\/\/boklima.de\/index.php?rest_route=\/wp\/v2\/media\/14171"}],"wp:attachment":[{"href":"https:\/\/boklima.de\/index.php?rest_route=%2Fwp%2Fv2%2Fmedia&parent=14170"}],"wp:term":[{"taxonomy":"category","embeddable":true,"href":"https:\/\/boklima.de\/index.php?rest_route=%2Fwp%2Fv2%2Fcategories&post=14170"},{"taxonomy":"post_tag","embeddable":true,"href":"https:\/\/boklima.de\/index.php?rest_route=%2Fwp%2Fv2%2Ftags&post=14170"}],"curies":[{"name":"wp","href":"https:\/\/api.w.org\/{rel}","templated":true}]}}