{"id":14090,"date":"2024-04-26T21:44:48","date_gmt":"2024-04-26T19:44:48","guid":{"rendered":"https:\/\/boklima.de\/?p=14090"},"modified":"2024-06-10T13:02:45","modified_gmt":"2024-06-10T11:02:45","slug":"solarpaket-i-mehr-solarstrom-weniger-buerokratie-fr-26-04-verabschiedet","status":"publish","type":"post","link":"https:\/\/boklima.de\/?p=14090","title":{"rendered":"Solarpaket I  (Mehr Solarstrom, weniger B\u00fcrokratie) FR 26.04 verabschiedet"},"content":{"rendered":"\n<p>Endlich ist das Solarpaket I vom Bundestag und Bundesrat versabschiedet;<br>hier einige Meldungen dazu :<\/p>\n\n\n\n<h3 class=\"wp-block-heading\"><span class=\"ez-toc-section\" id=\"Was_bringt_es_Kurzuebersicht\"><\/span>Was bringt es (Kurz\u00fcbersicht)<span class=\"ez-toc-section-end\"><\/span><\/h3>\n\n\n\n<ul class=\"wp-block-list\">\n<li>Digitale Stromz\u00e4hler nicht verpflichtend &#8212; Ferraris-Z\u00e4hler darf erstmal bleiben und r\u00fcckw\u00e4rts laufen<\/li>\n\n\n\n<li>Stromeinspeisung \u00fcber die Steckdose m\u00f6glich<\/li>\n\n\n\n<li>Balkonsolar : 2kWp Module ; 800W Wechselrichter<\/li>\n\n\n\n<li>Balkonkraftwerke m\u00fcssen  (nicht mehr beim Netzbetreiber), sondern nur noch im&nbsp;<a href=\"https:\/\/www.marktstammdatenregister.de\/MaStR\" target=\"_blank\" rel=\"noreferrer noopener nofollow\">Marktstammdatenregister<\/a>&nbsp;bei der Aufsichtsbeh\u00f6rde angemeldet werden.<br>\u201ewenige, einfach einzugebende Daten beschr\u00e4nkt werden\u201c<\/li>\n<\/ul>\n\n\n\n<h3 class=\"wp-block-heading\"><span class=\"ez-toc-section\" id=\"Infozusammenstellung_aus_dem_Netz\"><\/span>Infozusammenstellung aus dem Netz :<span class=\"ez-toc-section-end\"><\/span><\/h3>\n\n\n\n<h4 class=\"wp-block-heading\"><span class=\"ez-toc-section\" id=\"01_Bundesregierungde\"><\/span><a href=\"https:\/\/www.bundesregierung.de\/breg-de\/aktuelles\/solarpaket-photovoltaik-balkonkraftwerke-2213726\" target=\"_blank\" rel=\"noreferrer noopener nofollow\">(01) Bundesregierung.de<\/a><span class=\"ez-toc-section-end\"><\/span><\/h4>\n\n\n\n<p>(26.04.24) <a href=\"https:\/\/www.bmwk.de\/Redaktion\/DE\/Downloads\/S-T\/solarpaket-im-ueberblick.pdf?__blob=publicationFile&amp;v=8\" target=\"_blank\" rel=\"noreferrer noopener nofollow\">Das Solarpaket I im \u00dcberblick<\/a><\/p>\n\n\n\n<h5 class=\"wp-block-heading\">Solarpaket I von Bundestag und Bundesrat verabschiedetMehr Solarstrom, weniger B\u00fcrokratie<\/h5>\n\n\n\n<p><a href=\"https:\/\/www.bundestag.de\/parlament\/plenum\/abstimmung\/abstimmung?id=914\" target=\"_blank\" rel=\"noreferrer noopener nofollow\">Namentliche Abstimmung : Erneuerbare-Energien-Gesetz (Solarpaket)<\/a><\/p>\n\n\n\n<p>Ob Balkonkraftwerke oder gemeinschaftliche Geb\u00e4udeversorgung: Das Solarpaket I wird den Bau und Betrieb von Photovoltaikanlagen deutlich entb\u00fcrokratisieren.&nbsp; Die neuen Regelungen werden den Ausbau der Solarenergie weiter beschleunigen.<\/p>\n\n\n\n<p>Freitag, 26. April 2024&nbsp;<\/p>\n\n\n\n<p>Das&nbsp; Solarpaket I macht es B\u00fcrgerinnen und B\u00fcrgern sowie Unternehmen deutlich einfacher und unb\u00fcrokratischer, Photovoltaik (PV\u2014Photovoltaik)-Anlagen zu installieren und Solarenergie zu nutzen. <\/p>\n\n\n\n<p>&#8230;<\/p>\n\n\n\n<p>Das Gesetzespaket wird gr\u00f6\u00dftenteils am Tag nach Verk\u00fcndung im Bundesgesetzblatt in Kraft treten.<\/p>\n\n\n\n<p>&#8230;<\/p>\n\n\n\n<h5 class=\"wp-block-heading\">Einfacher Photovoltaik auf dem Balkon<\/h5>\n\n\n\n<p>Die Inbetriebnahme von Photovoltaik-Anlagen auf dem Balkon, sogenannter Balkonkraftwerke, wird f\u00fcr B\u00fcrgerinnen und B\u00fcrger deutlich einfacher und damit auch schneller m\u00f6glich. Balkonkraftwerke sollen m\u00f6glichst unkompliziert in Betrieb genommen werden.<\/p>\n\n\n\n<p>Die Bundesnetzagentur hat die&nbsp;<a href=\"https:\/\/www.bundesnetzagentur.de\/SharedDocs\/Pressemitteilungen\/DE\/2024\/20240328_MaStR_Reg.html\" target=\"_blank\" rel=\"noreferrer noopener nofollow\">Registrierung von Balkonkraftwerken<\/a>&nbsp;bereits zum 1. April vereinfacht und auf wenige, einfach einzugebende Daten beschr\u00e4nkt. Die vorherige Anmeldung beim Netzbetreiber entf\u00e4llt. Die Bundesnetzagentur informiert diesen automatisch \u00fcber das Balkonkraftwerk, das neu an sein Netz angeschlossen wurde.<\/p>\n\n\n\n<p>Mit dem Gesetz kommen nun weitere Vereinfachungen:<br><strong>* Digitale Stromz\u00e4hler nicht verpflichtend<br>* Leistungsf\u00e4higere PV-Anlagen erlaubt<br>* Stromeinspeisung \u00fcber die Steckdose m\u00f6glich<\/strong><\/p>\n\n\n\n<h5 class=\"wp-block-heading\">Gemeinschaftlich Geb\u00e4ude mit Solarstrom versorgen<\/h5>\n\n\n\n<p>Damit Mieterinnen und Mieter in Mehrfamilienh\u00e4usern g\u00fcnstigeren Solarstrom von D\u00e4chern, Garagen oder Batteriespeichern direkt nutzen k\u00f6nnen, wird das neue Instrument der \u201eGemeinschaftlichen Geb\u00e4udeversorgung\u201c eingef\u00fchrt. Damit entf\u00e4llt der komplizierte Umweg \u00fcber die Einspeisung des&nbsp;PV-Stroms&nbsp;ns allgemeine Stromnetz.<\/p>\n\n\n\n<p>Auch Regelungen zu Abrechnungen und zur rechtzeitigen Ank\u00fcndigung bei Versorgungsunterbrechungen werden genau festgelegt. Mieterinnen und Mieter sollen k\u00fcnftig au\u00dferdem selbst einen g\u00fcnstigen Erg\u00e4nzungstarif abschlie\u00dfen k\u00f6nnen f\u00fcr Strom, der nicht durch den g\u00fcnstigen&nbsp;PV-Dachstrom abgedeckt wird.<\/p>\n\n\n\n<h5 class=\"wp-block-heading\">Verbesserungen beim Mieterstrom<\/h5>\n\n\n\n<p>Mieterstrom soll in Zukunft auch auf Gewerbegeb\u00e4uden und Nebenanlagen wie Garagen gef\u00f6rdert werden, wenn der dort erzeugte Strom sofort verbraucht wird, also ohne Netzdurchleitung. Mehrere Anlagen k\u00f6nnen zusammengefasst werden. Das vermeidet unverh\u00e4ltnism\u00e4\u00dfige technische Anforderungen \u2013 bislang gerade dies in Wohnquartieren h\u00e4ufig ein Problem.<\/p>\n\n\n\n<p>&#8230;<\/p>\n\n\n\n<p><a href=\"https:\/\/www.bmwk.de\/Redaktion\/DE\/Downloads\/Gesetz\/20230816-uberblickspapier-solarpaket.pdf?__blob=publicationFile&amp;v=8\" target=\"_blank\" rel=\"noreferrer noopener nofollow\">\u00dcberblickspapier Solarpaket vom 16.08.2023 <\/a><\/p>\n\n\n\n<hr class=\"wp-block-separator has-alpha-channel-opacity\"\/>\n\n\n\n<h3 class=\"wp-block-heading\"><span class=\"ez-toc-section\" id=\"02_Tageschaude\"><\/span>(02) Tageschau.de<span class=\"ez-toc-section-end\"><\/span><\/h3>\n\n\n\n<h4 class=\"wp-block-heading\"><span class=\"ez-toc-section\" id=\"Leichter_zum_BalkonkraftwerkSolarpaket_endgueltig_verabschiedet\"><\/span>Leichter zum BalkonkraftwerkSolarpaket endg\u00fcltig verabschiedet<span class=\"ez-toc-section-end\"><\/span><\/h4>\n\n\n\n<p>Stand: 26.04.2024 13:40 Uhr<\/p>\n\n\n\n<p><strong>Mini-Solaranlage auf dem Balkon oder Photovoltaik-Anlage im Mehrfamilienhaus &#8211; das soll k\u00fcnftig ohne komplizierte Anmeldung m\u00f6glich sein. Bundestag und Bundesrat haben das Solarpaket beschlossen.<\/strong><\/p>\n\n\n\n<p>Bundestag und Bundesrat haben das&nbsp;<a href=\"https:\/\/www.tagesschau.de\/inland\/innenpolitik\/bundesregierung-solarpaket-balkonkraftwerk-100.html\">sogenannte Solarpaket&nbsp;<\/a>verabschiedet. Es enth\u00e4lt zahlreiche Ma\u00dfnahmen, mit denen der Ausbau der Solarenergie weiter vorankommen und f\u00fcr die Breite der Gesellschaft nutzbar werden soll. Vor allem b\u00fcrokratische H\u00fcrden sollen nun wegfallen.<\/p>\n\n\n\n<p>Privatleute k\u00f6nnen k\u00fcnftig Mini-Solaranlagen ohne komplizierte Anmeldung als Balkonkraftwerke betreiben, Regeln f\u00fcr Solaranlagen auf \u00c4ckern und Feldern werden abgebaut und Vermieter k\u00f6nnen Photovoltaik-Strom direkt f\u00fcr ihre Mieter im Mehrfamilienhaus produzieren. F\u00fcr Unternehmen wird der Bau von PV-Dachanlagen mehr gef\u00f6rdert.<\/p>\n\n\n\n<h5 class=\"wp-block-heading\" id=\"Beratung-noch-am-Freitag-im-Bundesrat\">Beratung noch am Freitag im Bundesrat<\/h5>\n\n\n\n<p>Das Solarpaket wurde im Bundestag mit 384 Stimmen, 200 Enthaltungen und 79 Gegenstimmen angenommen. Direkt im Anschluss wurde es in der L\u00e4nderkammer beraten und verabschiedet.<\/p>\n\n\n\n<p>Die Bundesregierung hatte das Solarpaket bereits vor Monaten auf den Weg gebracht. Im Bundestag geriet es dann jedoch im Ringen innerhalb der Ampelkoalition um das Klimaschutzgesetz zwischen die Fronten.&nbsp;<a href=\"https:\/\/www.tagesschau.de\/inland\/klimaschutzgesetz-ampel-solarpaket-100.html\" target=\"_blank\" rel=\"noreferrer noopener nofollow\">Erst als SPD, Gr\u00fcne und FDP sich auf die Reform des Klimaschutzgesetzes einigen konnten<\/a>, war auch eine Verabschiedung des Solarpakets m\u00f6glich.<\/p>\n\n\n\n<h5 class=\"wp-block-heading\" id=\"China-als-guenstiger-Lieferant-von-Solarmodulen\">China als g\u00fcnstiger Lieferant von Solarmodulen<\/h5>\n\n\n\n<p>Gr\u00fcnen-Fraktionsvize Julia Verlinden sprach von einem &#8220;Booster&#8221; f\u00fcr die Erneuerbaren Energien. Einen vor allem von den Gr\u00fcnen geforderten &#8220;Resilienz-Bonus&#8221; zur F\u00f6rderung der heimischen Solarindustrie hatte die FDP abgelehnt. Dieser Bonus war f\u00fcr Anlagenbetreiber gedacht, die sich f\u00fcr Produkte europ\u00e4ischer Hersteller entscheiden.<\/p>\n\n\n\n<p>&#8230;<\/p>\n\n\n\n<p><a href=\"https:\/\/www.tagesschau.de\/multimedia\/audio\/audio-188682.html\"><\/a><\/p>\n\n\n\n<p><a href=\"https:\/\/www.tagesschau.de\/multimedia\/audio\/audio-188682.html\" target=\"_blank\" rel=\"noreferrer noopener nofollow\">Bj\u00f6rn Dake, ARD Berlin, tagesschau, 26.04.2024 11:52 Uhr<\/a><\/p>\n\n\n\n<hr class=\"wp-block-separator has-alpha-channel-opacity\"\/>\n\n\n\n<h3 class=\"wp-block-heading\"><span class=\"ez-toc-section\" id=\"03_PV-magazinede_Bundestag_beschliesst_%E2%80%9ESolarpaket_1%E2%80%9C\"><\/span>(03) <a href=\"https:\/\/www.pv-magazine.de\/2024\/04\/26\/bundestag-beschliesst-solarpaket-1\/\" target=\"_blank\" rel=\"noreferrer noopener nofollow\">PV-magazine.de<\/a> : Bundestag beschlie\u00dft \u201eSolarpaket 1\u201c<span class=\"ez-toc-section-end\"><\/span><\/h3>\n\n\n\n<h3 class=\"wp-block-heading\"><span class=\"ez-toc-section\" id=\"04_heisede_Solarpaket_I_Bundestag_und_Bundesrat_stimmen_zu\"><\/span>(04)<a href=\"https:\/\/www.heise.de\/news\/Solarpaket-I-Bundestag-und-Bundesrat-stimmen-zu-9700178.html\" data-type=\"page\" data-id=\"10977\" target=\"_blank\" rel=\"noreferrer noopener nofollow\"> heise.de : Solarpaket I: Bundestag und Bundesrat stimmen zu<\/a><span class=\"ez-toc-section-end\"><\/span><\/h3>\n\n\n\n<h3 class=\"wp-block-heading\"><span class=\"ez-toc-section\" id=\"05_heisede_Solarpaket_I_Neue_Regeln_fuer_Balkonkraftwerke_und_Stromspeicher_%E2%80%8B\"><\/span><a href=\"https:\/\/www.heise.de\/hintergrund\/Solarpaket-I-Neue-Regeln-fuer-Balkonkraftwerke-und-Stromspeicher-9698000.html\" target=\"_blank\" rel=\"noreferrer noopener nofollow\">(05) heise.de : Solarpaket I: Neue Regeln f\u00fcr Balkonkraftwerke und Stromspeicher&nbsp;\u200b<\/a><span class=\"ez-toc-section-end\"><\/span><\/h3>\n\n\n\n<h3 class=\"wp-block-heading\"><span class=\"ez-toc-section\" id=\"04_t3nde_Bundestag_und_Bundesrat_beschliessen_Solarpaket_Was_sich_fuer_Balkonkraftwerke_aendert\"><\/span><a href=\"https:\/\/t3n.de\/news\/bundestag-bundesrat-solarpaket-aenderungen-1596828\/\" target=\"_blank\" rel=\"noreferrer noopener nofollow\">(04) t3n.de : Bundestag und Bundesrat beschlie\u00dfen Solarpaket: Was sich f\u00fcr Balkonkraftwerke \u00e4ndert<\/a><span class=\"ez-toc-section-end\"><\/span><\/h3>\n\n\n\n<hr class=\"wp-block-separator has-alpha-channel-opacity\"\/>\n\n\n\n<p>&#8230;<\/p>\n\n\n\n<h3 class=\"wp-block-heading\"><span class=\"ez-toc-section\" id=\"05_sfvde_solarenergie_Foerderverein_Solarpaket_beschlossen_%E2%80%93_Ende_gut_alles_gut\"><\/span><a href=\"https:\/\/www.sfv.de\/solarpaket-beschlossen-ende-gut-alles-gut\" target=\"_blank\" rel=\"noreferrer noopener nofollow\">(05) sfv.de (solarenergie F\u00f6rderverein) : Solarpaket beschlossen &#8211; Ende gut, alles gut?<\/a><span class=\"ez-toc-section-end\"><\/span><\/h3>\n\n\n\n<h3 class=\"wp-block-heading\"><span class=\"ez-toc-section\" id=\"05_Solarnergie_Foerderverein_via_Mastodon\"><\/span><a href=\"https:\/\/mastodon.energy\/@sfv\/112336702618290432\" target=\"_blank\" rel=\"noreferrer noopener nofollow\">(05) Solarnergie F\u00f6rderverein (via Mastodon)<\/a><span class=\"ez-toc-section-end\"><\/span><\/h3>\n\n\n\n<p>&#8230;<\/p>\n\n\n\n<hr class=\"wp-block-separator has-alpha-channel-opacity\"\/>\n\n\n\n<p>((wird erg\u00e4nzt))<\/p>\n\n\n\n<p><\/p>\n<div id=\"ez-toc-container\" class=\"ez-toc-v2_0_82_2 counter-hierarchy ez-toc-counter ez-toc-transparent ez-toc-container-direction\">\n<div class=\"ez-toc-title-container\">\n<p class=\"ez-toc-title\" style=\"cursor:inherit\">Inhalte dieser Seite :<\/p>\n<span class=\"ez-toc-title-toggle\"><a href=\"#\" class=\"ez-toc-pull-right ez-toc-btn ez-toc-btn-xs ez-toc-btn-default ez-toc-toggle\" aria-label=\"Toggle Table of Content\"><span class=\"ez-toc-js-icon-con\"><span class=\"\"><span class=\"eztoc-hide\" style=\"display:none;\">Toggle<\/span><span class=\"ez-toc-icon-toggle-span\"><svg style=\"fill: #999;color:#999\" xmlns=\"http:\/\/www.w3.org\/2000\/svg\" class=\"list-377408\" width=\"20px\" height=\"20px\" viewBox=\"0 0 24 24\" fill=\"none\"><path d=\"M6 6H4v2h2V6zm14 0H8v2h12V6zM4 11h2v2H4v-2zm16 0H8v2h12v-2zM4 16h2v2H4v-2zm16 0H8v2h12v-2z\" fill=\"currentColor\"><\/path><\/svg><svg style=\"fill: #999;color:#999\" class=\"arrow-unsorted-368013\" xmlns=\"http:\/\/www.w3.org\/2000\/svg\" width=\"10px\" height=\"10px\" viewBox=\"0 0 24 24\" version=\"1.2\" baseProfile=\"tiny\"><path d=\"M18.2 9.3l-6.2-6.3-6.2 6.3c-.2.2-.3.4-.3.7s.1.5.3.7c.2.2.4.3.7.3h11c.3 0 .5-.1.7-.3.2-.2.3-.5.3-.7s-.1-.5-.3-.7zM5.8 14.7l6.2 6.3 6.2-6.3c.2-.2.3-.5.3-.7s-.1-.5-.3-.7c-.2-.2-.4-.3-.7-.3h-11c-.3 0-.5.1-.7.3-.2.2-.3.5-.3.7s.1.5.3.7z\"\/><\/svg><\/span><\/span><\/span><\/a><\/span><\/div>\n<nav><ul class='ez-toc-list ez-toc-list-level-1 eztoc-toggle-hide-by-default' ><li class='ez-toc-page-1 ez-toc-heading-level-3'><a class=\"ez-toc-link ez-toc-heading-1\" href=\"https:\/\/boklima.de\/?p=14090\/#Was_bringt_es_Kurzuebersicht\" >Was bringt es (Kurz\u00fcbersicht)<\/a><\/li><li class='ez-toc-page-1 ez-toc-heading-level-3'><a class=\"ez-toc-link ez-toc-heading-2\" href=\"https:\/\/boklima.de\/?p=14090\/#Infozusammenstellung_aus_dem_Netz\" >Infozusammenstellung aus dem Netz :<\/a><ul class='ez-toc-list-level-4' ><li class='ez-toc-heading-level-4'><a class=\"ez-toc-link ez-toc-heading-3\" href=\"https:\/\/boklima.de\/?p=14090\/#01_Bundesregierungde\" >(01) Bundesregierung.de<\/a><\/li><\/ul><\/li><li class='ez-toc-page-1 ez-toc-heading-level-3'><a class=\"ez-toc-link ez-toc-heading-4\" href=\"https:\/\/boklima.de\/?p=14090\/#02_Tageschaude\" >(02) Tageschau.de<\/a><ul class='ez-toc-list-level-4' ><li class='ez-toc-heading-level-4'><a class=\"ez-toc-link ez-toc-heading-5\" href=\"https:\/\/boklima.de\/?p=14090\/#Leichter_zum_BalkonkraftwerkSolarpaket_endgueltig_verabschiedet\" >Leichter zum BalkonkraftwerkSolarpaket endg\u00fcltig verabschiedet<\/a><\/li><\/ul><\/li><li class='ez-toc-page-1 ez-toc-heading-level-3'><a class=\"ez-toc-link ez-toc-heading-6\" href=\"https:\/\/boklima.de\/?p=14090\/#03_PV-magazinede_Bundestag_beschliesst_%E2%80%9ESolarpaket_1%E2%80%9C\" >(03) PV-magazine.de : Bundestag beschlie\u00dft \u201eSolarpaket 1\u201c<\/a><\/li><li class='ez-toc-page-1 ez-toc-heading-level-3'><a class=\"ez-toc-link ez-toc-heading-7\" href=\"https:\/\/boklima.de\/?p=14090\/#04_heisede_Solarpaket_I_Bundestag_und_Bundesrat_stimmen_zu\" >(04) heise.de : Solarpaket I: Bundestag und Bundesrat stimmen zu<\/a><\/li><li class='ez-toc-page-1 ez-toc-heading-level-3'><a class=\"ez-toc-link ez-toc-heading-8\" href=\"https:\/\/boklima.de\/?p=14090\/#05_heisede_Solarpaket_I_Neue_Regeln_fuer_Balkonkraftwerke_und_Stromspeicher_%E2%80%8B\" >(05) heise.de : Solarpaket I: Neue Regeln f\u00fcr Balkonkraftwerke und Stromspeicher&nbsp;\u200b<\/a><\/li><li class='ez-toc-page-1 ez-toc-heading-level-3'><a class=\"ez-toc-link ez-toc-heading-9\" href=\"https:\/\/boklima.de\/?p=14090\/#04_t3nde_Bundestag_und_Bundesrat_beschliessen_Solarpaket_Was_sich_fuer_Balkonkraftwerke_aendert\" >(04) t3n.de : Bundestag und Bundesrat beschlie\u00dfen Solarpaket: Was sich f\u00fcr Balkonkraftwerke \u00e4ndert<\/a><\/li><li class='ez-toc-page-1 ez-toc-heading-level-3'><a class=\"ez-toc-link ez-toc-heading-10\" href=\"https:\/\/boklima.de\/?p=14090\/#05_sfvde_solarenergie_Foerderverein_Solarpaket_beschlossen_%E2%80%93_Ende_gut_alles_gut\" >(05) sfv.de (solarenergie F\u00f6rderverein) : Solarpaket beschlossen &#8211; Ende gut, alles gut?<\/a><\/li><li class='ez-toc-page-1 ez-toc-heading-level-3'><a class=\"ez-toc-link ez-toc-heading-11\" href=\"https:\/\/boklima.de\/?p=14090\/#05_Solarnergie_Foerderverein_via_Mastodon\" >(05) Solarnergie F\u00f6rderverein (via Mastodon)<\/a><\/li><\/ul><\/nav><\/div>\n","protected":false},"excerpt":{"rendered":"<p>Endlich ist das Solarpaket I vom Bundestag und Bundesrat versabschiedet;hier einige Meldungen dazu : Was bringt es (Kurz\u00fcbersicht) Infozusammenstellung aus dem Netz : (01) Bundesregierung.de (26.04.24) Das Solarpaket I im \u00dcberblick Solarpaket I von Bundestag und Bundesrat verabschiedetMehr Solarstrom, weniger B\u00fcrokratie Namentliche Abstimmung : Erneuerbare-Energien-Gesetz (Solarpaket) Ob Balkonkraftwerke oder gemeinschaftliche Geb\u00e4udeversorgung: Das Solarpaket I wird &hellip; <a href=\"https:\/\/boklima.de\/?p=14090\" class=\"more-link\"><span class=\"screen-reader-text\">\u201eSolarpaket I  (Mehr Solarstrom, weniger B\u00fcrokratie) FR 26.04 verabschiedet\u201c <\/span>weiterlesen<\/a><\/p>\n","protected":false},"author":2,"featured_media":14091,"comment_status":"closed","ping_status":"closed","sticky":false,"template":"","format":"standard","meta":{"ngg_post_thumbnail":0,"footnotes":"","_share_on_mastodon":"0"},"categories":[159,174,175,210,238,155,157,104,130,142],"tags":[264,271,274,289,290],"class_list":["post-14090","post","type-post","status-publish","format-standard","has-post-thumbnail","hentry","category-energie","category-solarstrom","category-photovoltaik","category-pv-initiative","category-nachhaltigkeit","category-relevant-boklima","category-relevant-klimanews","category-oeffentlich-fuer-alle-site-besucher-lesbar","category-co2-einsparen","category-mieterstrom","tag-pv-2","tag-balkonkraftwerk-2","tag-balkonsolar-2","tag-solarstrom-2","tag-solarpaket"],"share_on_mastodon":{"url":"https:\/\/ruhr.social\/@BoKlima\/112339234955273219","error":""},"rttpg_featured_image_url":{"full":["https:\/\/boklima.de\/wp-content\/uploads\/2024\/04\/image-20.png",544,313,false],"landscape":["https:\/\/boklima.de\/wp-content\/uploads\/2024\/04\/image-20.png",544,313,false],"portraits":["https:\/\/boklima.de\/wp-content\/uploads\/2024\/04\/image-20.png",544,313,false],"thumbnail":["https:\/\/boklima.de\/wp-content\/uploads\/2024\/04\/image-20-150x150.png",150,150,true],"medium":["https:\/\/boklima.de\/wp-content\/uploads\/2024\/04\/image-20-300x173.png",300,173,true],"large":["https:\/\/boklima.de\/wp-content\/uploads\/2024\/04\/image-20.png",544,313,false],"1536x1536":["https:\/\/boklima.de\/wp-content\/uploads\/2024\/04\/image-20.png",544,313,false],"2048x2048":["https:\/\/boklima.de\/wp-content\/uploads\/2024\/04\/image-20.png",544,313,false],"post-thumbnail":["https:\/\/boklima.de\/wp-content\/uploads\/2024\/04\/image-20.png",544,313,false]},"rttpg_author":{"display_name":"thomas - als admin","author_link":"https:\/\/boklima.de\/?author=2"},"rttpg_comment":0,"rttpg_category":"<a href=\"https:\/\/boklima.de\/?cat=159\" rel=\"category\">Energie<\/a> <a href=\"https:\/\/boklima.de\/?cat=174\" rel=\"category\">Solarstrom<\/a> <a href=\"https:\/\/boklima.de\/?cat=175\" rel=\"category\">Photovoltaik<\/a> <a href=\"https:\/\/boklima.de\/?cat=210\" rel=\"category\">PV-Initiative<\/a> <a href=\"https:\/\/boklima.de\/?cat=238\" rel=\"category\">Nachhaltigkeit<\/a> <a href=\"https:\/\/boklima.de\/?cat=155\" rel=\"category\">relevant-BoKlima<\/a> <a href=\"https:\/\/boklima.de\/?cat=157\" rel=\"category\">relevant-KlimaNews<\/a> <a href=\"https:\/\/boklima.de\/?cat=104\" rel=\"category\">\u00f6ffentlich (f\u00fcr alle lesbar)<\/a> <a href=\"https:\/\/boklima.de\/?cat=130\" rel=\"category\">CO2-einsparen<\/a> <a href=\"https:\/\/boklima.de\/?cat=142\" rel=\"category\">MieterStrom<\/a>","rttpg_excerpt":"Endlich ist das Solarpaket I vom Bundestag und Bundesrat versabschiedet;hier einige Meldungen dazu : Was bringt es (Kurz\u00fcbersicht) Infozusammenstellung aus dem Netz : (01) Bundesregierung.de (26.04.24) Das Solarpaket I im \u00dcberblick Solarpaket I von Bundestag und Bundesrat verabschiedetMehr Solarstrom, weniger B\u00fcrokratie Namentliche Abstimmung : Erneuerbare-Energien-Gesetz (Solarpaket) Ob Balkonkraftwerke oder gemeinschaftliche Geb\u00e4udeversorgung: Das Solarpaket I wird&hellip;","_links":{"self":[{"href":"https:\/\/boklima.de\/index.php?rest_route=\/wp\/v2\/posts\/14090","targetHints":{"allow":["GET"]}}],"collection":[{"href":"https:\/\/boklima.de\/index.php?rest_route=\/wp\/v2\/posts"}],"about":[{"href":"https:\/\/boklima.de\/index.php?rest_route=\/wp\/v2\/types\/post"}],"author":[{"embeddable":true,"href":"https:\/\/boklima.de\/index.php?rest_route=\/wp\/v2\/users\/2"}],"replies":[{"embeddable":true,"href":"https:\/\/boklima.de\/index.php?rest_route=%2Fwp%2Fv2%2Fcomments&post=14090"}],"version-history":[{"count":2,"href":"https:\/\/boklima.de\/index.php?rest_route=\/wp\/v2\/posts\/14090\/revisions"}],"predecessor-version":[{"id":14198,"href":"https:\/\/boklima.de\/index.php?rest_route=\/wp\/v2\/posts\/14090\/revisions\/14198"}],"wp:featuredmedia":[{"embeddable":true,"href":"https:\/\/boklima.de\/index.php?rest_route=\/wp\/v2\/media\/14091"}],"wp:attachment":[{"href":"https:\/\/boklima.de\/index.php?rest_route=%2Fwp%2Fv2%2Fmedia&parent=14090"}],"wp:term":[{"taxonomy":"category","embeddable":true,"href":"https:\/\/boklima.de\/index.php?rest_route=%2Fwp%2Fv2%2Fcategories&post=14090"},{"taxonomy":"post_tag","embeddable":true,"href":"https:\/\/boklima.de\/index.php?rest_route=%2Fwp%2Fv2%2Ftags&post=14090"}],"curies":[{"name":"wp","href":"https:\/\/api.w.org\/{rel}","templated":true}]}}