{"id":13995,"date":"2024-04-07T14:25:37","date_gmt":"2024-04-07T12:25:37","guid":{"rendered":"https:\/\/boklima.de\/?p=13995"},"modified":"2024-05-21T08:44:23","modified_gmt":"2024-05-21T06:44:23","slug":"meldungen-zu-pv-balkonsolar","status":"publish","type":"post","link":"https:\/\/boklima.de\/?p=13995","title":{"rendered":"Meldungen zu PV , Balkonsolar"},"content":{"rendered":"\n<h3 class=\"wp-block-heading\"><span class=\"ez-toc-section\" id=\"Buergersprechstunde_%E2%80%9CBalkonkraftwerke_%E2%80%93_Energiewende_zum_Selbermachen%E2%80%9D\"><\/span>B\u00fcrgersprechstunde: &#8220;Balkonkraftwerke \u2013 Energiewende zum Selbermachen&#8221;<span class=\"ez-toc-section-end\"><\/span><\/h3>\n\n\n\n<p>Die DUH (Deutsche Umwelt Hilfe) laedt herzlich zur Online-B\u00fcrgersprechstunde <br><strong>am 18. April 2024 um 19:00 Uhr mit dem Thema &#8220;Balkonkraftwerke <\/strong>\u2013 Energiewende zum Selbermachen&#8221; ein. >><\/p>\n\n\n<div class=\"wp-block-image is-style-default\">\n<figure class=\"alignleft size-thumbnail\"><a href=\"https:\/\/boklima.de\/wp-content\/uploads\/2024\/04\/image-15.png\"><img loading=\"lazy\" decoding=\"async\" width=\"150\" height=\"150\" src=\"https:\/\/boklima.de\/wp-content\/uploads\/2024\/04\/image-15-150x150.png\" alt=\"\" class=\"wp-image-14005\"\/><\/a><\/figure>\n<\/div>\n\n\n<p>\u00dcber folgenden Link k\u00f6nnen Sie sich bereits jetzt anmelden: <br>* direkt zu zoom :<br>* <a href=\"https:\/\/us02web.zoom.us\/webinar\/register\/WN_b4BhqQ9WR6qcJ6DGUmIy0w#\/registration\" target=\"_blank\" rel=\"noreferrer noopener\">https:\/\/us02web.zoom.us\/webinar\/register\/WN_b4BhqQ9WR6qcJ6DGUmIy0w#\/registration <\/a><br>In dieser Sprechstunde stehen wir Ihnen Rede und Antwort rund ums Thema \u201eBalkonkraftwerke\u201c. Ob Mieter oder Eigenheimbesitzerin: Bringen Sie Ihre technischen und juristischen Fragen ein! <\/p>\n\n\n\n<p>Wir freuen uns sehr, dass wir zwei ausgewiesene Experten gewinnen konnten, die uns unterst\u00fctzen: <\/p>\n\n\n\n<ul class=\"wp-block-list\">\n<li>Christian Ofenheusle wird uns Einblicke in die praktischen Herausforderungen und M\u00f6glichkeiten bei der Installation und Montage von Balkonkraftwerken geben. <\/li>\n\n\n\n<li>Dr. Dirk Legler wird einen \u00dcberblick \u00fcber die rechtlichen Rahmenbedingungen liefern und auf Ihre juristischen Fragen eingehen. <\/li>\n<\/ul>\n\n\n\n<p>Diese Veranstaltung ist offen f\u00fcr alle Interessierten \u2013 egal ob Sie konkrete Fragen zur Umsetzung Ihres pers\u00f6nlichen Balkonkraftwerk-Projekts haben oder sich einfach allgemein informieren m\u00f6chten. <\/p>\n\n\n\n<p>Auch Vermietende und Hausverwaltungen, die mehr \u00fcber Balkonkraftwerke erfahren und m\u00f6gliche Vorbehalte abbauen m\u00f6chten, sind herzlich willkommen. Kleiner Tipp: Sie k\u00f6nnen im Vorfeld schon Ihre Fragen notieren, die Sie in der Veranstaltung an unsere Experten stellen m\u00f6chten. Wir freuen uns auf einen lebhaften Austausch und darauf, gemeinsam L\u00f6sungsans\u00e4tze f\u00fcr die \u201eEnergiewende zum Selbermachen\u201c zu diskutieren.&lt;&lt;<\/p>\n\n\n\n<h3 class=\"wp-block-heading\"><span class=\"ez-toc-section\" id=\"Solarausbau\"><\/span>Solarausbau<span class=\"ez-toc-section-end\"><\/span><\/h3>\n\n\n\n<ul class=\"wp-block-list\">\n<li>(05.04.24, wdr ) , <a href=\"https:\/\/www1.wdr.de\/nachrichten\/kommunen-solarausbau-100.html\" target=\"_blank\" rel=\"noreferrer noopener\">Solarausbau: Mehrere NRW-St\u00e4dte schneiden gut ab<\/a>\n<ul class=\"wp-block-list\">\n<li>Der Ausbau der Solarenergie soll dabei helfen, Klimaziele zu erreichen. Die Umwelthilfe hat ausgewertet, wie weit die St\u00e4dte dabei sind. Vier Kommunen aus NRW landen in der Spitzengruppe.<\/li>\n\n\n\n<li>Von allen 82 deutschen Gro\u00dfst\u00e4dten seien nur Oldenburg, Paderborn, Regensburg, Neuss, Oberhausen, G\u00fctersloh und Erlangen auf einem sehr guten Weg, so die Umwelthilfe. \n<ul class=\"wp-block-list\">\n<li>(( anm. der Red. Bochum mal wieder NICHT dabei , s.u ))<\/li>\n<\/ul>\n<\/li>\n<\/ul>\n<\/li>\n\n\n\n<li>(04.04.24, duh ) , <a href=\"https:\/\/www.duh.de\/presse\/pressemitteilungen\/pressemitteilung\/solarenergie-in-grossstaedten-in-der-krise-auswertung-der-deutschen-umwelthilfe-zeigt-katastrophale-v\/\" target=\"_blank\" rel=\"noreferrer noopener\">Solarenergie in Gro\u00dfst\u00e4dten in der Krise: Auswertung der Deutschen Umwelthilfe zeigt katastrophale Verfehlung des notwendigen Zubaus<\/a>\n<ul class=\"wp-block-list\">\n<li>Solarstrom-Zubau inkompatibel mit Pariser Klimazielen: Nur 7 von 82 Gro\u00dfst\u00e4dten haben in den letzten zwei Jahren genug neue Photovoltaik-Anlagen installiert &#8230;<\/li>\n\n\n\n<li>Ranking : <a href=\"https:\/\/www.duh.de\/zielgruppen\/kommunen\/kommunaler-klimaschutz\/solaroffensive\/\" target=\"_blank\" rel=\"noreferrer noopener\">Solaroffensive in deutschen St\u00e4dten<\/a>\n<ul class=\"wp-block-list\">\n<li>PLatz 1-3: <\/li>\n<\/ul>\n<\/li>\n<\/ul>\n<\/li>\n<\/ul>\n\n\n<div class=\"wp-block-image is-style-default\">\n<figure class=\"aligncenter size-medium\"><a href=\"https:\/\/boklima.de\/wp-content\/uploads\/2024\/04\/image-10.png\"><img loading=\"lazy\" decoding=\"async\" width=\"300\" height=\"96\" src=\"https:\/\/boklima.de\/wp-content\/uploads\/2024\/04\/image-10-300x96.png\" alt=\"\" class=\"wp-image-13996\" srcset=\"https:\/\/boklima.de\/wp-content\/uploads\/2024\/04\/image-10-300x96.png 300w, https:\/\/boklima.de\/wp-content\/uploads\/2024\/04\/image-10-768x245.png 768w, https:\/\/boklima.de\/wp-content\/uploads\/2024\/04\/image-10.png 983w\" sizes=\"auto, (max-width: 300px) 85vw, 300px\" \/><\/a><\/figure>\n<\/div>\n\n\n<ul class=\"wp-block-list\">\n<li>Platz 23-24 Bochum, Dortmund<\/li>\n<\/ul>\n\n\n<div class=\"wp-block-image is-style-default\">\n<figure class=\"aligncenter size-medium\"><a href=\"https:\/\/boklima.de\/wp-content\/uploads\/2024\/04\/image-11.png\"><img loading=\"lazy\" decoding=\"async\" width=\"300\" height=\"96\" src=\"https:\/\/boklima.de\/wp-content\/uploads\/2024\/04\/image-11-300x96.png\" alt=\"\" class=\"wp-image-13997\" srcset=\"https:\/\/boklima.de\/wp-content\/uploads\/2024\/04\/image-11-300x96.png 300w, https:\/\/boklima.de\/wp-content\/uploads\/2024\/04\/image-11-768x245.png 768w, https:\/\/boklima.de\/wp-content\/uploads\/2024\/04\/image-11.png 983w\" sizes=\"auto, (max-width: 300px) 85vw, 300px\" \/><\/a><\/figure>\n<\/div>\n\n\n<p><\/p>\n\n\n\n<ul class=\"wp-block-list\">\n<li>Was fordert die DUH?\n<ul class=\"wp-block-list\">\n<li>Die Schlusslichter im Ranking m\u00fcssen schleunigst die Aufholjagd im Solar-Wettbewerb beginnen. Gleichzeitig m\u00fcssen sich die Gewinner-St\u00e4dte davor h\u00fcten, sich auf ihren Erfolgen auszuruhen. Die DUH&nbsp;<a href=\"https:\/\/www.duh.de\/fileadmin\/user_upload\/download\/Pressemitteilungen\/Kommunal\/230316_Forderungspapier_Photovoltaik_final.pdf\">fordert&nbsp;<\/a>deshalb ad hoc:<\/li>\n\n\n\n<li>1.&nbsp; &nbsp; Bundesweiter Solarstandard\n<ul class=\"wp-block-list\">\n<li>2.&nbsp;&nbsp;&nbsp; B\u00fcrokratieabbau f\u00fcr Balkonkraftwerke<\/li>\n\n\n\n<li>3.&nbsp;&nbsp;&nbsp; Mieterstrom vereinfachen<\/li>\n\n\n\n<li>4.&nbsp;&nbsp;&nbsp; M\u00f6glichkeiten des Energy Sharings ausweiten<\/li>\n\n\n\n<li>5.&nbsp;&nbsp;&nbsp; Ausbau der F\u00f6rderung f\u00fcr Solaranlagen<\/li>\n\n\n\n<li>6.&nbsp;&nbsp;&nbsp; Digitalisierung der Energiewende<\/li>\n<\/ul>\n<\/li>\n<\/ul>\n<\/li>\n<\/ul>\n\n\n\n<hr class=\"wp-block-separator has-alpha-channel-opacity\"\/>\n\n\n\n<ul class=\"wp-block-list\">\n<li>(05.04.24 , spiegel)  <a href=\"https:\/\/www.spiegel.de\/wirtschaft\/deutsche-umwelthilfe-nicht-einmal-jede-zehnte-deutsche-grossstadt-tut-genug-beim-solarausbau-a-9ead71e9-a486-4b56-af78-8bd9fa241daf\" target=\"_blank\" rel=\"noreferrer noopener\"><strong>Auswertung der Deutschen Umwelthilfe<\/strong>Nicht einmal jede zehnte deutsche Gro\u00dfstadt tut genug beim Solarausbau<\/a>\n<ul class=\"wp-block-list\">\n<li class=\"has-small-font-size\"><span style=\"color: rgb(0, 0, 0); font-family: SpiegelSansUI, system-ui, BlinkMacSystemFont, -apple-system, &quot;Segoe UI&quot;, Roboto, Oxygen, Ubuntu, Cantarell, &quot;Fira Sans&quot;, &quot;Droid Sans&quot;, &quot;Helvetica Neue&quot;, sans-serif; font-size: 20px; font-style: normal; font-variant-ligatures: normal; font-variant-caps: normal; font-weight: 400; letter-spacing: normal; orphans: 2; text-align: start; text-indent: 0px; text-transform: none; widows: 2; word-spacing: 0px; -webkit-text-stroke-width: 0px; white-space: normal; background-color: rgb(255, 255, 255); text-decoration-thickness: initial; text-decoration-style: initial; text-decoration-color: initial; display: inline !important; float: none;\">In Deutschland boomt der Verkauf von Fotovoltaikanlagen \u2013 gerade f\u00fcr den privaten Gebrauch. Dennoch kommt der Solarausbau nicht ann\u00e4hernd schnell genug voran.<\/span><\/li>\n\n\n\n<li class=\"has-small-font-size\">Nicht einmal zehn Prozent der St\u00e4dte haben&nbsp;<a href=\"https:\/\/www.duh.de\/zielgruppen\/kommunen\/kommunaler-klimaschutz\/solaroffensive\/#c104054\" target=\"_blank\" rel=\"noreferrer noopener\">nach Angaben der Deutschen Umwelthilfe (DUH)&nbsp;<\/a>&nbsp;in den vergangenen zwei Jahren genug neue Solarstromanlagen installiert, um das Pariser 1,5-Grad-Limit einzuhalten.<\/li>\n\n\n\n<li class=\"has-small-font-size\"><\/li>\n<\/ul>\n<\/li>\n<\/ul>\n\n\n\n<hr class=\"wp-block-separator has-alpha-channel-opacity\"\/>\n\n\n\n<ul class=\"wp-block-list\">\n<li>(05.04.24 , rnd ) , <a href=\"https:\/\/www.rnd.de\/wirtschaft\/solarausbau-in-deutschland-ein-ueberblick-in-grafiken-H7GVN7B2W5EZZGQHLPCN4XUIQA.html\" target=\"_blank\" rel=\"noreferrer noopener\">So steht es um den Solarausbau in Deutschland \u2013 ein \u00dcberblick in Grafiken<\/a><\/li>\n<\/ul>\n\n\n<div class=\"wp-block-image is-style-default\">\n<figure class=\"aligncenter size-medium\"><a href=\"https:\/\/boklima.de\/wp-content\/uploads\/2024\/04\/image-13.png\"><img loading=\"lazy\" decoding=\"async\" width=\"300\" height=\"218\" src=\"https:\/\/boklima.de\/wp-content\/uploads\/2024\/04\/image-13-300x218.png\" alt=\"\" class=\"wp-image-14001\" srcset=\"https:\/\/boklima.de\/wp-content\/uploads\/2024\/04\/image-13-300x218.png 300w, https:\/\/boklima.de\/wp-content\/uploads\/2024\/04\/image-13-768x559.png 768w, https:\/\/boklima.de\/wp-content\/uploads\/2024\/04\/image-13.png 879w\" sizes=\"auto, (max-width: 300px) 85vw, 300px\" \/><\/a><\/figure>\n<\/div>\n\n\n<hr class=\"wp-block-separator has-alpha-channel-opacity\"\/>\n\n\n<div class=\"wp-block-image is-style-default\">\n<figure class=\"aligncenter size-medium\"><a href=\"https:\/\/boklima.de\/wp-content\/uploads\/2024\/04\/image-14.png\"><img loading=\"lazy\" decoding=\"async\" width=\"267\" height=\"300\" src=\"https:\/\/boklima.de\/wp-content\/uploads\/2024\/04\/image-14-267x300.png\" alt=\"\" class=\"wp-image-14002\" srcset=\"https:\/\/boklima.de\/wp-content\/uploads\/2024\/04\/image-14-267x300.png 267w, https:\/\/boklima.de\/wp-content\/uploads\/2024\/04\/image-14-768x861.png 768w, https:\/\/boklima.de\/wp-content\/uploads\/2024\/04\/image-14.png 879w\" sizes=\"auto, (max-width: 267px) 85vw, 267px\" \/><\/a><\/figure>\n<\/div><div id=\"ez-toc-container\" class=\"ez-toc-v2_0_82_2 counter-hierarchy ez-toc-counter ez-toc-transparent ez-toc-container-direction\">\n<div class=\"ez-toc-title-container\">\n<p class=\"ez-toc-title\" style=\"cursor:inherit\">Inhalte dieser Seite :<\/p>\n<span class=\"ez-toc-title-toggle\"><a href=\"#\" class=\"ez-toc-pull-right ez-toc-btn ez-toc-btn-xs ez-toc-btn-default ez-toc-toggle\" aria-label=\"Toggle Table of Content\"><span class=\"ez-toc-js-icon-con\"><span class=\"\"><span class=\"eztoc-hide\" style=\"display:none;\">Toggle<\/span><span class=\"ez-toc-icon-toggle-span\"><svg style=\"fill: #999;color:#999\" xmlns=\"http:\/\/www.w3.org\/2000\/svg\" class=\"list-377408\" width=\"20px\" height=\"20px\" viewBox=\"0 0 24 24\" fill=\"none\"><path d=\"M6 6H4v2h2V6zm14 0H8v2h12V6zM4 11h2v2H4v-2zm16 0H8v2h12v-2zM4 16h2v2H4v-2zm16 0H8v2h12v-2z\" fill=\"currentColor\"><\/path><\/svg><svg style=\"fill: #999;color:#999\" class=\"arrow-unsorted-368013\" xmlns=\"http:\/\/www.w3.org\/2000\/svg\" width=\"10px\" height=\"10px\" viewBox=\"0 0 24 24\" version=\"1.2\" baseProfile=\"tiny\"><path d=\"M18.2 9.3l-6.2-6.3-6.2 6.3c-.2.2-.3.4-.3.7s.1.5.3.7c.2.2.4.3.7.3h11c.3 0 .5-.1.7-.3.2-.2.3-.5.3-.7s-.1-.5-.3-.7zM5.8 14.7l6.2 6.3 6.2-6.3c.2-.2.3-.5.3-.7s-.1-.5-.3-.7c-.2-.2-.4-.3-.7-.3h-11c-.3 0-.5.1-.7.3-.2.2-.3.5-.3.7s.1.5.3.7z\"\/><\/svg><\/span><\/span><\/span><\/a><\/span><\/div>\n<nav><ul class='ez-toc-list ez-toc-list-level-1 eztoc-toggle-hide-by-default' ><li class='ez-toc-page-1 ez-toc-heading-level-3'><a class=\"ez-toc-link ez-toc-heading-1\" href=\"https:\/\/boklima.de\/?p=13995\/#Buergersprechstunde_%E2%80%9CBalkonkraftwerke_%E2%80%93_Energiewende_zum_Selbermachen%E2%80%9D\" >B\u00fcrgersprechstunde: &#8220;Balkonkraftwerke \u2013 Energiewende zum Selbermachen&#8221;<\/a><\/li><li class='ez-toc-page-1 ez-toc-heading-level-3'><a class=\"ez-toc-link ez-toc-heading-2\" href=\"https:\/\/boklima.de\/?p=13995\/#Solarausbau\" >Solarausbau<\/a><\/li><\/ul><\/nav><\/div>\n","protected":false},"excerpt":{"rendered":"<p>B\u00fcrgersprechstunde: &#8220;Balkonkraftwerke \u2013 Energiewende zum Selbermachen&#8221; Die DUH (Deutsche Umwelt Hilfe) laedt herzlich zur Online-B\u00fcrgersprechstunde am 18. April 2024 um 19:00 Uhr mit dem Thema &#8220;Balkonkraftwerke \u2013 Energiewende zum Selbermachen&#8221; ein. >> \u00dcber folgenden Link k\u00f6nnen Sie sich bereits jetzt anmelden: * direkt zu zoom :* https:\/\/us02web.zoom.us\/webinar\/register\/WN_b4BhqQ9WR6qcJ6DGUmIy0w#\/registration In dieser Sprechstunde stehen wir Ihnen Rede und &hellip; <a href=\"https:\/\/boklima.de\/?p=13995\" class=\"more-link\"><span class=\"screen-reader-text\">\u201eMeldungen zu PV , Balkonsolar\u201c <\/span>weiterlesen<\/a><\/p>\n","protected":false},"author":2,"featured_media":0,"comment_status":"closed","ping_status":"closed","sticky":false,"template":"","format":"standard","meta":{"ngg_post_thumbnail":0,"footnotes":"","_share_on_mastodon":"0"},"categories":[155,210,104],"tags":[264,269,270,271,272,273],"class_list":["post-13995","post","type-post","status-publish","format-standard","hentry","category-relevant-boklima","category-pv-initiative","category-oeffentlich-fuer-alle-site-besucher-lesbar","tag-pv-2","tag-solarausbau","tag-buergersprechstunde","tag-balkonkraftwerk-2","tag-umwelthilfe","tag-solaroffensive"],"share_on_mastodon":{"url":"https:\/\/ruhr.social\/@BoKlima\/112229924407132467","error":""},"rttpg_featured_image_url":null,"rttpg_author":{"display_name":"thomas - als admin","author_link":"https:\/\/boklima.de\/?author=2"},"rttpg_comment":0,"rttpg_category":"<a href=\"https:\/\/boklima.de\/?cat=155\" rel=\"category\">relevant-BoKlima<\/a> <a href=\"https:\/\/boklima.de\/?cat=210\" rel=\"category\">PV-Initiative<\/a> <a href=\"https:\/\/boklima.de\/?cat=104\" rel=\"category\">\u00f6ffentlich (f\u00fcr alle lesbar)<\/a>","rttpg_excerpt":"B\u00fcrgersprechstunde: &#8220;Balkonkraftwerke \u2013 Energiewende zum Selbermachen&#8221; Die DUH (Deutsche Umwelt Hilfe) laedt herzlich zur Online-B\u00fcrgersprechstunde am 18. April 2024 um 19:00 Uhr mit dem Thema &#8220;Balkonkraftwerke \u2013 Energiewende zum Selbermachen&#8221; ein. >> \u00dcber folgenden Link k\u00f6nnen Sie sich bereits jetzt anmelden: * direkt zu zoom :* https:\/\/us02web.zoom.us\/webinar\/register\/WN_b4BhqQ9WR6qcJ6DGUmIy0w#\/registration In dieser Sprechstunde stehen wir Ihnen Rede und&hellip;","_links":{"self":[{"href":"https:\/\/boklima.de\/index.php?rest_route=\/wp\/v2\/posts\/13995","targetHints":{"allow":["GET"]}}],"collection":[{"href":"https:\/\/boklima.de\/index.php?rest_route=\/wp\/v2\/posts"}],"about":[{"href":"https:\/\/boklima.de\/index.php?rest_route=\/wp\/v2\/types\/post"}],"author":[{"embeddable":true,"href":"https:\/\/boklima.de\/index.php?rest_route=\/wp\/v2\/users\/2"}],"replies":[{"embeddable":true,"href":"https:\/\/boklima.de\/index.php?rest_route=%2Fwp%2Fv2%2Fcomments&post=13995"}],"version-history":[{"count":5,"href":"https:\/\/boklima.de\/index.php?rest_route=\/wp\/v2\/posts\/13995\/revisions"}],"predecessor-version":[{"id":14006,"href":"https:\/\/boklima.de\/index.php?rest_route=\/wp\/v2\/posts\/13995\/revisions\/14006"}],"wp:attachment":[{"href":"https:\/\/boklima.de\/index.php?rest_route=%2Fwp%2Fv2%2Fmedia&parent=13995"}],"wp:term":[{"taxonomy":"category","embeddable":true,"href":"https:\/\/boklima.de\/index.php?rest_route=%2Fwp%2Fv2%2Fcategories&post=13995"},{"taxonomy":"post_tag","embeddable":true,"href":"https:\/\/boklima.de\/index.php?rest_route=%2Fwp%2Fv2%2Ftags&post=13995"}],"curies":[{"name":"wp","href":"https:\/\/api.w.org\/{rel}","templated":true}]}}