{"id":13730,"date":"2023-12-30T19:42:20","date_gmt":"2023-12-30T18:42:20","guid":{"rendered":"https:\/\/boklima.de\/?p=13730"},"modified":"2023-12-30T20:14:02","modified_gmt":"2023-12-30T19:14:02","slug":"balkonsolar-statt-boeller","status":"publish","type":"post","link":"https:\/\/boklima.de\/?p=13730","title":{"rendered":"Balkonsolar statt B\u00f6ller! &#8212;"},"content":{"rendered":"\n<p>Initiative des Vereins &#8216;<a href=\"https:\/\/balkon.solar\/\" data-type=\"link\" data-id=\"https:\/\/balkon.solar\/\">Balkonsolar aus Freiburg<\/a>&#8216;<\/p>\n\n\n\n<p>Wir sagen: <a href=\"https:\/\/freiburg.social\/tags\/Balkonsolar\">#Balkonsolar<\/a> statt <a href=\"https:\/\/freiburg.social\/tags\/B\u00f6ller\">#B\u00f6ller<\/a>! <br>Dies sollte \/ k\u00f6nnte auch f\u00fcr alle BochumerInnen eine Alternative sein.<br>Wer Fragen hat , komme zu unseren Balkon-Solar Workshops (siehe <a href=\"https:\/\/boklima.de\/?p=11237\" data-type=\"link\" data-id=\"https:\/\/boklima.de\/?p=11237\">hier<\/a>) oder schreibe an <a href=\"mailto:balkonsolar@boklima.de\" data-type=\"mailto\" data-id=\"mailto:balkonsolar@boklima.de\">balkonsolar<\/a>.  <\/p>\n\n\n\n<ul class=\"wp-block-list\">\n<li>&gt;&gt;<\/li>\n\n\n\n<li>&#xfe0f;statt Verbund-<a href=\"https:\/\/freiburg.social\/tags\/Feuerwerk\">#Feuerwerk<\/a> \u00bbBig Beast\u00ab lieber einen Kleinwechselrichter: <a href=\"https:\/\/www.alpha-solar.info\/Microwechselrichter-Hoymiles-HM-300-mit-Endkappe\/WRM0300HYE\" data-type=\"link\" data-id=\"https:\/\/www.alpha-solar.info\/Microwechselrichter-Hoymiles-HM-300-mit-Endkappe\/WRM0300HYE\">hier<\/a> <\/li>\n\n\n\n<li>statt Feuerwerk \u00bbHardrock Overture\u00ab besser ein Solarmodul von Kleinanzeigen <a href=\"https:\/\/www.kleinanzeigen.de\/s-solarmodul\/k0\" target=\"_blank\" rel=\"noreferrer noopener\">https:\/\/www.kleinanzeigen.de\/s-solarmodul\/k0<\/a><\/li>\n\n\n\n<li>statt Neon-F\u00e4cher-Batterie \u00bbFire Beats\u00ab Anschlu\u00df Kabel: <a href=\"https:\/\/greenakku.de\/Zubehoer\/PV-Zubehoer\/selfPV-Zubehoer\/Anschluss-Set-fuer-selfPV-5-Meter-mit-Betteri-Kupplung-und-abgewinkeltem-Wieland-Stecker::5491.html?cq_src=google_ads&amp;cq_cmp=19743368784&amp;cq_con=&amp;cq_term=&amp;cq_med=pla&amp;cq_plac=&amp;cq_net=x&amp;cq_pos=&amp;cq_plt=gp&amp;gad_source=1&amp;gclid=Cj0KCQiA1rSsBhDHARIsANB4EJYSu--55Xl_pIp3tPjCVJt07Hr7_As_l17viunB-oN3Z_ZZECku8qEaAr-6EALw_wcB\" target=\"_blank\" rel=\"noreferrer noopener\">hier<\/a> <\/li>\n\n\n\n<li>Und anstelle F\u00e4cher-Batterie \u00bbFiesta\u00ab lieber eine Aufh\u00e4ngung f\u00fcr den Balkon: <a href=\"https:\/\/www.balkonkraftwerkhalterung.de\/products\/balkonkraftwerk-halterung-befestigung-montag\" data-type=\"link\" data-id=\"https:\/\/www.balkonkraftwerkhalterung.de\/products\/balkonkraftwerk-halterung-befestigung-montag\" target=\"_blank\" rel=\"noreferrer noopener\">hier <\/a><\/li>\n<\/ul>\n\n\n<div class=\"wp-block-image is-style-default\">\n<figure class=\"aligncenter size-medium\"><img loading=\"lazy\" decoding=\"async\" width=\"300\" height=\"300\" src=\"https:\/\/boklima.de\/wp-content\/uploads\/2023\/12\/image-2-300x300.png\" alt=\"\" class=\"wp-image-13731\" srcset=\"https:\/\/boklima.de\/wp-content\/uploads\/2023\/12\/image-2-300x300.png 300w, https:\/\/boklima.de\/wp-content\/uploads\/2023\/12\/image-2-150x150.png 150w, https:\/\/boklima.de\/wp-content\/uploads\/2023\/12\/image-2.png 661w\" sizes=\"auto, (max-width: 300px) 85vw, 300px\" \/><\/figure>\n<\/div>\n\n\n<p><a href=\"https:\/\/freiburg.social\/@umwelthilfe@mas.to\">@umwelthilfe<\/a> <a href=\"https:\/\/freiburg.social\/tags\/B\u00f6llverbot\">#B\u00f6llverbot<\/a> <a href=\"https:\/\/freiburg.social\/tags\/Feinstaub\">#Feinstaub<\/a> <a href=\"https:\/\/freiburg.social\/tags\/SilvesterRaketen\">#SilvesterRaketen<\/a><br>&lt;&lt;<\/p>\n\n\n\n<p>Auf Mastodon siehe hier:  <a href=\"https:\/\/freiburg.social\/@balkonsolar\/111658450548904145\" target=\"_blank\" rel=\"noreferrer noopener\">https:\/\/freiburg.social\/@balkonsolar\/111658450548904145<\/a><\/p>\n\n\n\n<hr class=\"wp-block-separator has-alpha-channel-opacity\"\/>\n\n\n\n<h2 class=\"wp-block-heading\"><span class=\"ez-toc-section\" id=\"In_der_Schweiz_seit_2021\"><\/span>In der Schweiz seit 2021 :<span class=\"ez-toc-section-end\"><\/span><\/h2>\n\n\n\n<h3 class=\"wp-block-heading\"><span class=\"ez-toc-section\" id=\"Solaranlage_statt_Silvesterboeller\"><\/span><a href=\"https:\/\/www.solar-komplett.ch\/solaranlage-statt-silvesterboeller\" data-type=\"link\" data-id=\"https:\/\/www.solar-komplett.ch\/solaranlage-statt-silvesterboeller\" target=\"_blank\" rel=\"noreferrer noopener\">Solaranlage statt Silvesterb\u00f6ller<\/a><span class=\"ez-toc-section-end\"><\/span><\/h3>\n\n\n\n<p>Autor: admin | 31.12.2021<\/p>\n\n\n\n<p>Sch\u00f6n bunt leuchtend, laut, mit bei\u00dfendem Qualm und \u00fcbrig bleibt viel M\u00fcll, das bringen Raketen und B\u00f6ller mit sich, jedes Jahr in der Silvesternacht. Statt Ihre Gesundheit, Tiere und Natur zu belasten, ist es besser wenn Sie Silvester ohne teures Feuerwerk feiern und das gesparte Geld in eine Solaranlage investieren.<\/p>\n\n\n\n<p>So sehr, wie manche Menschen den Jahreswechsel herbeisehen, so sehr f\u00fcrchten sich Tiere vor der lauten Silvesternacht. Zwar sind die bunten Lichteffekte der Raketen wundersch\u00f6n anzusehen, aber der Rauch und der M\u00fcll nach der B\u00f6llerei ist sch\u00e4dlich f\u00fcr Mensch und Natur. F\u00fcr Tierfreunde stellt sich au\u00dferdem die Frage, ob sie ihren geliebten Haustieren und den Wildtieren diese Knallerei nicht lieber ersparen sollten, dem Tierwohl zu Liebe.<\/p>\n\n\n\n<p><strong>Silvestertradition mit Ach und Krach umweltsch\u00e4dlich und manchmal gef\u00e4hrlich<\/strong><\/p>\n\n\n\n<p>Die Freude am Silvesterfeuerwerk hat einen bitteren Beigeschmack. Lichtverschmutzung, L\u00e4rmbelastung, Luftverschmutzung, M\u00fcll und nicht zuletzt die Verletzungsgefahr.<\/p>\n\n\n\n<p>Die grellen Lichtblitze irritieren und erschrecken Tiere, Zuhause und vor allem freilebende Wildtiere in bewohnten Gegenden und in der Natur. Jeder laute Knall und der Krach der verschiedenen Effekte versetzt die Wild- und Haustiere zum Teil so sehr in Panik, dass sie ihr Leben lassen. Vor allem Wildv\u00f6gel fliegen in der Dunkelheit in Angst gegen Hindernisse, wobei sie sich schwer verletzen oder sterben k\u00f6nnen. Manche, der so wichtigen V\u00f6gel, verschwinden nach der Silvesterknallerei f\u00fcr immer von den Pl\u00e4tzen, wo sie einst sicher nisten und schlafen konnten. Auch Rehwild kann sich in Panik in der Nacht gef\u00e4hrlich verletzen. Der Stress kostet die Wildtiere auch viel Energie, die sie in der anstrengenden Winterzeit dringend zum \u00dcberleben brauchen.<\/p>\n\n\n\n<p>Deshalb setzt sich Fressnapf Schweiz zum Haus- und Wildtierschutz f\u00fcr ein stressfreies Silvester f\u00fcr Haustiere und wildlebende Tiere ein.<\/p>\n\n\n\n<p>Beim Abbrennen der Feuerwerksk\u00f6rper entsteht au\u00dferdem sch\u00e4dlicher Rauch. Der Qualm reizt die Atemwege von Mensch und Tier und der Feinstaub belastet die Umwelt. Passt man mal nicht auf oder gibt es Probleme mit der Qualit\u00e4t der Feuerwerksk\u00f6rper, kann das schwere Verletzungen zur Folge haben oder Br\u00e4nde verursachen. Das ist auch ein Grund, weshalb Schweizer St\u00e4dte und Gemeinden immer verbreiteter \u00f6ffentliche Feuerwerke absagen und die Menschen bitten, keine Feuerwerksk\u00f6rper zu nutzen, um die Krankenh\u00e4user in der aktuellen Coronalage zu entlasten.<\/p>\n\n\n\n<p>Ist der Silvesterspa\u00df vorbei, bleibt au\u00dferdem eine Menge Abfall und Plastikm\u00fcll zur\u00fcck. Da Raketen, Knaller oder Konfettikanonen teils in reichlich Entfernung explodieren, verteilen sich deren \u00dcberreste so weit, dass die Plastikteile und andere Bestandteile unm\u00f6glich vollst\u00e4ndig aufgesammelt und umweltfreundlich entsorgt werden k\u00f6nnen.<\/p>\n\n\n\n<p><strong>Klimafreundliche Solaranlage statt nachhaltig umweltsch\u00e4dliche Feuerwerksk\u00f6rper<\/strong><\/p>\n\n\n\n<p>Nat\u00fcrlich freut sich jedes Kinderherz \u00fcber die Raketenpracht und sie zaubert einfach eine einmalige Atmosph\u00e4re zum Jahreswechsel, doch die Nachteile sind nun mal nicht zu besch\u00f6nigen. Und ganz billig ist der Knaller-Spa\u00df an Silvester auch nicht.<\/p>\n\n\n\n<p>Clever investiert, k\u00f6nnen Sie sich im neuen Jahr mit dem gesparten Geld von den Silvesterknallern den Traum einer eigenen Photovoltaikanlage erf\u00fcllen. Eine Solaranlage versorgt einige Ihrer Ger\u00e4te Zuhause oder liefert Strom f\u00fcr die gesamte Hauselektronik inklusive Elektroauto oder E-Bike. So schaffen Sie sich auf klimafreundliche Art ein St\u00fcck Unabh\u00e4ngigkeit.<\/p>\n\n\n\n<p>Sparen Sie sich die teuren Knallk\u00f6rper f\u00fcr die Silvesternacht und g\u00f6nnen Sie sich im neuen Jahr besser eine Solaranlage. <a href=\"https:\/\/www.solar-komplett.ch\/de\/Komplettanlagen_ab_3kW.c521.2.html\">Photovoltaik<\/a> gibt es bei uns im platzsparenden Set als <a href=\"https:\/\/www.solar-komplett.ch\/de\/Komplett_Plug_Play_Solaranlagen_bis_600W.c630.2.html\">Solarstrom f\u00fcr Ihren Balkon<\/a> oder zur leistungsstarken Solarstromerzeugung f\u00fcr Ihr Dach.<\/p>\n\n\n\n<p><\/p>\n<div id=\"ez-toc-container\" class=\"ez-toc-v2_0_82_2 counter-hierarchy ez-toc-counter ez-toc-transparent ez-toc-container-direction\">\n<div class=\"ez-toc-title-container\">\n<p class=\"ez-toc-title\" style=\"cursor:inherit\">Inhalte dieser Seite :<\/p>\n<span class=\"ez-toc-title-toggle\"><a href=\"#\" class=\"ez-toc-pull-right ez-toc-btn ez-toc-btn-xs ez-toc-btn-default ez-toc-toggle\" aria-label=\"Toggle Table of Content\"><span class=\"ez-toc-js-icon-con\"><span class=\"\"><span class=\"eztoc-hide\" style=\"display:none;\">Toggle<\/span><span class=\"ez-toc-icon-toggle-span\"><svg style=\"fill: #999;color:#999\" xmlns=\"http:\/\/www.w3.org\/2000\/svg\" class=\"list-377408\" width=\"20px\" height=\"20px\" viewBox=\"0 0 24 24\" fill=\"none\"><path d=\"M6 6H4v2h2V6zm14 0H8v2h12V6zM4 11h2v2H4v-2zm16 0H8v2h12v-2zM4 16h2v2H4v-2zm16 0H8v2h12v-2z\" fill=\"currentColor\"><\/path><\/svg><svg style=\"fill: #999;color:#999\" class=\"arrow-unsorted-368013\" xmlns=\"http:\/\/www.w3.org\/2000\/svg\" width=\"10px\" height=\"10px\" viewBox=\"0 0 24 24\" version=\"1.2\" baseProfile=\"tiny\"><path d=\"M18.2 9.3l-6.2-6.3-6.2 6.3c-.2.2-.3.4-.3.7s.1.5.3.7c.2.2.4.3.7.3h11c.3 0 .5-.1.7-.3.2-.2.3-.5.3-.7s-.1-.5-.3-.7zM5.8 14.7l6.2 6.3 6.2-6.3c.2-.2.3-.5.3-.7s-.1-.5-.3-.7c-.2-.2-.4-.3-.7-.3h-11c-.3 0-.5.1-.7.3-.2.2-.3.5-.3.7s.1.5.3.7z\"\/><\/svg><\/span><\/span><\/span><\/a><\/span><\/div>\n<nav><ul class='ez-toc-list ez-toc-list-level-1 eztoc-toggle-hide-by-default' ><li class='ez-toc-page-1 ez-toc-heading-level-2'><a class=\"ez-toc-link ez-toc-heading-1\" href=\"https:\/\/boklima.de\/?p=13730\/#In_der_Schweiz_seit_2021\" >In der Schweiz seit 2021 :<\/a><ul class='ez-toc-list-level-3' ><li class='ez-toc-heading-level-3'><a class=\"ez-toc-link ez-toc-heading-2\" href=\"https:\/\/boklima.de\/?p=13730\/#Solaranlage_statt_Silvesterboeller\" >Solaranlage statt Silvesterb\u00f6ller<\/a><\/li><\/ul><\/li><\/ul><\/nav><\/div>\n","protected":false},"excerpt":{"rendered":"<p>Initiative des Vereins &#8216;Balkonsolar aus Freiburg&#8216; Wir sagen: #Balkonsolar statt #B\u00f6ller! Dies sollte \/ k\u00f6nnte auch f\u00fcr alle BochumerInnen eine Alternative sein.Wer Fragen hat , komme zu unseren Balkon-Solar Workshops (siehe hier) oder schreibe an balkonsolar. @umwelthilfe #B\u00f6llverbot #Feinstaub #SilvesterRaketen&lt;&lt; Auf Mastodon siehe hier: https:\/\/freiburg.social\/@balkonsolar\/111658450548904145 In der Schweiz seit 2021 : Solaranlage statt Silvesterb\u00f6ller Autor: &hellip; <a href=\"https:\/\/boklima.de\/?p=13730\" class=\"more-link\"><span class=\"screen-reader-text\">\u201eBalkonsolar statt B\u00f6ller! &#8212;\u201c <\/span>weiterlesen<\/a><\/p>\n","protected":false},"author":2,"featured_media":13731,"comment_status":"closed","ping_status":"closed","sticky":false,"template":"","format":"standard","meta":{"ngg_post_thumbnail":0,"footnotes":"","_share_on_mastodon":"0"},"categories":[155,156,157,159,174,175,104,130],"tags":[229],"class_list":["post-13730","post","type-post","status-publish","format-standard","has-post-thumbnail","hentry","category-relevant-boklima","category-relevant-bochum","category-relevant-klimanews","category-energie","category-solarstrom","category-photovoltaik","category-oeffentlich-fuer-alle-site-besucher-lesbar","category-co2-einsparen","tag-balkon-pv"],"share_on_mastodon":{"url":"https:\/\/ruhr.social\/@BoKlima\/111670836690900439","error":""},"rttpg_featured_image_url":{"full":["https:\/\/boklima.de\/wp-content\/uploads\/2023\/12\/image-2.png",661,660,false],"landscape":["https:\/\/boklima.de\/wp-content\/uploads\/2023\/12\/image-2.png",661,660,false],"portraits":["https:\/\/boklima.de\/wp-content\/uploads\/2023\/12\/image-2.png",661,660,false],"thumbnail":["https:\/\/boklima.de\/wp-content\/uploads\/2023\/12\/image-2-150x150.png",150,150,true],"medium":["https:\/\/boklima.de\/wp-content\/uploads\/2023\/12\/image-2-300x300.png",300,300,true],"large":["https:\/\/boklima.de\/wp-content\/uploads\/2023\/12\/image-2.png",661,660,false],"1536x1536":["https:\/\/boklima.de\/wp-content\/uploads\/2023\/12\/image-2.png",661,660,false],"2048x2048":["https:\/\/boklima.de\/wp-content\/uploads\/2023\/12\/image-2.png",661,660,false],"post-thumbnail":["https:\/\/boklima.de\/wp-content\/uploads\/2023\/12\/image-2.png",661,660,false]},"rttpg_author":{"display_name":"thomas - als admin","author_link":"https:\/\/boklima.de\/?author=2"},"rttpg_comment":0,"rttpg_category":"<a href=\"https:\/\/boklima.de\/?cat=155\" rel=\"category\">relevant-BoKlima<\/a> <a href=\"https:\/\/boklima.de\/?cat=156\" rel=\"category\">relevant-Bochum<\/a> <a href=\"https:\/\/boklima.de\/?cat=157\" rel=\"category\">relevant-KlimaNews<\/a> <a href=\"https:\/\/boklima.de\/?cat=159\" rel=\"category\">Energie<\/a> <a href=\"https:\/\/boklima.de\/?cat=174\" rel=\"category\">Solarstrom<\/a> <a href=\"https:\/\/boklima.de\/?cat=175\" rel=\"category\">Photovoltaik<\/a> <a href=\"https:\/\/boklima.de\/?cat=104\" rel=\"category\">\u00f6ffentlich (f\u00fcr alle lesbar)<\/a> <a href=\"https:\/\/boklima.de\/?cat=130\" rel=\"category\">CO2-einsparen<\/a>","rttpg_excerpt":"Initiative des Vereins &#8216;Balkonsolar aus Freiburg&#8216; Wir sagen: #Balkonsolar statt #B\u00f6ller! Dies sollte \/ k\u00f6nnte auch f\u00fcr alle BochumerInnen eine Alternative sein.Wer Fragen hat , komme zu unseren Balkon-Solar Workshops (siehe hier) oder schreibe an balkonsolar. @umwelthilfe #B\u00f6llverbot #Feinstaub #SilvesterRaketen&lt;&lt; Auf Mastodon siehe hier: https:\/\/freiburg.social\/@balkonsolar\/111658450548904145 In der Schweiz seit 2021 : Solaranlage statt Silvesterb\u00f6ller Autor:&hellip;","_links":{"self":[{"href":"https:\/\/boklima.de\/index.php?rest_route=\/wp\/v2\/posts\/13730","targetHints":{"allow":["GET"]}}],"collection":[{"href":"https:\/\/boklima.de\/index.php?rest_route=\/wp\/v2\/posts"}],"about":[{"href":"https:\/\/boklima.de\/index.php?rest_route=\/wp\/v2\/types\/post"}],"author":[{"embeddable":true,"href":"https:\/\/boklima.de\/index.php?rest_route=\/wp\/v2\/users\/2"}],"replies":[{"embeddable":true,"href":"https:\/\/boklima.de\/index.php?rest_route=%2Fwp%2Fv2%2Fcomments&post=13730"}],"version-history":[{"count":2,"href":"https:\/\/boklima.de\/index.php?rest_route=\/wp\/v2\/posts\/13730\/revisions"}],"predecessor-version":[{"id":13739,"href":"https:\/\/boklima.de\/index.php?rest_route=\/wp\/v2\/posts\/13730\/revisions\/13739"}],"wp:featuredmedia":[{"embeddable":true,"href":"https:\/\/boklima.de\/index.php?rest_route=\/wp\/v2\/media\/13731"}],"wp:attachment":[{"href":"https:\/\/boklima.de\/index.php?rest_route=%2Fwp%2Fv2%2Fmedia&parent=13730"}],"wp:term":[{"taxonomy":"category","embeddable":true,"href":"https:\/\/boklima.de\/index.php?rest_route=%2Fwp%2Fv2%2Fcategories&post=13730"},{"taxonomy":"post_tag","embeddable":true,"href":"https:\/\/boklima.de\/index.php?rest_route=%2Fwp%2Fv2%2Ftags&post=13730"}],"curies":[{"name":"wp","href":"https:\/\/api.w.org\/{rel}","templated":true}]}}