{"id":13609,"date":"2023-10-30T09:30:35","date_gmt":"2023-10-30T08:30:35","guid":{"rendered":"https:\/\/boklima.de\/?p=13609"},"modified":"2023-10-30T09:31:08","modified_gmt":"2023-10-30T08:31:08","slug":"gruene-gespraech-ueber-klimaplan-do-02-11-23-19h-hattinger-str-421-bochum","status":"publish","type":"post","link":"https:\/\/boklima.de\/?p=13609","title":{"rendered":"Gr\u00fcne : Gespr\u00e4ch \u00fcber Klimaplan &#8212; DO 02.11.23, 19h , Hattinger Str. 421, Bochum"},"content":{"rendered":"\n<hr class=\"wp-block-separator has-alpha-channel-opacity\"\/>\n\n\n<div class=\"wp-block-image is-style-default\">\n<figure class=\"aligncenter size-full\"><a href=\"https:\/\/boklima.de\/wp-content\/uploads\/2023\/10\/image-14.png\"><img loading=\"lazy\" decoding=\"async\" width=\"486\" height=\"647\" src=\"https:\/\/boklima.de\/wp-content\/uploads\/2023\/10\/image-14.png\" alt=\"\" class=\"wp-image-13610\" srcset=\"https:\/\/boklima.de\/wp-content\/uploads\/2023\/10\/image-14.png 486w, https:\/\/boklima.de\/wp-content\/uploads\/2023\/10\/image-14-225x300.png 225w\" sizes=\"auto, (max-width: 486px) 85vw, 486px\" \/><\/a><\/figure>\n<\/div>","protected":false},"excerpt":{"rendered":"","protected":false},"author":2,"featured_media":0,"comment_status":"closed","ping_status":"closed","sticky":false,"template":"","format":"standard","meta":{"ngg_post_thumbnail":0,"footnotes":"","_share_on_mastodon":"0"},"categories":[156,104],"tags":[218,232],"class_list":["post-13609","post","type-post","status-publish","format-standard","hentry","category-relevant-bochum","category-oeffentlich-fuer-alle-site-besucher-lesbar","tag-klimawandel","tag-klimaplan"],"share_on_mastodon":{"url":"https:\/\/ruhr.social\/@BoKlima\/111323030353508068","error":""},"rttpg_featured_image_url":null,"rttpg_author":{"display_name":"thomas - als admin","author_link":"https:\/\/boklima.de\/?author=2"},"rttpg_comment":0,"rttpg_category":"<a href=\"https:\/\/boklima.de\/?cat=156\" rel=\"category\">relevant-Bochum<\/a> <a href=\"https:\/\/boklima.de\/?cat=104\" rel=\"category\">\u00f6ffentlich (f\u00fcr alle lesbar)<\/a>","rttpg_excerpt":null,"_links":{"self":[{"href":"https:\/\/boklima.de\/index.php?rest_route=\/wp\/v2\/posts\/13609","targetHints":{"allow":["GET"]}}],"collection":[{"href":"https:\/\/boklima.de\/index.php?rest_route=\/wp\/v2\/posts"}],"about":[{"href":"https:\/\/boklima.de\/index.php?rest_route=\/wp\/v2\/types\/post"}],"author":[{"embeddable":true,"href":"https:\/\/boklima.de\/index.php?rest_route=\/wp\/v2\/users\/2"}],"replies":[{"embeddable":true,"href":"https:\/\/boklima.de\/index.php?rest_route=%2Fwp%2Fv2%2Fcomments&post=13609"}],"version-history":[{"count":2,"href":"https:\/\/boklima.de\/index.php?rest_route=\/wp\/v2\/posts\/13609\/revisions"}],"predecessor-version":[{"id":13612,"href":"https:\/\/boklima.de\/index.php?rest_route=\/wp\/v2\/posts\/13609\/revisions\/13612"}],"wp:attachment":[{"href":"https:\/\/boklima.de\/index.php?rest_route=%2Fwp%2Fv2%2Fmedia&parent=13609"}],"wp:term":[{"taxonomy":"category","embeddable":true,"href":"https:\/\/boklima.de\/index.php?rest_route=%2Fwp%2Fv2%2Fcategories&post=13609"},{"taxonomy":"post_tag","embeddable":true,"href":"https:\/\/boklima.de\/index.php?rest_route=%2Fwp%2Fv2%2Ftags&post=13609"}],"curies":[{"name":"wp","href":"https:\/\/api.w.org\/{rel}","templated":true}]}}