{"id":13572,"date":"2023-10-18T11:20:42","date_gmt":"2023-10-18T09:20:42","guid":{"rendered":"https:\/\/boklima.de\/?p=13572"},"modified":"2023-10-18T11:20:43","modified_gmt":"2023-10-18T09:20:43","slug":"stadt-bochum-holzt-wieder-ab-und-versiegelt-laesst-versiegelung-zu","status":"publish","type":"post","link":"https:\/\/boklima.de\/?p=13572","title":{"rendered":"Stadt Bochum holzt wieder ab und versiegelt \/ l\u00e4sst Versiegelung zu"},"content":{"rendered":"\n<p>(Waz 19.09.23) Bochum Gesch\u00fctzte Buche wird f\u00fcr neue H\u00e4user gef\u00e4llt<\/p>\n\n\n\n<p>Wo bleibt da die R\u00fccksicht auf den (ausgerufenen) KlimaNotStand, schlie\u00dflich gibt es genug schon versiegelter Fl\u00e4chen die genutzt werden k\u00f6nnten.<\/p>\n\n\n\n<p><\/p>\n\n\n\n<figure class=\"wp-block-image size-full is-style-default\"><img loading=\"lazy\" decoding=\"async\" width=\"565\" height=\"647\" src=\"https:\/\/boklima.de\/wp-content\/uploads\/2023\/10\/image-7.png\" alt=\"\" class=\"wp-image-13573\" srcset=\"https:\/\/boklima.de\/wp-content\/uploads\/2023\/10\/image-7.png 565w, https:\/\/boklima.de\/wp-content\/uploads\/2023\/10\/image-7-262x300.png 262w\" sizes=\"auto, (max-width: 565px) 85vw, 565px\" \/><\/figure>\n","protected":false},"excerpt":{"rendered":"<p>(Waz 19.09.23) Bochum Gesch\u00fctzte Buche wird f\u00fcr neue H\u00e4user gef\u00e4llt Wo bleibt da die R\u00fccksicht auf den (ausgerufenen) KlimaNotStand, schlie\u00dflich gibt es genug schon versiegelter Fl\u00e4chen die genutzt werden k\u00f6nnten.<\/p>\n","protected":false},"author":2,"featured_media":0,"comment_status":"closed","ping_status":"closed","sticky":false,"template":"","format":"standard","meta":{"ngg_post_thumbnail":0,"footnotes":"","_share_on_mastodon":"0"},"categories":[156,104],"tags":[],"class_list":["post-13572","post","type-post","status-publish","format-standard","hentry","category-relevant-bochum","category-oeffentlich-fuer-alle-site-besucher-lesbar"],"share_on_mastodon":{"url":"https:\/\/ruhr.social\/@BoKlima\/111255279589530592","error":""},"rttpg_featured_image_url":null,"rttpg_author":{"display_name":"thomas - als admin","author_link":"https:\/\/boklima.de\/?author=2"},"rttpg_comment":0,"rttpg_category":"<a href=\"https:\/\/boklima.de\/?cat=156\" rel=\"category\">relevant-Bochum<\/a> <a href=\"https:\/\/boklima.de\/?cat=104\" rel=\"category\">\u00f6ffentlich (f\u00fcr alle lesbar)<\/a>","rttpg_excerpt":"(Waz 19.09.23) Bochum Gesch\u00fctzte Buche wird f\u00fcr neue H\u00e4user gef\u00e4llt Wo bleibt da die R\u00fccksicht auf den (ausgerufenen) KlimaNotStand, schlie\u00dflich gibt es genug schon versiegelter Fl\u00e4chen die genutzt werden k\u00f6nnten.","_links":{"self":[{"href":"https:\/\/boklima.de\/index.php?rest_route=\/wp\/v2\/posts\/13572","targetHints":{"allow":["GET"]}}],"collection":[{"href":"https:\/\/boklima.de\/index.php?rest_route=\/wp\/v2\/posts"}],"about":[{"href":"https:\/\/boklima.de\/index.php?rest_route=\/wp\/v2\/types\/post"}],"author":[{"embeddable":true,"href":"https:\/\/boklima.de\/index.php?rest_route=\/wp\/v2\/users\/2"}],"replies":[{"embeddable":true,"href":"https:\/\/boklima.de\/index.php?rest_route=%2Fwp%2Fv2%2Fcomments&post=13572"}],"version-history":[{"count":1,"href":"https:\/\/boklima.de\/index.php?rest_route=\/wp\/v2\/posts\/13572\/revisions"}],"predecessor-version":[{"id":13574,"href":"https:\/\/boklima.de\/index.php?rest_route=\/wp\/v2\/posts\/13572\/revisions\/13574"}],"wp:attachment":[{"href":"https:\/\/boklima.de\/index.php?rest_route=%2Fwp%2Fv2%2Fmedia&parent=13572"}],"wp:term":[{"taxonomy":"category","embeddable":true,"href":"https:\/\/boklima.de\/index.php?rest_route=%2Fwp%2Fv2%2Fcategories&post=13572"},{"taxonomy":"post_tag","embeddable":true,"href":"https:\/\/boklima.de\/index.php?rest_route=%2Fwp%2Fv2%2Ftags&post=13572"}],"curies":[{"name":"wp","href":"https:\/\/api.w.org\/{rel}","templated":true}]}}