{"id":13557,"date":"2023-10-15T12:37:46","date_gmt":"2023-10-15T10:37:46","guid":{"rendered":"https:\/\/boklima.de\/?p=13557"},"modified":"2023-10-15T12:37:50","modified_gmt":"2023-10-15T10:37:50","slug":"nachhaltigkeitswoche-an-der-rub-ruhr-uni","status":"publish","type":"post","link":"https:\/\/boklima.de\/?p=13557","title":{"rendered":"Nachhaltigkeitswoche an der RUB (Ruhr-Uni)"},"content":{"rendered":"\n<hr class=\"wp-block-separator has-alpha-channel-opacity\"\/>\n\n\n\n<p>(08.10.23, bo-alt) , Original <a href=\"https:\/\/www.bo-alternativ.de\/2023\/10\/08\/nachhaltigkeitswoche-an-der-ruhr-uni\/\" target=\"_blank\" rel=\"noreferrer noopener\">hier<\/a><\/p>\n\n\n\n<p>Vom 16. bis 20. Oktober 2023 l\u00e4dt die Ruhr-Uni erstmals zu einer \u201eNachhaltigkeitswoche\u201c ein: \u00bb\u201eNachhaltigkeit bedeutet, kontinuierlich an Zielen und Ma\u00dfnahmen zu arbeiten, ohne die Gewissheit von Perfektion. Mit der Nachhaltigkeitswoche m\u00f6chten wir diese Ausdauer f\u00f6rdern und unseren Weg zur nachhaltigen Universit\u00e4t reflektieren\u201c, fasst der Nachhaltigkeitsbeauftragte der Ruhr-Uni, Prof. Dr. Andreas L\u00f6schel, es zusammen. Was bereits geschafft wurde, und wohin der Weg noch f\u00fchren soll, dar\u00fcber k\u00f6nnen sich alle Besucherinnen und Besucher der Nachhaltigkeitswoche ein Bild machen.<\/p>\n\n\n\n<p>Vom 16. bis 20. Oktober 2023 \u00f6ffnet t\u00e4glich eine andere der vier Geb\u00e4udereihen auf dem Campus ihre T\u00fcren, um inspirierende Nachhaltigkeitsinitiativen und Projekte zu pr\u00e4sentieren. Poster-Ausstellungen, Workshops, F\u00fchrungen, Pflanzaktionen, Filmvorf\u00fchrung, ein Nachhaltigkeitsmarkt und Diskussionsformate bereichern die Woche und laden zum Mitmachen ein.\u00ab<br>Insgesamt fast 70 dieser Angebote verspricht das Programm der Nachhaltigkeitswoche. Initiativen wie die Radwende, Fridays for Future, BoKlima oder der Arbeitskreis Umweltschutz beteiligen sich aktiv am Programmangebot.<\/p>\n\n\n\n<h3 class=\"wp-block-heading\">Links zu weiteren Infos <\/h3>\n\n\n\n<ul class=\"wp-block-list\">\n<li>D<a rel=\"noreferrer noopener\" href=\"https:\/\/nachhaltigkeit.ruhr-uni-bochum.de\/de\/nachhaltigkeitswoche\" target=\"_blank\">as Programm der Nachhaltigkeitswoche.<\/a><\/li>\n\n\n\n<li><a rel=\"noreferrer noopener\" href=\"https:\/\/www.nachhaltigkeit.ruhr-uni-bochum.de\/de\/posterausstellung\" target=\"_blank\">Posterausstellung<\/a> <br>Entdecken Sie die spannende Seite der Nachhaltigkeit! W\u00e4hrend der Nachhaltigkeitswoche zeigen Mitglieder der Ruhr-Universit\u00e4t Bochum ihre Arbeit, Forschungsergebnisse, Inhalte und Ideen an einer zentralen Posterwand. Tauchen Sie ein und erfahren Sie aus erster Hand, wie vielf\u00e4ltig und praktisch Nachhaltigkeit sein kann!\n<ul class=\"wp-block-list\">\n<li>Montag (16.10.2023): *Foyer IC02*: <br>\u00a0\u00a0\u00a0 Dienstag (17.10.2023): <strong>*Foyer NB03 S\u00dcD*<\/strong><br>\u00a0\u00a0\u00a0 Donnerstag (19.10.2023):<strong>*Foyer MA*<\/strong><br>\u00a0\u00a0\u00a0 Freitag (20.10.2023): *Foyer GA02*<br><br>\u00a0\u00a0\u00a0 jeweils von 12 &#8211; 17 Uhr \n<ul class=\"wp-block-list\">\n<li>Die Initiativen AKU, BoKlima, VCD , Radwende sind jeweils von 12-14Uhr anwesend und stehen f\u00fcr Fragen uzr Verfuegung<\/li>\n<\/ul>\n<\/li>\n<\/ul>\n<\/li>\n\n\n\n<li><a href=\"https:\/\/www.nachhaltigkeit.ruhr-uni-bochum.de\/de\" target=\"_blank\" rel=\"noreferrer noopener\">Der Nachhaltigkeit verpflichtet <\/a><br>Wir f\u00fchlen uns den Nachhaltigkeitszielen der UN verpflichtet und wollen als universit\u00e4re Gemeinschaft gemeinsam den Weg zu einer nachhaltigen RUB 2030 gehen.<\/li>\n\n\n\n<li>Der <a href=\"https:\/\/www.ruhr-uni-bochum.de\/anreise\/download\/campusplan-nutzungseinschraenkungen.pdf\" target=\"_blank\" rel=\"noreferrer noopener\">Uniplan<\/a> :<\/li>\n\n\n\n<li><br><\/li>\n<\/ul>\n\n\n\n<figure class=\"wp-block-image size-large is-style-default\"><img loading=\"lazy\" decoding=\"async\" width=\"1024\" height=\"729\" src=\"https:\/\/boklima.de\/wp-content\/uploads\/2023\/10\/image-5-1024x729.png\" alt=\"\" class=\"wp-image-13558\" srcset=\"https:\/\/boklima.de\/wp-content\/uploads\/2023\/10\/image-5-1024x729.png 1024w, https:\/\/boklima.de\/wp-content\/uploads\/2023\/10\/image-5-300x214.png 300w, https:\/\/boklima.de\/wp-content\/uploads\/2023\/10\/image-5-768x547.png 768w, https:\/\/boklima.de\/wp-content\/uploads\/2023\/10\/image-5.png 1107w\" sizes=\"auto, (max-width: 709px) 85vw, (max-width: 909px) 67vw, (max-width: 1362px) 62vw, 840px\" \/><\/figure>\n","protected":false},"excerpt":{"rendered":"<p>(08.10.23, bo-alt) , Original hier Vom 16. bis 20. Oktober 2023 l\u00e4dt die Ruhr-Uni erstmals zu einer \u201eNachhaltigkeitswoche\u201c ein: \u00bb\u201eNachhaltigkeit bedeutet, kontinuierlich an Zielen und Ma\u00dfnahmen zu arbeiten, ohne die Gewissheit von Perfektion. Mit der Nachhaltigkeitswoche m\u00f6chten wir diese Ausdauer f\u00f6rdern und unseren Weg zur nachhaltigen Universit\u00e4t reflektieren\u201c, fasst der Nachhaltigkeitsbeauftragte der Ruhr-Uni, Prof. Dr. &hellip; <a href=\"https:\/\/boklima.de\/?p=13557\" class=\"more-link\"><span class=\"screen-reader-text\">\u201eNachhaltigkeitswoche an der RUB (Ruhr-Uni)\u201c <\/span>weiterlesen<\/a><\/p>\n","protected":false},"author":2,"featured_media":0,"comment_status":"closed","ping_status":"closed","sticky":false,"template":"","format":"standard","meta":{"ngg_post_thumbnail":0,"footnotes":"","_share_on_mastodon":"0"},"categories":[155,156,104],"tags":[],"class_list":["post-13557","post","type-post","status-publish","format-standard","hentry","category-relevant-boklima","category-relevant-bochum","category-oeffentlich-fuer-alle-site-besucher-lesbar"],"share_on_mastodon":{"url":"https:\/\/ruhr.social\/@BoKlima\/111238595868154428","error":""},"rttpg_featured_image_url":null,"rttpg_author":{"display_name":"thomas - als admin","author_link":"https:\/\/boklima.de\/?author=2"},"rttpg_comment":0,"rttpg_category":"<a href=\"https:\/\/boklima.de\/?cat=155\" rel=\"category\">relevant-BoKlima<\/a> <a href=\"https:\/\/boklima.de\/?cat=156\" rel=\"category\">relevant-Bochum<\/a> <a href=\"https:\/\/boklima.de\/?cat=104\" rel=\"category\">\u00f6ffentlich (f\u00fcr alle lesbar)<\/a>","rttpg_excerpt":"(08.10.23, bo-alt) , Original hier Vom 16. bis 20. Oktober 2023 l\u00e4dt die Ruhr-Uni erstmals zu einer \u201eNachhaltigkeitswoche\u201c ein: \u00bb\u201eNachhaltigkeit bedeutet, kontinuierlich an Zielen und Ma\u00dfnahmen zu arbeiten, ohne die Gewissheit von Perfektion. Mit der Nachhaltigkeitswoche m\u00f6chten wir diese Ausdauer f\u00f6rdern und unseren Weg zur nachhaltigen Universit\u00e4t reflektieren\u201c, fasst der Nachhaltigkeitsbeauftragte der Ruhr-Uni, Prof. Dr.&hellip;","_links":{"self":[{"href":"https:\/\/boklima.de\/index.php?rest_route=\/wp\/v2\/posts\/13557","targetHints":{"allow":["GET"]}}],"collection":[{"href":"https:\/\/boklima.de\/index.php?rest_route=\/wp\/v2\/posts"}],"about":[{"href":"https:\/\/boklima.de\/index.php?rest_route=\/wp\/v2\/types\/post"}],"author":[{"embeddable":true,"href":"https:\/\/boklima.de\/index.php?rest_route=\/wp\/v2\/users\/2"}],"replies":[{"embeddable":true,"href":"https:\/\/boklima.de\/index.php?rest_route=%2Fwp%2Fv2%2Fcomments&post=13557"}],"version-history":[{"count":1,"href":"https:\/\/boklima.de\/index.php?rest_route=\/wp\/v2\/posts\/13557\/revisions"}],"predecessor-version":[{"id":13559,"href":"https:\/\/boklima.de\/index.php?rest_route=\/wp\/v2\/posts\/13557\/revisions\/13559"}],"wp:attachment":[{"href":"https:\/\/boklima.de\/index.php?rest_route=%2Fwp%2Fv2%2Fmedia&parent=13557"}],"wp:term":[{"taxonomy":"category","embeddable":true,"href":"https:\/\/boklima.de\/index.php?rest_route=%2Fwp%2Fv2%2Fcategories&post=13557"},{"taxonomy":"post_tag","embeddable":true,"href":"https:\/\/boklima.de\/index.php?rest_route=%2Fwp%2Fv2%2Ftags&post=13557"}],"curies":[{"name":"wp","href":"https:\/\/api.w.org\/{rel}","templated":true}]}}