{"id":13514,"date":"2023-09-21T11:26:21","date_gmt":"2023-09-21T09:26:21","guid":{"rendered":"https:\/\/boklima.de\/?p=13514"},"modified":"2023-09-21T11:26:21","modified_gmt":"2023-09-21T09:26:21","slug":"hinweis-vergangenen-vortrag-waermepumpen-in-bestandsgebaeuden-ein-naturfreunde-bildungsabend","status":"publish","type":"post","link":"https:\/\/boklima.de\/?p=13514","title":{"rendered":"Hinweis (vergangenen Vortrag) W\u00e4rmepumpen in Bestandsgeb\u00e4uden \u2013 ein NaturFreunde Bildungsabend"},"content":{"rendered":"\n<p>Bei den Naturfreunden Langendreer hat ein interessanter Vortrag zu W\u00e4rmepumpen statgefunden, siehe <a href=\"https:\/\/www.naturfreunde-langendreer.de\/2023\/08\/18\/waermepumpen-in-bestandsgebaeuden-ein-naturfreunde-bildungsabend\/\" target=\"_blank\" rel=\"noreferrer noopener\">hier<\/a>.  <\/p>\n\n\n\n<p>Auch ohne Referent sind die Folien des Vortrages sehr interessant , siehe <a href=\"https:\/\/www.naturfreunde-langendreer.de\/wp-content\/uploads\/2023\/07\/NaturFreunde_Bochum_17082023_WP_in_Bestandsgebaeuden.pdf\" target=\"_blank\" rel=\"noreferrer noopener\">hier<\/a> <\/p>\n\n\n<div class=\"wp-block-image is-style-default\">\n<figure class=\"aligncenter size-full is-resized\"><a href=\"https:\/\/boklima.de\/wp-content\/uploads\/2023\/09\/image-11.png\"><img decoding=\"async\" src=\"https:\/\/boklima.de\/wp-content\/uploads\/2023\/09\/image-11.png\" alt=\"\" class=\"wp-image-13516\" style=\"width:300px\" width=\"300\" srcset=\"https:\/\/boklima.de\/wp-content\/uploads\/2023\/09\/image-11.png 959w, https:\/\/boklima.de\/wp-content\/uploads\/2023\/09\/image-11-300x287.png 300w, https:\/\/boklima.de\/wp-content\/uploads\/2023\/09\/image-11-768x734.png 768w\" sizes=\"(max-width: 709px) 85vw, (max-width: 909px) 67vw, (max-width: 1362px) 62vw, 840px\" \/><\/a><\/figure>\n<\/div>\n\n\n<hr class=\"wp-block-separator has-alpha-channel-opacity\"\/>\n\n\n\n<p>Die politische Auseinandersetzung\/Diskussion um das GEG (Geb\u00e4udeenergiegesetz), wurde\/wird von zahlreichen Falsch- und Desinformationen begleitet. Das f\u00fchrt bei einem gro\u00dfen Teil der Bev\u00f6lkerung zur Verunsicherung. Daher boten die NaturFreunde Bochum-Langendreer einen gut besuchten Bildungsabend zu diesem Thema an.<\/p>\n\n\n\n<p>Unser Referent,&nbsp;<strong>Dipl.-Ing. Helge Ehrhardt<\/strong>&nbsp;aus der AG W\u00e4rmewende von Scientists for Future Deutschland und Vorstandsmitglied unserer Ortsgruppe entwirrte das Informationschaos und erl\u00e4uterte, was zu beachten ist, um Bestandsgeb\u00e4ude erfolgreich mit einer W\u00e4rmepumpe zu beheizen.<\/p>\n\n\n\n<p>Zu dem sehr ausf\u00fchrlichen Vortrag bietet er seine Pr\u00e4sentation zum&nbsp;<strong>download&nbsp;<\/strong>und Weiterverbreiten:<\/p>\n\n\n\n<p><a href=\"https:\/\/www.naturfreunde-langendreer.de\/wp-content\/uploads\/2023\/07\/NaturFreunde_Bochum_17082023_WP_in_Bestandsgebaeuden.pdf\"><strong>NaturFreunde_Bochum_17082023_WP_in_Bestandsgeb\u00e4uden<\/strong><\/a><\/p>\n\n\n\n<p>Au\u00dferdem erreichte uns eine Pressemitteilung des IdW (Informationsdienst), die ich einige interessante links zu thematischen Podcasts bot:<\/p>\n\n\n\n<figure class=\"wp-block-table is-style-stripes\"><table><tbody><tr><td>\u201cEin Viertel der Energie in Deutschland wird im Haushalt verbraucht \u2013 Geb\u00e4udetechnik spielt eine gro\u00dfe Rolle. An der Fakult\u00e4t Design der Hochschule Coburg werden Expert:innen im Bachelor-Studiengang \u201eBauingenieurwesen \u2013 Energieeffizientes Geb\u00e4udedesign\u201c ausgebildet. Hier forscht und lehrt Prof. Dr. Michael Schaub als Professor f\u00fcr energieeffiziente Geb\u00e4udetechnik. Aus einem Interview, das er vor einiger Zeit zum Thema gegeben hat, ist jetzt ein aktueller Podcast des Anbieters Lekker geworden, in dem Schaub die h\u00e4ufigsten und wichtigsten Fragen beantwortet. Hier eine Zusammenfassung \u2013 der Rest zum Nachh\u00f6ren im Podcast (unter anderem hier bei Spotify:&nbsp;<a href=\"https:\/\/open.spotify.com\/episode\/5QU0V1easNcH5o9RMv6X3A\">https:\/\/open.spotify.com\/episode\/5QU0V1easNcH5o9RMv6X3A<\/a>, Apple:&nbsp;<a href=\"https:\/\/podcasts.apple.com\/us\/podcast\/wie-wird-deutschland-energieeffizienter\/id1590508784?i=1000622241101\">https:\/\/podcasts.apple.com\/us\/podcast\/wie-wird-deutschland-energieeffizienter\/id\u2026<\/a>)<\/td><\/tr><\/tbody><\/table><\/figure>\n","protected":false},"excerpt":{"rendered":"<p>Bei den Naturfreunden Langendreer hat ein interessanter Vortrag zu W\u00e4rmepumpen statgefunden, siehe hier. Auch ohne Referent sind die Folien des Vortrages sehr interessant , siehe hier Die politische Auseinandersetzung\/Diskussion um das GEG (Geb\u00e4udeenergiegesetz), wurde\/wird von zahlreichen Falsch- und Desinformationen begleitet. Das f\u00fchrt bei einem gro\u00dfen Teil der Bev\u00f6lkerung zur Verunsicherung. Daher boten die NaturFreunde Bochum-Langendreer &hellip; <a href=\"https:\/\/boklima.de\/?p=13514\" class=\"more-link\"><span class=\"screen-reader-text\">\u201eHinweis (vergangenen Vortrag) W\u00e4rmepumpen in Bestandsgeb\u00e4uden \u2013 ein NaturFreunde Bildungsabend\u201c <\/span>weiterlesen<\/a><\/p>\n","protected":false},"author":2,"featured_media":13515,"comment_status":"closed","ping_status":"closed","sticky":false,"template":"","format":"standard","meta":{"ngg_post_thumbnail":0,"footnotes":"","_share_on_mastodon":"0"},"categories":[1],"tags":[],"class_list":["post-13514","post","type-post","status-publish","format-standard","has-post-thumbnail","hentry","category-uncategorized"],"share_on_mastodon":{"url":"","error":""},"rttpg_featured_image_url":{"full":["https:\/\/boklima.de\/wp-content\/uploads\/2023\/09\/image-10.png",312,85,false],"landscape":["https:\/\/boklima.de\/wp-content\/uploads\/2023\/09\/image-10.png",312,85,false],"portraits":["https:\/\/boklima.de\/wp-content\/uploads\/2023\/09\/image-10.png",312,85,false],"thumbnail":["https:\/\/boklima.de\/wp-content\/uploads\/2023\/09\/image-10-150x85.png",150,85,true],"medium":["https:\/\/boklima.de\/wp-content\/uploads\/2023\/09\/image-10-300x82.png",300,82,true],"large":["https:\/\/boklima.de\/wp-content\/uploads\/2023\/09\/image-10.png",312,85,false],"1536x1536":["https:\/\/boklima.de\/wp-content\/uploads\/2023\/09\/image-10.png",312,85,false],"2048x2048":["https:\/\/boklima.de\/wp-content\/uploads\/2023\/09\/image-10.png",312,85,false],"post-thumbnail":["https:\/\/boklima.de\/wp-content\/uploads\/2023\/09\/image-10.png",312,85,false]},"rttpg_author":{"display_name":"thomas - als admin","author_link":"https:\/\/boklima.de\/?author=2"},"rttpg_comment":0,"rttpg_category":"<a href=\"https:\/\/boklima.de\/?cat=1\" rel=\"category\">Uncategorized<\/a>","rttpg_excerpt":"Bei den Naturfreunden Langendreer hat ein interessanter Vortrag zu W\u00e4rmepumpen statgefunden, siehe hier. Auch ohne Referent sind die Folien des Vortrages sehr interessant , siehe hier Die politische Auseinandersetzung\/Diskussion um das GEG (Geb\u00e4udeenergiegesetz), wurde\/wird von zahlreichen Falsch- und Desinformationen begleitet. Das f\u00fchrt bei einem gro\u00dfen Teil der Bev\u00f6lkerung zur Verunsicherung. Daher boten die NaturFreunde Bochum-Langendreer&hellip;","_links":{"self":[{"href":"https:\/\/boklima.de\/index.php?rest_route=\/wp\/v2\/posts\/13514","targetHints":{"allow":["GET"]}}],"collection":[{"href":"https:\/\/boklima.de\/index.php?rest_route=\/wp\/v2\/posts"}],"about":[{"href":"https:\/\/boklima.de\/index.php?rest_route=\/wp\/v2\/types\/post"}],"author":[{"embeddable":true,"href":"https:\/\/boklima.de\/index.php?rest_route=\/wp\/v2\/users\/2"}],"replies":[{"embeddable":true,"href":"https:\/\/boklima.de\/index.php?rest_route=%2Fwp%2Fv2%2Fcomments&post=13514"}],"version-history":[{"count":1,"href":"https:\/\/boklima.de\/index.php?rest_route=\/wp\/v2\/posts\/13514\/revisions"}],"predecessor-version":[{"id":13517,"href":"https:\/\/boklima.de\/index.php?rest_route=\/wp\/v2\/posts\/13514\/revisions\/13517"}],"wp:featuredmedia":[{"embeddable":true,"href":"https:\/\/boklima.de\/index.php?rest_route=\/wp\/v2\/media\/13515"}],"wp:attachment":[{"href":"https:\/\/boklima.de\/index.php?rest_route=%2Fwp%2Fv2%2Fmedia&parent=13514"}],"wp:term":[{"taxonomy":"category","embeddable":true,"href":"https:\/\/boklima.de\/index.php?rest_route=%2Fwp%2Fv2%2Fcategories&post=13514"},{"taxonomy":"post_tag","embeddable":true,"href":"https:\/\/boklima.de\/index.php?rest_route=%2Fwp%2Fv2%2Ftags&post=13514"}],"curies":[{"name":"wp","href":"https:\/\/api.w.org\/{rel}","templated":true}]}}