{"id":13509,"date":"2023-09-20T11:43:54","date_gmt":"2023-09-20T09:43:54","guid":{"rendered":"https:\/\/boklima.de\/?p=13509"},"modified":"2023-09-20T11:46:18","modified_gmt":"2023-09-20T09:46:18","slug":"dachbegruenung-vortrag-und-diskussion-bei-der-ig-grumme","status":"publish","type":"post","link":"https:\/\/boklima.de\/?p=13509","title":{"rendered":"Dachbegr\u00fcnung \u2014 Vortrag und Diskussion bei der IG-Grumme"},"content":{"rendered":"\n<p>IG Grumme l\u00e4dt zum D\u00e4mmerschoppen &#8230;<\/p>\n\n\n\n<hr class=\"wp-block-separator has-alpha-channel-opacity\"\/>\n\n\n\n<p>Die IG-Grumme veranstaltet einen Themen-Abend zu Dachbegr\u00fcnung am Freitag 22. September 2023, 19 Uhr an der Johanneskirche und berichtet:<br>>>Wir sprechen dar\u00fcber, wie man mit begr\u00fcnten D\u00e4chern daf\u00fcr sorgen kann, das Regen\u00adwasser l\u00e4nger zu halten, sodass ein Teil davon verdunstet. Au\u00dferdem gibt es Anregun\u00adgen, wie man das Grundst\u00fcck daf\u00fcr vorbereitet und ob bei Regen dort Wasser auf dem Grund\u00adst\u00fcck steht oder wie schnell es abflie\u00dft. Zudem gibt es Informationen \u00fcber die attraktive finanzielle F\u00f6rderung f\u00fcr den Umbau, die max. die H\u00e4lfte der Kosten abdecken.<\/p>\n\n\n\n<p>G\u00e4ste: Fachleute von der Emschergenossenschaft, eine Architektin, die Privat\u00adleute f\u00fcr die Stadt Bochum zu Versickerungsm\u00f6glichkeiten ber\u00e4t und Mitglieder der IG Grumme.<\/p>\n\n\n\n<hr class=\"wp-block-separator has-alpha-channel-opacity\"\/>\n\n\n\n<p>Au\u00dferdem lernen Sie dabei unser erfolgreiches neues Veranstaltungsformat D\u00e4mmerschoppen kennen, das wir im Sommer etabliert haben. Es ist ein informeller Nachbarschaftstreff zum Wochenende, immer am vierten Freitag im Monat mit Getr\u00e4nken und Gespr\u00e4chen in der evangelischen Johanneskirche in Bochum-Grumme (im Kirchgarten, Patmosstra\u00dfe).<\/p>\n\n\n\n<p>Bisherige Termine:<\/p>\n\n\n\n<ol class=\"wp-block-list\">\n<li>D\u00e4mmerschoppen im Juni. Thema Zukunft der Johanneskirche<\/li>\n\n\n\n<li>D\u00e4mmerschoppen im Juli: Thema Solar-PV f\u00fcr den Balkon (Gast Thomas , BOKlima)<\/li>\n<\/ol>\n\n\n<div class=\"wp-block-image is-style-default\">\n<figure class=\"aligncenter is-resized\"><a href=\"https:\/\/www.bo-alternativ.de\/aktuell\/wp-content\/uploads\/2023\/09\/image-7.png\"><img decoding=\"async\" src=\"https:\/\/www.bo-alternativ.de\/aktuell\/wp-content\/uploads\/2023\/09\/image-7.png\" alt=\"\" class=\"wp-image-155568\" style=\"width:200px\" width=\"200\"\/><\/a><\/figure>\n<\/div>\n\n<div class=\"wp-block-image is-style-default\">\n<figure class=\"aligncenter is-resized\"><a href=\"https:\/\/www.bo-alternativ.de\/aktuell\/wp-content\/uploads\/2023\/09\/image-6.png\"><img decoding=\"async\" src=\"https:\/\/www.bo-alternativ.de\/aktuell\/wp-content\/uploads\/2023\/09\/image-6-608x800.png\" alt=\"\" class=\"wp-image-155567\" style=\"width:200px\" width=\"200\"\/><\/a><\/figure>\n<\/div>\n\n\n<p>3. D\u00e4mmerschoppen im August: Thema iDrop, B\u00fcrgerwissenschaft zum Trinkwasser (Gast Jan Kath, Didaktik der Chemie, Ruhr-Universit\u00e4t)<\/p>\n\n\n<div class=\"wp-block-image is-style-default\">\n<figure class=\"aligncenter is-resized\"><a href=\"https:\/\/www.bo-alternativ.de\/aktuell\/wp-content\/uploads\/2023\/09\/image-8.png\"><img decoding=\"async\" src=\"https:\/\/www.bo-alternativ.de\/aktuell\/wp-content\/uploads\/2023\/09\/image-8-599x800.png\" alt=\"\" class=\"wp-image-155569\" style=\"width:200px\" width=\"200\"\/><\/a><\/figure>\n<\/div>\n\n<div class=\"wp-block-image is-style-default\">\n<figure class=\"aligncenter is-resized\"><a href=\"https:\/\/www.bo-alternativ.de\/aktuell\/wp-content\/uploads\/2023\/09\/image-5.png\"><img decoding=\"async\" src=\"https:\/\/www.bo-alternativ.de\/aktuell\/wp-content\/uploads\/2023\/09\/image-5-1158x800.png\" alt=\"\" class=\"wp-image-155566\" style=\"width:200px\" width=\"200\"\/><\/a><\/figure>\n<\/div>\n\n\n<hr class=\"wp-block-separator has-alpha-channel-opacity\"\/>\n\n\n\n<p>Interessengemeinschaft \u201eIG Grumme\u201c , Besuchen Sie uns im Internet: IG.Grumme.de<br><a href=\"http:\/\/ig.grumme.de\/\" target=\"_blank\" rel=\"noreferrer noopener\">http:\/\/ig.grumme.de<\/a><br>&lt;&lt;<\/p>\n","protected":false},"excerpt":{"rendered":"<p>IG Grumme l\u00e4dt zum D\u00e4mmerschoppen &#8230; Die IG-Grumme veranstaltet einen Themen-Abend zu Dachbegr\u00fcnung am Freitag 22. September 2023, 19 Uhr an der Johanneskirche und berichtet:>>Wir sprechen dar\u00fcber, wie man mit begr\u00fcnten D\u00e4chern daf\u00fcr sorgen kann, das Regen\u00adwasser l\u00e4nger zu halten, sodass ein Teil davon verdunstet. Au\u00dferdem gibt es Anregun\u00adgen, wie man das Grundst\u00fcck daf\u00fcr vorbereitet &hellip; <a href=\"https:\/\/boklima.de\/?p=13509\" class=\"more-link\"><span class=\"screen-reader-text\">\u201eDachbegr\u00fcnung \u2014 Vortrag und Diskussion bei der IG-Grumme\u201c <\/span>weiterlesen<\/a><\/p>\n","protected":false},"author":2,"featured_media":13511,"comment_status":"closed","ping_status":"closed","sticky":false,"template":"","format":"standard","meta":{"ngg_post_thumbnail":0,"footnotes":"","_share_on_mastodon":"0"},"categories":[155,156,104],"tags":[],"class_list":["post-13509","post","type-post","status-publish","format-standard","has-post-thumbnail","hentry","category-relevant-boklima","category-relevant-bochum","category-oeffentlich-fuer-alle-site-besucher-lesbar"],"share_on_mastodon":{"url":"","error":""},"rttpg_featured_image_url":{"full":["https:\/\/boklima.de\/wp-content\/uploads\/2023\/09\/image-9.png",1701,1005,false],"landscape":["https:\/\/boklima.de\/wp-content\/uploads\/2023\/09\/image-9.png",1701,1005,false],"portraits":["https:\/\/boklima.de\/wp-content\/uploads\/2023\/09\/image-9.png",1701,1005,false],"thumbnail":["https:\/\/boklima.de\/wp-content\/uploads\/2023\/09\/image-9-150x150.png",150,150,true],"medium":["https:\/\/boklima.de\/wp-content\/uploads\/2023\/09\/image-9-300x177.png",300,177,true],"large":["https:\/\/boklima.de\/wp-content\/uploads\/2023\/09\/image-9-1024x605.png",840,496,true],"1536x1536":["https:\/\/boklima.de\/wp-content\/uploads\/2023\/09\/image-9-1536x908.png",1536,908,true],"2048x2048":["https:\/\/boklima.de\/wp-content\/uploads\/2023\/09\/image-9.png",1701,1005,false],"post-thumbnail":["https:\/\/boklima.de\/wp-content\/uploads\/2023\/09\/image-9-1200x709.png",1200,709,true]},"rttpg_author":{"display_name":"thomas - als admin","author_link":"https:\/\/boklima.de\/?author=2"},"rttpg_comment":0,"rttpg_category":"<a href=\"https:\/\/boklima.de\/?cat=155\" rel=\"category\">relevant-BoKlima<\/a> <a href=\"https:\/\/boklima.de\/?cat=156\" rel=\"category\">relevant-Bochum<\/a> <a href=\"https:\/\/boklima.de\/?cat=104\" rel=\"category\">\u00f6ffentlich (f\u00fcr alle lesbar)<\/a>","rttpg_excerpt":"IG Grumme l\u00e4dt zum D\u00e4mmerschoppen &#8230; Die IG-Grumme veranstaltet einen Themen-Abend zu Dachbegr\u00fcnung am Freitag 22. September 2023, 19 Uhr an der Johanneskirche und berichtet:>>Wir sprechen dar\u00fcber, wie man mit begr\u00fcnten D\u00e4chern daf\u00fcr sorgen kann, das Regen\u00adwasser l\u00e4nger zu halten, sodass ein Teil davon verdunstet. Au\u00dferdem gibt es Anregun\u00adgen, wie man das Grundst\u00fcck daf\u00fcr vorbereitet&hellip;","_links":{"self":[{"href":"https:\/\/boklima.de\/index.php?rest_route=\/wp\/v2\/posts\/13509","targetHints":{"allow":["GET"]}}],"collection":[{"href":"https:\/\/boklima.de\/index.php?rest_route=\/wp\/v2\/posts"}],"about":[{"href":"https:\/\/boklima.de\/index.php?rest_route=\/wp\/v2\/types\/post"}],"author":[{"embeddable":true,"href":"https:\/\/boklima.de\/index.php?rest_route=\/wp\/v2\/users\/2"}],"replies":[{"embeddable":true,"href":"https:\/\/boklima.de\/index.php?rest_route=%2Fwp%2Fv2%2Fcomments&post=13509"}],"version-history":[{"count":2,"href":"https:\/\/boklima.de\/index.php?rest_route=\/wp\/v2\/posts\/13509\/revisions"}],"predecessor-version":[{"id":13512,"href":"https:\/\/boklima.de\/index.php?rest_route=\/wp\/v2\/posts\/13509\/revisions\/13512"}],"wp:featuredmedia":[{"embeddable":true,"href":"https:\/\/boklima.de\/index.php?rest_route=\/wp\/v2\/media\/13511"}],"wp:attachment":[{"href":"https:\/\/boklima.de\/index.php?rest_route=%2Fwp%2Fv2%2Fmedia&parent=13509"}],"wp:term":[{"taxonomy":"category","embeddable":true,"href":"https:\/\/boklima.de\/index.php?rest_route=%2Fwp%2Fv2%2Fcategories&post=13509"},{"taxonomy":"post_tag","embeddable":true,"href":"https:\/\/boklima.de\/index.php?rest_route=%2Fwp%2Fv2%2Ftags&post=13509"}],"curies":[{"name":"wp","href":"https:\/\/api.w.org\/{rel}","templated":true}]}}