{"id":13475,"date":"2023-08-30T19:40:01","date_gmt":"2023-08-30T17:40:01","guid":{"rendered":"https:\/\/boklima.de\/?p=13475"},"modified":"2023-08-30T19:40:02","modified_gmt":"2023-08-30T17:40:02","slug":"deutsche-umwelthilfe-unterstuetzt-erstmals-klage-von-mietern-gegen-verbot-von-balkonkraftwerken","status":"publish","type":"post","link":"https:\/\/boklima.de\/?p=13475","title":{"rendered":"Deutsche Umwelthilfe unterst\u00fctzt erstmals Klage von Mietern gegen Verbot von Balkonkraftwerken"},"content":{"rendered":"\n<p>(24.08.23, DUH.de) , Original : <a rel=\"noreferrer noopener\" href=\"https:\/\/www.duh.de\/presse\/pressemitteilungen\/pressemitteilung\/deutsche-umwelthilfe-unterstuetzt-erstmals-klage-von-mietern-gegen-verbot-von-balkonkraftwerken\/\" target=\"_blank\">hier<\/a> <\/p>\n\n\n\n<p>\u2022 Fall einer Mieterin und eines Mieters einer Wohnung in Kiel, denen ihr Balkonkraftwerk von der Hausverwaltung \u201eHaus &amp; Grund\u201c untersagt wird<\/p>\n\n\n\n<p>\u2022 Verdacht der rechtsmissbr\u00e4uchlichen Verz\u00f6gerungstaktik: Hausverwaltung stellt v\u00f6llig \u00fcberzogene Forderungen, die tausende Euro Mehrkosten verursachen<\/p>\n\n\n\n<p>\u2022 <strong>Ziel der Klage<\/strong> ist ein Grundsatzurteil, damit Mieterinnen und Mieter sich endlich unkompliziert an der Energiewende beteiligen k\u00f6nnen<\/p>\n\n\n\n<p>Berlin, 24.8.2023: Die Deutsche Umwelthilfe (DUH) unterst\u00fctzt eine Mieterin und einen Mieter einer Wohnung in Kiel bei ihrer Klage auf Genehmigung eines Balkonkraftwerks. Sie leiden wie viele Mieterinnen und Mieter in Deutschland darunter, dass ihnen die einfache Anbringung der Balkon-Solaranlage von ihrer Hausverwaltung \u201eHaus &amp; Grund\u201c mit unsachlichen und \u00fcberzogenen Forderungen untersagt wird. <\/p>\n\n\n\n<p>Nach Ansicht der DUH und der Klagenden ist diese Verz\u00f6gerungstaktik rechtsmissbr\u00e4uchlich: Die Energieerzeugung aus Erneuerbaren Energien besitzt l\u00e4ngst gesetzlich den Rang des \u201e\u00fcberragenden \u00f6ffentlichen Interesses\u201c, die Installation ist zudem r\u00fcckbaubar und absolut sicher. Es gibt keinen sachlich nachvollziehbaren Grund gegen das Balkonkraftwerk der Mietenden und ein solcher wird von der Hausverwaltung der Vermieterin auch nicht angef\u00fchrt.<\/p>\n\n\n\n<p>&#8230;<\/p>\n\n\n\n<p>Matthias Weyland, Kl\u00e4ger aus Kiel: <em>\u201eWir wollen unseren Beitrag zur Energiewende leisten und gleichzeitig die steigenden Strompreise besser abfedern. Leider wird uns das von unserer Hausverwaltung bisher unm\u00f6glich gemacht. In den letzten Monaten ist bei uns der Eindruck entstanden, dass Haus &amp; Grund bewusst versucht, unser Anliegen mit absurden Forderungen und Nachweisen zu verz\u00f6gern. Wir waren fassungslos als wir festgestellt haben, dass Haus &amp; Grund hier immer wieder neue Forderungen erhebt, um unsere oder \u00e4hnliche Anfragen ins Leere laufen zu lassen. Wir lassen uns nicht l\u00e4nger ausbremsen, sondern werden nun von unserem Klagerecht Gebrauch machen. Wir hoffen, dass wir mit Unterst\u00fctzung der Deutschen Umwelthilfe f\u00fcr alle Verbraucherinnen und Verbraucher eine gerichtliche Klarstellung erwirken k\u00f6nnen.\u201c<\/em><\/p>\n\n\n\n<h3 class=\"wp-block-heading\"><span class=\"ez-toc-section\" id=\"Hintergrund\"><\/span>Hintergrund:<span class=\"ez-toc-section-end\"><\/span><\/h3>\n\n\n\n<p>Steckersolarger\u00e4te, sogenannte Balkonkraftwerke, f\u00fcr den Balkon, den Vorgarten, die Terrasse oder das Garagendach sind eine einfache und effektive M\u00f6glichkeit, Strom dezentral zu erzeugen, steigende Strompreise abzufedern und den eigenen Klima-Fu\u00dfabdruck zu senken. Neben der unmittelbaren Kostenersparnis k\u00f6nnen Balkonkraftwerke auch zu einer h\u00f6heren Sensibilisierung der Nutzerinnen und Nutzer in Bezug auf den eigenen Stromverbrauch beitragen. Dies kann zu langfristigen Verhaltens\u00e4nderungen f\u00fchren. Nicht zuletzt sind Balkonkraftwerke geeignet, um die Akzeptanz f\u00fcr die Energiewende in der Breite der Bev\u00f6lkerung hochzuhalten und schaffen das auch, wie aktuelle Zahlen zeigen. In Deutschland sind 230.000 Anlagen registriert. Davon wurden alleine in diesem Jahr 137.000 in Betrieb genommen. Die DUH geht sch\u00e4tzungsweise von einer halben Million installierter Anlagen aus und das Potential ist gro\u00df. Von 43 Millionen Wohnungen sind ca. 20 Millionen Haushalte f\u00fcr ein Balkonkraftwerk geeignet. Allein damit k\u00f6nnten j\u00e4hrlich 3,6 Millionen Tonnen CO2 eingespart werden, bis 2030 25 Millionen Tonnen CO2.<\/p>\n\n\n\n<h3 class=\"wp-block-heading\"><span class=\"ez-toc-section\" id=\"Link\"><\/span>Link:<span class=\"ez-toc-section-end\"><\/span><\/h3>\n\n\n\n<ul class=\"wp-block-list\">\n<li><a href=\"https:\/\/www.duh.de\/fileadmin\/user_upload\/download\/Pressemitteilungen\/Kommunal\/230824_DUH_BKW_Klage.pdf\" target=\"_blank\" rel=\"noreferrer noopener\">230824_DUH_BKW_Klage<\/a> 738 KB<\/li>\n<\/ul>\n<div id=\"ez-toc-container\" class=\"ez-toc-v2_0_82_2 counter-hierarchy ez-toc-counter ez-toc-transparent ez-toc-container-direction\">\n<div class=\"ez-toc-title-container\">\n<p class=\"ez-toc-title\" style=\"cursor:inherit\">Inhalte dieser Seite :<\/p>\n<span class=\"ez-toc-title-toggle\"><a href=\"#\" class=\"ez-toc-pull-right ez-toc-btn ez-toc-btn-xs ez-toc-btn-default ez-toc-toggle\" aria-label=\"Toggle Table of Content\"><span class=\"ez-toc-js-icon-con\"><span class=\"\"><span class=\"eztoc-hide\" style=\"display:none;\">Toggle<\/span><span class=\"ez-toc-icon-toggle-span\"><svg style=\"fill: #999;color:#999\" xmlns=\"http:\/\/www.w3.org\/2000\/svg\" class=\"list-377408\" width=\"20px\" height=\"20px\" viewBox=\"0 0 24 24\" fill=\"none\"><path d=\"M6 6H4v2h2V6zm14 0H8v2h12V6zM4 11h2v2H4v-2zm16 0H8v2h12v-2zM4 16h2v2H4v-2zm16 0H8v2h12v-2z\" fill=\"currentColor\"><\/path><\/svg><svg style=\"fill: #999;color:#999\" class=\"arrow-unsorted-368013\" xmlns=\"http:\/\/www.w3.org\/2000\/svg\" width=\"10px\" height=\"10px\" viewBox=\"0 0 24 24\" version=\"1.2\" baseProfile=\"tiny\"><path d=\"M18.2 9.3l-6.2-6.3-6.2 6.3c-.2.2-.3.4-.3.7s.1.5.3.7c.2.2.4.3.7.3h11c.3 0 .5-.1.7-.3.2-.2.3-.5.3-.7s-.1-.5-.3-.7zM5.8 14.7l6.2 6.3 6.2-6.3c.2-.2.3-.5.3-.7s-.1-.5-.3-.7c-.2-.2-.4-.3-.7-.3h-11c-.3 0-.5.1-.7.3-.2.2-.3.5-.3.7s.1.5.3.7z\"\/><\/svg><\/span><\/span><\/span><\/a><\/span><\/div>\n<nav><ul class='ez-toc-list ez-toc-list-level-1 eztoc-toggle-hide-by-default' ><li class='ez-toc-page-1 ez-toc-heading-level-3'><a class=\"ez-toc-link ez-toc-heading-1\" href=\"https:\/\/boklima.de\/?p=13475\/#Hintergrund\" >Hintergrund:<\/a><\/li><li class='ez-toc-page-1 ez-toc-heading-level-3'><a class=\"ez-toc-link ez-toc-heading-2\" href=\"https:\/\/boklima.de\/?p=13475\/#Link\" >Link:<\/a><\/li><\/ul><\/nav><\/div>\n","protected":false},"excerpt":{"rendered":"<p>(24.08.23, DUH.de) , Original : hier \u2022 Fall einer Mieterin und eines Mieters einer Wohnung in Kiel, denen ihr Balkonkraftwerk von der Hausverwaltung \u201eHaus &amp; Grund\u201c untersagt wird \u2022 Verdacht der rechtsmissbr\u00e4uchlichen Verz\u00f6gerungstaktik: Hausverwaltung stellt v\u00f6llig \u00fcberzogene Forderungen, die tausende Euro Mehrkosten verursachen \u2022 Ziel der Klage ist ein Grundsatzurteil, damit Mieterinnen und Mieter sich &hellip; <a href=\"https:\/\/boklima.de\/?p=13475\" class=\"more-link\"><span class=\"screen-reader-text\">\u201eDeutsche Umwelthilfe unterst\u00fctzt erstmals Klage von Mietern gegen Verbot von Balkonkraftwerken\u201c <\/span>weiterlesen<\/a><\/p>\n","protected":false},"author":2,"featured_media":12352,"comment_status":"closed","ping_status":"closed","sticky":false,"template":"","format":"standard","meta":{"ngg_post_thumbnail":0,"footnotes":"","_share_on_mastodon":"1"},"categories":[155,156,210,104],"tags":[],"class_list":["post-13475","post","type-post","status-publish","format-standard","has-post-thumbnail","hentry","category-relevant-boklima","category-relevant-bochum","category-pv-initiative","category-oeffentlich-fuer-alle-site-besucher-lesbar"],"share_on_mastodon":{"url":"https:\/\/ruhr.social\/@BoKlima\/110979789896770589","error":""},"rttpg_featured_image_url":{"full":["https:\/\/boklima.de\/wp-content\/uploads\/2022\/08\/image-2.png",335,500,false],"landscape":["https:\/\/boklima.de\/wp-content\/uploads\/2022\/08\/image-2.png",335,500,false],"portraits":["https:\/\/boklima.de\/wp-content\/uploads\/2022\/08\/image-2.png",335,500,false],"thumbnail":["https:\/\/boklima.de\/wp-content\/uploads\/2022\/08\/image-2-150x150.png",150,150,true],"medium":["https:\/\/boklima.de\/wp-content\/uploads\/2022\/08\/image-2-201x300.png",201,300,true],"large":["https:\/\/boklima.de\/wp-content\/uploads\/2022\/08\/image-2.png",335,500,false],"1536x1536":["https:\/\/boklima.de\/wp-content\/uploads\/2022\/08\/image-2.png",335,500,false],"2048x2048":["https:\/\/boklima.de\/wp-content\/uploads\/2022\/08\/image-2.png",335,500,false],"post-thumbnail":["https:\/\/boklima.de\/wp-content\/uploads\/2022\/08\/image-2.png",335,500,false]},"rttpg_author":{"display_name":"thomas - als admin","author_link":"https:\/\/boklima.de\/?author=2"},"rttpg_comment":0,"rttpg_category":"<a href=\"https:\/\/boklima.de\/?cat=155\" rel=\"category\">relevant-BoKlima<\/a> <a href=\"https:\/\/boklima.de\/?cat=156\" rel=\"category\">relevant-Bochum<\/a> <a href=\"https:\/\/boklima.de\/?cat=210\" rel=\"category\">PV-Initiative<\/a> <a href=\"https:\/\/boklima.de\/?cat=104\" rel=\"category\">\u00f6ffentlich (f\u00fcr alle lesbar)<\/a>","rttpg_excerpt":"(24.08.23, DUH.de) , Original : hier \u2022 Fall einer Mieterin und eines Mieters einer Wohnung in Kiel, denen ihr Balkonkraftwerk von der Hausverwaltung \u201eHaus &amp; Grund\u201c untersagt wird \u2022 Verdacht der rechtsmissbr\u00e4uchlichen Verz\u00f6gerungstaktik: Hausverwaltung stellt v\u00f6llig \u00fcberzogene Forderungen, die tausende Euro Mehrkosten verursachen \u2022 Ziel der Klage ist ein Grundsatzurteil, damit Mieterinnen und Mieter sich&hellip;","_links":{"self":[{"href":"https:\/\/boklima.de\/index.php?rest_route=\/wp\/v2\/posts\/13475","targetHints":{"allow":["GET"]}}],"collection":[{"href":"https:\/\/boklima.de\/index.php?rest_route=\/wp\/v2\/posts"}],"about":[{"href":"https:\/\/boklima.de\/index.php?rest_route=\/wp\/v2\/types\/post"}],"author":[{"embeddable":true,"href":"https:\/\/boklima.de\/index.php?rest_route=\/wp\/v2\/users\/2"}],"replies":[{"embeddable":true,"href":"https:\/\/boklima.de\/index.php?rest_route=%2Fwp%2Fv2%2Fcomments&post=13475"}],"version-history":[{"count":1,"href":"https:\/\/boklima.de\/index.php?rest_route=\/wp\/v2\/posts\/13475\/revisions"}],"predecessor-version":[{"id":13476,"href":"https:\/\/boklima.de\/index.php?rest_route=\/wp\/v2\/posts\/13475\/revisions\/13476"}],"wp:featuredmedia":[{"embeddable":true,"href":"https:\/\/boklima.de\/index.php?rest_route=\/wp\/v2\/media\/12352"}],"wp:attachment":[{"href":"https:\/\/boklima.de\/index.php?rest_route=%2Fwp%2Fv2%2Fmedia&parent=13475"}],"wp:term":[{"taxonomy":"category","embeddable":true,"href":"https:\/\/boklima.de\/index.php?rest_route=%2Fwp%2Fv2%2Fcategories&post=13475"},{"taxonomy":"post_tag","embeddable":true,"href":"https:\/\/boklima.de\/index.php?rest_route=%2Fwp%2Fv2%2Ftags&post=13475"}],"curies":[{"name":"wp","href":"https:\/\/api.w.org\/{rel}","templated":true}]}}