{"id":13092,"date":"2023-04-18T09:36:33","date_gmt":"2023-04-18T07:36:33","guid":{"rendered":"https:\/\/boklima.de\/?p=13092"},"modified":"2024-03-24T15:12:12","modified_gmt":"2024-03-24T14:12:12","slug":"offener-brief-anlaesslich-der-ausstellungseroeffnungvielfalt-im-garten-lebensraum-fuer-insekten-und-co","status":"publish","type":"post","link":"https:\/\/boklima.de\/?p=13092","title":{"rendered":"Offener Brief anl\u00e4sslich der Ausstellungser\u00f6ffnung\u201eVielfalt im Garten &#8211; Lebensraum f\u00fcr Insekten und Co."},"content":{"rendered":"\n<h2 class=\"wp-block-heading\"><span class=\"ez-toc-section\" id=\"15_Klimanotstandsbrief_des_Bochumer_Klimaschutzbuendnisses_%E2%80%9EBochum_blueht_und_summt%E2%80%9C_tut_es_das_wirklich\"><\/span>15. Klimanotstandsbrief des Bochumer Klimaschutzb\u00fcndnisses \u201e<strong>Bochum bl\u00fcht und summt\u201c, tut es das wirklich?<\/strong><span class=\"ez-toc-section-end\"><\/span><\/h2>\n\n\n\n<p>   <\/p>\n\n\n\n<p class=\"has-text-align-center\">15. Klimanotstandsbrief des Bochumer Klimaschutzb\u00fcndnisses<br><br>An den Bochumer Stadtbaurat,<br>zugleich Dezernent f\u00fcr Bauen, Umwelt, Mobilit\u00e4t und Nachhaltigkeit<\/p>\n\n\n\n<p class=\"has-text-align-center\">\u201e<strong>Bochum bl\u00fcht und summt\u201c,<br>tut es das wirklich?<\/strong><\/p>\n\n\n\n<p>Sehr geehrter Herr Dr. Bradtke,<\/p>\n\n\n\n<p>wir meinen, dass das bislang leider nicht der Fall ist. Es bl\u00fcht und summt in unserer Stadt nicht so, wie es dringend n\u00f6tig, aber auch noch nicht so, wie es kurzfristig m\u00f6glich w\u00e4re. Wir erlauben uns deshalb die bevorstehende Er\u00f6ffnung der Ausstellung <strong>\u201e<\/strong><strong>Vielfalt im Garten &#8211; Lebensraum f\u00fcr Insekten und Co.\u201c<\/strong> zum Anlass zu nehmen, hierzu einige Fragen und Anmerkungen zu formulieren.<\/p>\n\n\n\n<p>\u201eDie Stadt Bochum m\u00f6chte einen Beitrag dazu leisten, die Lebensr\u00e4ume von Insekten und Wildpflanzen aufzuwerten und zu bereichern und so dem Insektensterben <em><strong>wirksam<\/strong><\/em> entgegenzuwirken\u201c hei\u00dft es auf der Homepage unserer Stadt.<\/p>\n\n\n\n<p>Wir meinen, die Stadt Bochum darf nicht nur \u201eeinen Beitrag leisten\u201c wollen, sondern m\u00fcsste vielmehr alles daran setzen, dass auf den 146 km\u00b2 Erde, f\u00fcr die wir hier verantwortlich sind, tats\u00e4chlich ein <strong>wirksamer<\/strong> Umwelt- und Naturschutz zum tragen kommt.<\/p>\n\n\n\n<h3 class=\"wp-block-heading\"><span class=\"ez-toc-section\" id=\"Private_Klein-_und_Hausgaerten\"><\/span><strong>Private Klein- und Hausg\u00e4rten<\/strong><span class=\"ez-toc-section-end\"><\/span><\/h3>\n\n\n\n<p>Das Bochumer Klimaschutzb\u00fcndnis begr\u00fc\u00dft alle Initiativen der Stadtverwaltung, die das \u00f6kologische Potenzial unserer Klein- und Hausg\u00e4rten in den Blick nehmen. Denn wir betrachten die dbzgl. Bedeutung dieser privaten Fl\u00e4chen als erheblich und sehen hier gleichzeitig einen nennenswerten Aufkl\u00e4rungs- und F\u00f6rderbedarf. Von Ihrem Wettbewerb \u201eProjektideen f\u00fcr heimische Insektenoasen in Bochumer Kleing\u00e4rten\u201c erhoffen wir uns, dass am Ende in jeder der Bochumer Kleingartenanlagen einige G\u00e4rtner:innen als Botschafter:innen der Biodiversit\u00e4t ihre Einsichten und Erfahrungen weitertragen und zum Nachahmen einladen, sodass die Kleingartenanlagen in nicht allzu weiter Ferne ihr volles Potenzial zur Entfaltung bringen k\u00f6nnen. \u00c4hnliche Wettbewerbe sollten auch f\u00fcr die Haus- und Vorg\u00e4rten durchgef\u00fchrt werden.<\/p>\n\n\n\n<p>Doch freiwillige Einzelaktivit\u00e4ten allein gen\u00fcgen nicht. Ziel muss es sein, dass Bochums Klein-, Haus- und Vorg\u00e4rten v\u00f6llig neu gedacht werden, wenn wir der drohenden Biodiversit\u00e4tskatastrophe* tats\u00e4chlich \u201ewirksam entgegenwirken\u201c wollen.<\/p>\n\n\n\n<p>Und dabei darf sich die Stadt nicht scheuen, \u00fcberall, wo dies m\u00f6glich ist, sachgerechte Vorgaben im Sinne des Gemeinwohls zu machen. Denn Eigentum verpflichtet. Die den Privaten wie der Kommune als Eigentum anvertrauten Fl\u00e4chen m\u00fcssen verantwortungsvoll entwickelt und gepflegt werden und die Stadt ist hierbei in ihrer Vorbildfunktion besonders gefragt.<\/p>\n\n\n\n<h3 class=\"wp-block-heading\"><span class=\"ez-toc-section\" id=\"Zukunftsfaehige_Bebauungsplaene\"><\/span><strong>Z<\/strong><strong>ukunftsf\u00e4hige Bebauungspl\u00e4ne<\/strong><span class=\"ez-toc-section-end\"><\/span><\/h3>\n\n\n\n<p>Gebote und Verbote zur Erreichung von Energie- und Ressourcenschutz, Klimaanpassung und Biodiversit\u00e4t geh\u00f6ren in jeden Bebauungsplan. Diese M\u00f6glichkeit der Steuerungs- und Lenkungswirkung von entsprechend qualifizierten Bebauungspl\u00e4nen darf nicht weitgehend ungenutzt bleiben. Die Lebensqualit\u00e4t in den Quartieren h\u00e4ngt entscheidend davon ab, dass der Anteil versiegelter Fl\u00e4chen minimiert wird, wie mit dem Regenwasser verfahren wird, welche B\u00e4ume und Str\u00e4ucher gepflanzt werden, welcher Art die D\u00e4cher, Fassaden und Grundst\u00fcckseinfriedigungen sind und wie ertr\u00e4glich letztlich die kommenden Hitzesommer dort verbracht werden k\u00f6nnen. Aus diesem Grund unterst\u00fctzen wir die Forderungen des Netzwerks f\u00fcr b\u00fcrgernahe Stadtentwicklung, nach der wenigstens die Ergebnisse des Klimaplan- und des GNK-Prozesses in alle Bebauungspl\u00e4ne einzuflie\u00dfen haben.<\/p>\n\n\n\n<p>Entsprechende Festsetzungen in Bebauungspl\u00e4nen stellen keine Entm\u00fcndigung von Investoren und Bewohner:innen sondern verantwortliches, am Gemeinwohl orientiertes kommunales Handeln dar, ohne das Leben in der Stadt unertr\u00e4glich wird. Die damit verbundenen Qualit\u00e4tssteigerungen f\u00fchren ganz nebenbei zur Attraktivierung von Baugebieten und Wertsteigerung der Immobilien.<\/p>\n\n\n\n<h3 class=\"wp-block-heading\"><span class=\"ez-toc-section\" id=\"Ambitionierte_Grundstuecksvergaben\"><\/span><strong>Ambitionierte Grundst\u00fccksvergaben<\/strong><span class=\"ez-toc-section-end\"><\/span><\/h3>\n\n\n\n<p>Analoges gilt f\u00fcr den Verkauf st\u00e4dtischer Fl\u00e4chen. Durch die Vergabeform der Erbpacht sowie die Formulierung entsprechender Auflagen hat die Stadt die M\u00f6glichkeit \u201ewirksam\u201c Einfluss auf den Natur-, Klima- und Hitzeschutz in der (Innen-) Stadt zu nehmen. Jedoch erkennen wir ein entsprechend ambitioniertes Vorgehen der Verwaltung bisher nicht. Unter Ihrer F\u00fchrung, Herr Dr. Bradtke, wurde im vergangenen Jahr die relevante Fl\u00e4che zwischen Neu- und Kreuzstra\u00dfe bedauerlicherweise vergeben, ohne dass die Stadt vom Instrument der Erbpacht und den M\u00f6glichkeiten \u00f6kologischer Vorgaben nennenswert Gebrauch gemacht hat. Damit wurde bei einer relevanten Fl\u00e4che in zentraler Innenstadtlage ein f\u00fcr die Zukunft sehr bedeutsames Potenzial verspielt.<\/p>\n\n\n\n<p>Und nun zu den st\u00e4dtischen Liegenschaften:<\/p>\n\n\n\n<h3 class=\"wp-block-heading\"><span class=\"ez-toc-section\" id=\"Innerstaedtische_Gruenflaechen\"><\/span><strong>I<\/strong><strong>nnerst\u00e4dtische Gr\u00fcnfl\u00e4chen<\/strong><span class=\"ez-toc-section-end\"><\/span><\/h3>\n\n\n\n<p>Innerst\u00e4dtische Gr\u00fcnfl\u00e4chen, wie Parkanlagen, Spielpl\u00e4tze, Parkpl\u00e4tze, Verkehrsinseln, z.B. in Kreisverkehren, Fahrbahnr\u00e4nder, Regenr\u00fcckhaltebecken usw. bergen ebenfalls ein bedeutsames \u00f6kologisches Potenzial. Neben einem Lebensraum f\u00fcr V\u00f6gel und Insekten schaffen biodiverse Fl\u00e4chen vielf\u00e4ltige Sinneseindr\u00fccke, bieten ganz nebenbei Anregungen f\u00fcr eigene private Projektideen, laden zum Verweilen und Beobachten ein, zeigen Kindern und Erwachsenen anschaulich wie naturnahe st\u00e4dtische R\u00e4ume gestaltet werden und zum Wohlf\u00fchlen beitragen k\u00f6nnen. Naturnah gestaltete Freifl\u00e4chen, in den ersten zwei Jahren sorgsam gepflegt, sind anschlie\u00dfend kosteng\u00fcnstig im Erhalt.<\/p>\n\n\n\n<p>   <\/p>\n\n\n<div class=\"wp-block-image is-style-default\">\n<figure class=\"aligncenter size-large is-resized\"><a href=\"https:\/\/boklima.de\/wp-content\/uploads\/2023\/04\/image-4.png\"><img loading=\"lazy\" decoding=\"async\" width=\"1024\" height=\"681\" src=\"https:\/\/boklima.de\/wp-content\/uploads\/2023\/04\/image-4-1024x681.png\" alt=\"\" class=\"wp-image-13093\" style=\"width:512px;height:341px\" srcset=\"https:\/\/boklima.de\/wp-content\/uploads\/2023\/04\/image-4-1024x681.png 1024w, https:\/\/boklima.de\/wp-content\/uploads\/2023\/04\/image-4-300x199.png 300w, https:\/\/boklima.de\/wp-content\/uploads\/2023\/04\/image-4-768x511.png 768w, https:\/\/boklima.de\/wp-content\/uploads\/2023\/04\/image-4-1536x1021.png 1536w, https:\/\/boklima.de\/wp-content\/uploads\/2023\/04\/image-4-2048x1362.png 2048w, https:\/\/boklima.de\/wp-content\/uploads\/2023\/04\/image-4-1200x798.png 1200w\" sizes=\"auto, (max-width: 709px) 85vw, (max-width: 909px) 67vw, (max-width: 1362px) 62vw, 840px\" \/><\/a><\/figure>\n<\/div>\n\n\n<p><img decoding=\"async\" src=\"\" width=\"100%\" height=\"auto\"><br><em>Schaubild 1: Verkehrsinseln, die einem das Herz aufgehen lassen (Bildquelle: BoKlima)<\/em><br><\/p>\n\n\n\n<p>Wenn dagegen mit Fertigstellung jedes neuen Kreisverkehrs in unserer Stadt, und es sind nicht wenige, abschlie\u00dfend lediglich Rollrasen ausgerollt wird, werden auch dort weiterhin systematisch Chancen auf \u201ewirksamen\u201c Naturschutz vertan.<\/p>\n\n\n\n<p><strong>Frage 1: Bitte lassen Sie uns wissen<\/strong><strong>, auf welchen <\/strong><strong>inner<\/strong><strong>st\u00e4dtischen Gr<\/strong><strong>\u00fcnfl\u00e4chen<\/strong><strong> eine klimagerechte und biodivers wirksame Freifl\u00e4chen<\/strong><strong>gestaltung<\/strong><strong> bereits umgesetzt wurde. Und welche <\/strong><strong>Fl\u00e4chen<\/strong><strong> sich dbzgl. in der Planung befinden. Welche prozentualen Anteile haben diese <\/strong><strong>Fl\u00e4chen<\/strong><strong> am gesamten Bestand <\/strong><strong>unserer<\/strong><strong> Stadt?<\/strong><\/p>\n\n\n\n<h3 class=\"wp-block-heading\"><span class=\"ez-toc-section\" id=\"Staedtische_bebaute_Grundstuecke\"><\/span><strong>S<\/strong><strong>t\u00e4dtische <\/strong><strong>bebaute <\/strong><strong>G<\/strong><strong>rundst\u00fccke<\/strong><span class=\"ez-toc-section-end\"><\/span><\/h3>\n\n\n\n<p>Kitas und Schulen, die durch Drahtz\u00e4une mit PVC-Flechtwerk eingefriedet werden, anstatt mit biodivers wirkenden Str\u00e4uchern und Kletterpflanzen, f\u00fchren doch die Anschaffung von zwei Bienenkoffern f\u00fcr Kitas und Grundschulen, durch Ihr Umwelt- und Gr\u00fcnfl\u00e4chenamt, ad absurdum.<\/p>\n\n\n\n<p><strong>Frage 2: Uns interessiert deshalb die Frage, auf welchen st\u00e4dtischen bebauten Grundst\u00fccken eine klimagerechte und biodivers wirksame Freifl\u00e4chenplanung bereits umgesetzt wurde. Und welche Grundst\u00fccke sich dbzgl. in der Planung befinden. Welche prozentualen Anteile haben diese Grundst\u00fccke am gesamten Bestand unserer Stadt?<\/strong><\/p>\n\n\n\n<h3 class=\"wp-block-heading\"><span class=\"ez-toc-section\" id=\"Naturschutzgebiete_und_Landschaftsschutzgebiete\"><\/span><strong>Naturschutzgebiete und Landschaftsschutzgebiete<\/strong><span class=\"ez-toc-section-end\"><\/span><\/h3>\n\n\n\n<p>Bei der Ausweisung neuer Naturschutzgebiete ist h\u00f6chste Eile geboten, die Roten Listen vom Aussterben bedrohter Tier- und Pflanzenarten werden immer l\u00e4nger. Wenn, wie im Falle des geplanten Naturschutzgebietes Kalwes\/Grimberg erst mehr als ein Vierteljahrhundert (!) vergehen musste, bis es Ende vergangenen Jahres zu einem Aufstellungsbeschluss kam, dann sind wir hier in Bochum angesichts der Biodiversit\u00e4tskatastrophe einfach viel zu langsam!<\/p>\n\n\n\n<p>Auch was die acht bestehenden Naturschutzgebiete betrifft, nahm allein die notwendig gewordene \u00dcberarbeitung und Aktualisierung der Pflege- und Entwicklungspl\u00e4ne seit 2016 bis heute schon fast sieben Jahre in Anspruch, und nun, da sie bis auf einen alle vorliegen, hapert es massiv an deren Umsetzung. W\u00e4hrend unsere Stadt mit Eigenbetrieben und Holding eine kaum zu \u00fcberschauende Zahl von Stadt- und Pressesprecher:innen besch\u00e4ftigt, h\u00e4ngt die Umsetzung der Pflege- und Entwicklungspl\u00e4ne in allen Naturschutzgebieten an einer einzigen 70%-Stelle (vgl. Vorlage 20220064).<\/p>\n\n\n\n<p>Und was die Landschaftsschutzgebiete angeht warten wir ebenfalls seit einem Vierteljahrhundert (!) auf die notwendige Aktualisierung der Festsetzungen und Entwicklungsziele.<\/p>\n\n\n\n<p><strong>Frage 3: Deshalb m\u00f6chten wir hiermit nach Ihrem aktuellen Zeitplan f\u00fcr die Ausweisung neuer Naturschutzgebiete, die Umsetzung der Pflege- und Entwicklungspl\u00e4ne sowie die Aktualisierung der Festsetzungen und Entwicklungsziele f\u00fcr die Bochumer Landschaftsschutzgebiete fragen.<\/strong><\/p>\n\n\n\n<h3 class=\"wp-block-heading\"><span class=\"ez-toc-section\" id=\"Bochum_Strategie\"><\/span><strong>Bochum Strategie<\/strong><span class=\"ez-toc-section-end\"><\/span><\/h3>\n\n\n\n<p>Wenn unsere Stadt dem Insektensterben \u201ewirksam\u201c entgegen zu wirken verspricht, dann braucht es viel, viel mehr als sechs sogenannte \u201ePocket Parks\u201c, die verteilt auf unser 146 km\u00b2 gro\u00dfes Stadtgebiet entstehen sollen. Will die &#8220;Bochum Stratgie&#8221;<\/p>\n\n\n<div class=\"wp-block-image is-style-default\">\n<figure class=\"aligncenter size-large is-resized\"><a href=\"https:\/\/boklima.de\/wp-content\/uploads\/2023\/04\/image-5.png\"><img loading=\"lazy\" decoding=\"async\" width=\"1024\" height=\"576\" src=\"https:\/\/boklima.de\/wp-content\/uploads\/2023\/04\/image-5-1024x576.png\" alt=\"\" class=\"wp-image-13094\" style=\"width:512px;height:288px\" srcset=\"https:\/\/boklima.de\/wp-content\/uploads\/2023\/04\/image-5-1024x576.png 1024w, https:\/\/boklima.de\/wp-content\/uploads\/2023\/04\/image-5-300x169.png 300w, https:\/\/boklima.de\/wp-content\/uploads\/2023\/04\/image-5-768x432.png 768w, https:\/\/boklima.de\/wp-content\/uploads\/2023\/04\/image-5-1536x864.png 1536w, https:\/\/boklima.de\/wp-content\/uploads\/2023\/04\/image-5-2048x1152.png 2048w, https:\/\/boklima.de\/wp-content\/uploads\/2023\/04\/image-5-1200x675.png 1200w\" sizes=\"auto, (max-width: 709px) 85vw, (max-width: 909px) 67vw, (max-width: 1362px) 62vw, 840px\" \/><\/a><\/figure>\n<\/div>\n\n\n<p><img decoding=\"async\" width=\"100%\" height=\"auto\" src=\"\"><br><em>Schaubild 2: Was k\u00f6nnen sechs derartige \u201ePocket Parks\u201c bewirken? (Bildquelle: bochum.de)<\/em> <\/p>\n\n\n\n<p>zukunftsf\u00e4hig sein, was selbstverst\u00e4ndlich ist, dann fehlt ihr dazu die ambitionierte Hinterlegung des Klima- und Hitzeschutzes, wie auch des Umwelt- und Naturschutzes, wie sie uns f\u00fcr jedes Einzelne der insgesamt 125 Projekte notwendig erscheint.<\/p>\n\n\n\n<h3 class=\"wp-block-heading\"><span class=\"ez-toc-section\" id=\"Warum_Klimaschutz_und_Biodiversitaet_zusammen_gehoeren\"><\/span>Warum Klimaschutz und Biodiversit\u00e4t zusammen geh\u00f6ren<span class=\"ez-toc-section-end\"><\/span><\/h3>\n\n\n\n<p>Vieles, was in Bund, Land und Kommunen nicht oder weniger gut funktioniert, ist auf mangelnde Zusammenarbeit und sogenanntes Spartendenken zur\u00fcckzuf\u00fchren. Als Bochumer Klimaschutzb\u00fcndnis m\u00f6chten wir den Blick \u00fcber Klimathemen im engeren Sinne hinaus erheben und setzen uns daher auch mit Fragen, etwa der Biodiversit\u00e4t oder der Energiegerechtigkeit ein. Dazu m\u00f6chten wir das BMZ (Bundesministerium f\u00fcr wirtschaftliche Zusammenarbeit und Entwicklung) wie folgt zitieren:<\/p>\n\n\n\n<p>\u201e<em>Der Erhalt der Biodiversit\u00e4t ist eine elementare Voraussetzung f\u00fcr Erfolge beim Klimaschutz und bei der Anpassung an die Folgen des Klimawandels. Denn gesunde \u00d6kosysteme speichern enorme Mengen an Treibhausgasen und mildern die Folgen von extremen Wetterereignissen. Sie tragen dazu bei, dass auch zuk\u00fcnftig wichtige \u00d6kosystemleistungen wie sauberes Wasser oder frische Luft f\u00fcr alle Menschen zur Verf\u00fcgung stehen.\u201c<\/em><\/p>\n\n\n\n<h3 class=\"wp-block-heading\"><span class=\"ez-toc-section\" id=\"Baudezernent_in_der_Zukunft\"><\/span><strong>Baudezernent:in der Zukunft<\/strong><span class=\"ez-toc-section-end\"><\/span><\/h3>\n\n\n\n<p>Zu Beginn Ihrer Amtszeit in Bochum erw\u00e4hnten Sie gerne, dass Sie sich in erster Linie als Baudezernent in einer urbanen Gro\u00dfstadt verst\u00fcnden, in der die Umwelt <em>naturgem\u00e4\u00df<\/em> nur eine untergeordnete Rolle spiele. Zudem w\u00fcrden Ihre Kernkompe-tenzen und Interessen auf anderen Feldern liegen als dem Umweltschutz. Neueren Datums erlebt Sie die \u00d6ffentlichkeit bei Presseterminen \u00f6fters auch in Ihrer Rolle als Umweltdezernent, z.B. bei der Er\u00f6ffnung einer Ausstellung wie heute.<\/p>\n\n\n\n<p>Bochum braucht eine:n Dezernent:in, die:der auch dem Klima- und Umweltschutz h\u00f6chste Priorit\u00e4t einr\u00e4umt. Es kommt nicht auf Absichtserkl\u00e4rungen oder wohlfeile Eindr\u00fccke, die vermittelt werden, sondern auf Wirksamkeit an. Es gen\u00fcgt auch nicht ein Gutachten nach dem anderen in Auftrag zu geben**. Der Handlungsbedarf und konkrete Handlungsoptionen liegen seit langem auf dem Tisch. Wir w\u00fcnschen uns ein Bochum, in dem weniger Aufwand f\u00fcr Selbstdarstellung, Imagekampagnen und subtilen Dauerwahlkampf getrieben wird, vielmehr ein Bochum, in dem die Themenstellungen des Klima- und Hitzeschutzes, wie der Biodiversit\u00e4t, mit einer angemessenen hohen Priorit\u00e4t behandelt und heute schon, nicht erst in Zukunft, bei jeder Entscheidung ber\u00fccksichtigt werden. Auch die personelle Besetzung des Baudezernats hat, anders als es aus der Verwaltungsvorlage 20230297 hervorgeht, erhebliche \u201eKlimarelevante Auswirkungen\u201c.<\/p>\n\n\n\n<p><strong>Frage 4: Wir fragen uns und m\u00f6chten deshalb Sie fragen: was h\u00e4tte Bochum in den angesprochenen Feldern von Ihnen zu erwarten, wenn Sie in unserer Stadt eine zweite Amtszeit bekleideten?<\/strong><\/p>\n\n\n\n<p>Bitte lassen Sie uns wissen, ob wir mit Ihrer Stellungnahme rechnen d\u00fcrfen und wenn ja, bis wann. In Erwartung Ihrer gesch\u00e4tzten Antwort verbleiben wir f\u00fcr heute mit freundlichen Gr\u00fc\u00dfen<\/p>\n\n\n\n<p>Bochum, den 18. April 2023<\/p>\n\n\n\n<p>Gez.: Ihre B\u00fcrger*innen des Bochumer Klimaschutzb\u00fcndnisses<br>c\/o Dr. I. Franke (Sprecher von BoKlima)<br>AkU e.V., Alsenstra\u00dfe 27, 44789 Bochum<\/p>\n\n\n\n<p>Mailkontakt: <a href=\"mailto:boklima@boklima.de\">boklima@boklima.de<\/a><br>Homepage: <a href=\"http:\/\/www.boklima.de\/\">www.<\/a><a href=\"http:\/\/www.boklima.de\/\">b<\/a><a href=\"http:\/\/www.boklima.de\/\">o<\/a><a href=\"http:\/\/www.boklima.de\/\">k<\/a><a href=\"http:\/\/www.boklima.de\/\">lima.de<\/a><br>Kopien: Presseverteiler, Fraktionen, B\u00fcndnisverteiler<\/p>\n\n\n\n<p>* Der aktuelle Verlust an Arten und Best\u00e4nden erlaubt es u.E. nicht mehr, blo\u00df von einer Biodiversit\u00e4tskrise zu sprechen, deshalb der Begriff der Biodiversit\u00e4tskatastrophe. Gleiches gilt im \u00fcbrigen f\u00fcr das Klima, wo heute von einer Klimakatastrophe gesprochen werden muss.<\/p>\n\n\n\n<p>** <a href=\"https:\/\/die-stadtgestalter.de\/2022\/12\/18\/stadtplanung-ausufernde-konzeptflut-sorgt-fuer-zeit-und-geldverschwendung\/\" target=\"_blank\" rel=\"noreferrer noopener\">https:\/\/die-stadtgestalter.de\/2022\/12\/18\/stadtplanung-ausufernde-konzeptflut-sorgt-fuer-zeit-und-geldverschwendung\/<\/a><\/p>\n\n\n\n<p><\/p>\n\n\n\n<hr class=\"wp-block-separator has-alpha-channel-opacity\"\/>\n\n\n\n<hr class=\"wp-block-separator has-alpha-channel-opacity\"\/>\n\n\n\n<p>Der 15.KNB als Pdf : <a href=\"https:\/\/boklima.de\/wp-content\/uploads\/2023\/04\/230417-15.knb-2023-04-17-biodiversitaet-small.pdf\" target=\"_blank\" rel=\"noreferrer noopener\">hier<\/a> <\/p>\n\n\n\n<p>Dazu siehe auch aus dem Ratsinformations-System (RIS) :<br>  <a href=\"https:\/\/bochum.ratsinfomanagement.net\/sdnetrim\/UGhVM0hpd2NXNFdFcExjZapb_COwJfwFiqR1KsyAxIxGCLSunZmQLUvQEdI1asWu\/Beschlussvorlage_der_Verwaltung_20230297.pdf#search=20230297\" target=\"_blank\" rel=\"noreferrer noopener\">Wiederwahl von Stadtbaurat Dr.-Ing. Markus Bradtke<\/a><\/p>\n\n\n\n<hr class=\"wp-block-separator has-alpha-channel-opacity\"\/>\n\n\n\n<h3 class=\"wp-block-heading\"><span class=\"ez-toc-section\" id=\"Zur_Uebersicht_aller_KlimaNotstandsBriefe_hier\"><\/span>Zur \u00dcbersicht aller KlimaNotstandsBriefe : <a href=\"https:\/\/boklima.de\/?page_id=4353\">hier<\/a><span class=\"ez-toc-section-end\"><\/span><\/h3>\n<div id=\"ez-toc-container\" class=\"ez-toc-v2_0_82_2 counter-hierarchy ez-toc-counter ez-toc-transparent ez-toc-container-direction\">\n<div class=\"ez-toc-title-container\">\n<p class=\"ez-toc-title\" style=\"cursor:inherit\">Inhalte dieser Seite :<\/p>\n<span class=\"ez-toc-title-toggle\"><a href=\"#\" class=\"ez-toc-pull-right ez-toc-btn ez-toc-btn-xs ez-toc-btn-default ez-toc-toggle\" aria-label=\"Toggle Table of Content\"><span class=\"ez-toc-js-icon-con\"><span class=\"\"><span class=\"eztoc-hide\" style=\"display:none;\">Toggle<\/span><span class=\"ez-toc-icon-toggle-span\"><svg style=\"fill: #999;color:#999\" xmlns=\"http:\/\/www.w3.org\/2000\/svg\" class=\"list-377408\" width=\"20px\" height=\"20px\" viewBox=\"0 0 24 24\" fill=\"none\"><path d=\"M6 6H4v2h2V6zm14 0H8v2h12V6zM4 11h2v2H4v-2zm16 0H8v2h12v-2zM4 16h2v2H4v-2zm16 0H8v2h12v-2z\" fill=\"currentColor\"><\/path><\/svg><svg style=\"fill: #999;color:#999\" class=\"arrow-unsorted-368013\" xmlns=\"http:\/\/www.w3.org\/2000\/svg\" width=\"10px\" height=\"10px\" viewBox=\"0 0 24 24\" version=\"1.2\" baseProfile=\"tiny\"><path d=\"M18.2 9.3l-6.2-6.3-6.2 6.3c-.2.2-.3.4-.3.7s.1.5.3.7c.2.2.4.3.7.3h11c.3 0 .5-.1.7-.3.2-.2.3-.5.3-.7s-.1-.5-.3-.7zM5.8 14.7l6.2 6.3 6.2-6.3c.2-.2.3-.5.3-.7s-.1-.5-.3-.7c-.2-.2-.4-.3-.7-.3h-11c-.3 0-.5.1-.7.3-.2.2-.3.5-.3.7s.1.5.3.7z\"\/><\/svg><\/span><\/span><\/span><\/a><\/span><\/div>\n<nav><ul class='ez-toc-list ez-toc-list-level-1 eztoc-toggle-hide-by-default' ><li class='ez-toc-page-1 ez-toc-heading-level-2'><a class=\"ez-toc-link ez-toc-heading-1\" href=\"https:\/\/boklima.de\/?p=13092\/#15_Klimanotstandsbrief_des_Bochumer_Klimaschutzbuendnisses_%E2%80%9EBochum_blueht_und_summt%E2%80%9C_tut_es_das_wirklich\" >15. Klimanotstandsbrief des Bochumer Klimaschutzb\u00fcndnisses \u201eBochum bl\u00fcht und summt\u201c, tut es das wirklich?<\/a><ul class='ez-toc-list-level-3' ><li class='ez-toc-heading-level-3'><a class=\"ez-toc-link ez-toc-heading-2\" href=\"https:\/\/boklima.de\/?p=13092\/#Private_Klein-_und_Hausgaerten\" >Private Klein- und Hausg\u00e4rten<\/a><\/li><li class='ez-toc-page-1 ez-toc-heading-level-3'><a class=\"ez-toc-link ez-toc-heading-3\" href=\"https:\/\/boklima.de\/?p=13092\/#Zukunftsfaehige_Bebauungsplaene\" >Zukunftsf\u00e4hige Bebauungspl\u00e4ne<\/a><\/li><li class='ez-toc-page-1 ez-toc-heading-level-3'><a class=\"ez-toc-link ez-toc-heading-4\" href=\"https:\/\/boklima.de\/?p=13092\/#Ambitionierte_Grundstuecksvergaben\" >Ambitionierte Grundst\u00fccksvergaben<\/a><\/li><li class='ez-toc-page-1 ez-toc-heading-level-3'><a class=\"ez-toc-link ez-toc-heading-5\" href=\"https:\/\/boklima.de\/?p=13092\/#Innerstaedtische_Gruenflaechen\" >Innerst\u00e4dtische Gr\u00fcnfl\u00e4chen<\/a><\/li><li class='ez-toc-page-1 ez-toc-heading-level-3'><a class=\"ez-toc-link ez-toc-heading-6\" href=\"https:\/\/boklima.de\/?p=13092\/#Staedtische_bebaute_Grundstuecke\" >St\u00e4dtische bebaute Grundst\u00fccke<\/a><\/li><li class='ez-toc-page-1 ez-toc-heading-level-3'><a class=\"ez-toc-link ez-toc-heading-7\" href=\"https:\/\/boklima.de\/?p=13092\/#Naturschutzgebiete_und_Landschaftsschutzgebiete\" >Naturschutzgebiete und Landschaftsschutzgebiete<\/a><\/li><li class='ez-toc-page-1 ez-toc-heading-level-3'><a class=\"ez-toc-link ez-toc-heading-8\" href=\"https:\/\/boklima.de\/?p=13092\/#Bochum_Strategie\" >Bochum Strategie<\/a><\/li><li class='ez-toc-page-1 ez-toc-heading-level-3'><a class=\"ez-toc-link ez-toc-heading-9\" href=\"https:\/\/boklima.de\/?p=13092\/#Warum_Klimaschutz_und_Biodiversitaet_zusammen_gehoeren\" >Warum Klimaschutz und Biodiversit\u00e4t zusammen geh\u00f6ren<\/a><\/li><li class='ez-toc-page-1 ez-toc-heading-level-3'><a class=\"ez-toc-link ez-toc-heading-10\" href=\"https:\/\/boklima.de\/?p=13092\/#Baudezernent_in_der_Zukunft\" >Baudezernent:in der Zukunft<\/a><\/li><li class='ez-toc-page-1 ez-toc-heading-level-3'><a class=\"ez-toc-link ez-toc-heading-11\" href=\"https:\/\/boklima.de\/?p=13092\/#Zur_Uebersicht_aller_KlimaNotstandsBriefe_hier\" >Zur \u00dcbersicht aller KlimaNotstandsBriefe : hier<\/a><\/li><\/ul><\/li><\/ul><\/nav><\/div>\n","protected":false},"excerpt":{"rendered":"<p>15. Klimanotstandsbrief des Bochumer Klimaschutzb\u00fcndnisses \u201eBochum bl\u00fcht und summt\u201c, tut es das wirklich? 15. Klimanotstandsbrief des Bochumer Klimaschutzb\u00fcndnisses An den Bochumer Stadtbaurat,zugleich Dezernent f\u00fcr Bauen, Umwelt, Mobilit\u00e4t und Nachhaltigkeit \u201eBochum bl\u00fcht und summt\u201c,tut es das wirklich? Sehr geehrter Herr Dr. Bradtke, wir meinen, dass das bislang leider nicht der Fall ist. Es bl\u00fcht und summt &hellip; <a href=\"https:\/\/boklima.de\/?p=13092\" class=\"more-link\"><span class=\"screen-reader-text\">\u201eOffener Brief anl\u00e4sslich der Ausstellungser\u00f6ffnung\u201eVielfalt im Garten &#8211; Lebensraum f\u00fcr Insekten und Co.\u201c <\/span>weiterlesen<\/a><\/p>\n","protected":false},"author":2,"featured_media":13095,"comment_status":"closed","ping_status":"closed","sticky":false,"template":"","format":"standard","meta":{"ngg_post_thumbnail":0,"footnotes":"","_share_on_mastodon":"1"},"categories":[155,104,148],"tags":[],"class_list":["post-13092","post","type-post","status-publish","format-standard","has-post-thumbnail","hentry","category-relevant-boklima","category-oeffentlich-fuer-alle-site-besucher-lesbar","category-offener-brief-wohnbauflaechenprogramm"],"share_on_mastodon":{"url":"https:\/\/ruhr.social\/@BoKlima\/110218667544776283","error":""},"rttpg_featured_image_url":{"full":["https:\/\/boklima.de\/wp-content\/uploads\/2023\/04\/image-6.png",310,170,false],"landscape":["https:\/\/boklima.de\/wp-content\/uploads\/2023\/04\/image-6.png",310,170,false],"portraits":["https:\/\/boklima.de\/wp-content\/uploads\/2023\/04\/image-6.png",310,170,false],"thumbnail":["https:\/\/boklima.de\/wp-content\/uploads\/2023\/04\/image-6-150x150.png",150,150,true],"medium":["https:\/\/boklima.de\/wp-content\/uploads\/2023\/04\/image-6-300x165.png",300,165,true],"large":["https:\/\/boklima.de\/wp-content\/uploads\/2023\/04\/image-6.png",310,170,false],"1536x1536":["https:\/\/boklima.de\/wp-content\/uploads\/2023\/04\/image-6.png",310,170,false],"2048x2048":["https:\/\/boklima.de\/wp-content\/uploads\/2023\/04\/image-6.png",310,170,false],"post-thumbnail":["https:\/\/boklima.de\/wp-content\/uploads\/2023\/04\/image-6.png",310,170,false]},"rttpg_author":{"display_name":"thomas - als admin","author_link":"https:\/\/boklima.de\/?author=2"},"rttpg_comment":0,"rttpg_category":"<a href=\"https:\/\/boklima.de\/?cat=155\" rel=\"category\">relevant-BoKlima<\/a> <a href=\"https:\/\/boklima.de\/?cat=104\" rel=\"category\">\u00f6ffentlich (f\u00fcr alle lesbar)<\/a> <a href=\"https:\/\/boklima.de\/?cat=148\" rel=\"category\">Offener Brief 'WohnraumManagment'<\/a>","rttpg_excerpt":"15. Klimanotstandsbrief des Bochumer Klimaschutzb\u00fcndnisses \u201eBochum bl\u00fcht und summt\u201c, tut es das wirklich? 15. Klimanotstandsbrief des Bochumer Klimaschutzb\u00fcndnisses An den Bochumer Stadtbaurat,zugleich Dezernent f\u00fcr Bauen, Umwelt, Mobilit\u00e4t und Nachhaltigkeit \u201eBochum bl\u00fcht und summt\u201c,tut es das wirklich? Sehr geehrter Herr Dr. Bradtke, wir meinen, dass das bislang leider nicht der Fall ist. Es bl\u00fcht und summt&hellip;","_links":{"self":[{"href":"https:\/\/boklima.de\/index.php?rest_route=\/wp\/v2\/posts\/13092","targetHints":{"allow":["GET"]}}],"collection":[{"href":"https:\/\/boklima.de\/index.php?rest_route=\/wp\/v2\/posts"}],"about":[{"href":"https:\/\/boklima.de\/index.php?rest_route=\/wp\/v2\/types\/post"}],"author":[{"embeddable":true,"href":"https:\/\/boklima.de\/index.php?rest_route=\/wp\/v2\/users\/2"}],"replies":[{"embeddable":true,"href":"https:\/\/boklima.de\/index.php?rest_route=%2Fwp%2Fv2%2Fcomments&post=13092"}],"version-history":[{"count":3,"href":"https:\/\/boklima.de\/index.php?rest_route=\/wp\/v2\/posts\/13092\/revisions"}],"predecessor-version":[{"id":13946,"href":"https:\/\/boklima.de\/index.php?rest_route=\/wp\/v2\/posts\/13092\/revisions\/13946"}],"wp:featuredmedia":[{"embeddable":true,"href":"https:\/\/boklima.de\/index.php?rest_route=\/wp\/v2\/media\/13095"}],"wp:attachment":[{"href":"https:\/\/boklima.de\/index.php?rest_route=%2Fwp%2Fv2%2Fmedia&parent=13092"}],"wp:term":[{"taxonomy":"category","embeddable":true,"href":"https:\/\/boklima.de\/index.php?rest_route=%2Fwp%2Fv2%2Fcategories&post=13092"},{"taxonomy":"post_tag","embeddable":true,"href":"https:\/\/boklima.de\/index.php?rest_route=%2Fwp%2Fv2%2Ftags&post=13092"}],"curies":[{"name":"wp","href":"https:\/\/api.w.org\/{rel}","templated":true}]}}