{"id":12929,"date":"2023-02-21T11:44:08","date_gmt":"2023-02-21T10:44:08","guid":{"rendered":"https:\/\/boklima.de\/?p=12929"},"modified":"2023-02-21T11:45:50","modified_gmt":"2023-02-21T10:45:50","slug":"zusammenhang-von-klimawandel-migration-und-sozialpolitik","status":"publish","type":"post","link":"https:\/\/boklima.de\/?p=12929","title":{"rendered":"Zusammenhang von Klimawandel, Migration und Sozialpolitik"},"content":{"rendered":"\n<p>Studie von DIFIS , Forschungsstand und Forschungsbedarfe 2022 \/ 3<\/p>\n\n\n\n<h3 class=\"wp-block-heading\"><span class=\"ez-toc-section\" id=\"Forschungsstand_und_Forschungsbedarfe_zum_Zusammenhang_von_Klimawandel_Migration_und_Sozialpolitik\"><\/span>Forschungsstand und Forschungsbedarfe zum Zusammenhang von Klimawandel, Migration und Sozialpolitik<span class=\"ez-toc-section-end\"><\/span><\/h3>\n\n\n\n<ul class=\"wp-block-list\">\n<li>Das Thema \u201aKlimawandel und Migration\u2018 wird in Deutschland bislang vornehmlich als ein Problem des globalen S\u00fcdens diskutiert. Immer wieder kommt es in Publikationen als Drohkulisse vor, in den Medien wird simplifiziert berichtet. \u00dcberlegungen dazu, welche Konsequenzen das Zusammenspiel von Klimawandel und Migrationen hinsichtlich der Ausgestaltung von Sozialpolitiken in Deutschland hat oder haben k\u00f6nnte, stehen am Anfang.<\/li>\n\n\n\n<li>Die DIFIS-Studie systematisiert das vorliegende, internationale Wissen zum Themenfeld \u201aKlimawandel und Migration\u2018 und setzt es in Bezug zur Sozialpolitik. Die Studie arbeitet die Ambivalenzen der aktuellen Debatte heraus und gibt Hinweise auf Forschungsl\u00fc- cken und -bedarfe.<\/li>\n\n\n\n<li>Res\u00fcmiert wird, dass es gezielter interdisziplin\u00e4rer Forschung  bedarf, wie national organisierte Sozialpolitiken auf mehr Migration und andere Mobilit\u00e4tsformen im Kontext des Klimawandels reagieren k\u00f6nnen. Nur so wird sozialpolitisches Weiterdenken auch im bundesdeutschen Kontext bef\u00f6rdert werden k\u00f6nnen.<\/li>\n<\/ul>\n\n\n\n<p><\/p>\n\n\n\n<h3 class=\"wp-block-heading\"><span class=\"ez-toc-section\" id=\"ABSTRACT\"><\/span>ABSTRACT<span class=\"ez-toc-section-end\"><\/span><\/h3>\n\n\n\n<p>Begreift man sozialpolitische Strukturen als kritische Infrastrukturen, dann tr\u00e4gt deren Funktionieren bei Umweltkrisen wesentlich zur Resili-enz von Gesellschaften bei. Im Zuge dieser Debatten wird sich ver-mehrt auch die Frage stellen, wie mit bestehenden Mobilit\u00e4tsanspr\u00fc-chen umzugehen ist \u2013 bislang ist dies kein Feld der Sozialpolitikfor- schung. Die vorliegende Expertise strukturiert die komplexe Dynamik des Wissensdreiecks \u201aKlimawandel \u2013 Migration \u2013 Sozialpolitik\u2018 und ar- beitet die Ambivalenzen der Debatte heraus. Dargestellt werden die Er- gebnisse einer Sichtung der relevanten internationalen und deutschen Fachliteratur, der deutschen Sozialgesetzb\u00fccher sowie mehrerer Ex- pert*inneninterviews. Das Praxisbeispiel der \u00dcberflutung des Ahrtals im Juli 2021 verdeutlicht den Stand der innerdeutschen politischen Diskus-sion \u00fcber die sozialpolitischen Implikationen von Migration und Klima- wandel. Insgesamt zeigt sich: Es besteht eine Wahrnehmungsl\u00fccke, eine Definitionsl\u00fccke und es fehlt an einem normativen Kompass, wie mit den globalen Dynamiken umgegangen werden kann. Schlie\u00dflich mangelt es an interdisziplin\u00e4rer Forschung, die sich mit dem Wechsel- spiel von zunehmender Migration und zunehmendem Klimawandel auf die weiterhin national strukturierten Sozialpolitiken befasst.<\/p>\n\n\n\n<p>Link zur Studie : <a href=\"https:\/\/boklima.de\/wp-content\/uploads\/2023\/02\/230217-studieklimawandelmigrationsozialpolitik-difis.pdf\" target=\"_blank\" rel=\"noreferrer noopener\">hier<\/a><\/p>\n\n\n\n<hr class=\"wp-block-separator has-alpha-channel-opacity\"\/>\n\n\n\n<p>(Tip von Vera)<\/p>\n<div id=\"ez-toc-container\" class=\"ez-toc-v2_0_82_2 counter-hierarchy ez-toc-counter ez-toc-transparent ez-toc-container-direction\">\n<div class=\"ez-toc-title-container\">\n<p class=\"ez-toc-title\" style=\"cursor:inherit\">Inhalte dieser Seite :<\/p>\n<span class=\"ez-toc-title-toggle\"><a href=\"#\" class=\"ez-toc-pull-right ez-toc-btn ez-toc-btn-xs ez-toc-btn-default ez-toc-toggle\" aria-label=\"Toggle Table of Content\"><span class=\"ez-toc-js-icon-con\"><span class=\"\"><span class=\"eztoc-hide\" style=\"display:none;\">Toggle<\/span><span class=\"ez-toc-icon-toggle-span\"><svg style=\"fill: #999;color:#999\" xmlns=\"http:\/\/www.w3.org\/2000\/svg\" class=\"list-377408\" width=\"20px\" height=\"20px\" viewBox=\"0 0 24 24\" fill=\"none\"><path d=\"M6 6H4v2h2V6zm14 0H8v2h12V6zM4 11h2v2H4v-2zm16 0H8v2h12v-2zM4 16h2v2H4v-2zm16 0H8v2h12v-2z\" fill=\"currentColor\"><\/path><\/svg><svg style=\"fill: #999;color:#999\" class=\"arrow-unsorted-368013\" xmlns=\"http:\/\/www.w3.org\/2000\/svg\" width=\"10px\" height=\"10px\" viewBox=\"0 0 24 24\" version=\"1.2\" baseProfile=\"tiny\"><path d=\"M18.2 9.3l-6.2-6.3-6.2 6.3c-.2.2-.3.4-.3.7s.1.5.3.7c.2.2.4.3.7.3h11c.3 0 .5-.1.7-.3.2-.2.3-.5.3-.7s-.1-.5-.3-.7zM5.8 14.7l6.2 6.3 6.2-6.3c.2-.2.3-.5.3-.7s-.1-.5-.3-.7c-.2-.2-.4-.3-.7-.3h-11c-.3 0-.5.1-.7.3-.2.2-.3.5-.3.7s.1.5.3.7z\"\/><\/svg><\/span><\/span><\/span><\/a><\/span><\/div>\n<nav><ul class='ez-toc-list ez-toc-list-level-1 eztoc-toggle-hide-by-default' ><li class='ez-toc-page-1 ez-toc-heading-level-3'><a class=\"ez-toc-link ez-toc-heading-1\" href=\"https:\/\/boklima.de\/?p=12929\/#Forschungsstand_und_Forschungsbedarfe_zum_Zusammenhang_von_Klimawandel_Migration_und_Sozialpolitik\" >Forschungsstand und Forschungsbedarfe zum Zusammenhang von Klimawandel, Migration und Sozialpolitik<\/a><\/li><li class='ez-toc-page-1 ez-toc-heading-level-3'><a class=\"ez-toc-link ez-toc-heading-2\" href=\"https:\/\/boklima.de\/?p=12929\/#ABSTRACT\" >ABSTRACT<\/a><\/li><\/ul><\/nav><\/div>\n","protected":false},"excerpt":{"rendered":"<p>Studie von DIFIS , Forschungsstand und Forschungsbedarfe 2022 \/ 3 Forschungsstand und Forschungsbedarfe zum Zusammenhang von Klimawandel, Migration und Sozialpolitik ABSTRACT Begreift man sozialpolitische Strukturen als kritische Infrastrukturen, dann tr\u00e4gt deren Funktionieren bei Umweltkrisen wesentlich zur Resili-enz von Gesellschaften bei. Im Zuge dieser Debatten wird sich ver-mehrt auch die Frage stellen, wie mit bestehenden Mobilit\u00e4tsanspr\u00fc-chen &hellip; <a href=\"https:\/\/boklima.de\/?p=12929\" class=\"more-link\"><span class=\"screen-reader-text\">\u201eZusammenhang von Klimawandel, Migration und Sozialpolitik\u201c <\/span>weiterlesen<\/a><\/p>\n","protected":false},"author":2,"featured_media":0,"comment_status":"closed","ping_status":"closed","sticky":false,"template":"","format":"standard","meta":{"ngg_post_thumbnail":0,"footnotes":"","_share_on_mastodon":"1"},"categories":[155,157,104],"tags":[],"class_list":["post-12929","post","type-post","status-publish","format-standard","hentry","category-relevant-boklima","category-relevant-klimanews","category-oeffentlich-fuer-alle-site-besucher-lesbar"],"share_on_mastodon":{"url":"https:\/\/ruhr.social\/@BoKlima\/109902315457942465","error":""},"rttpg_featured_image_url":null,"rttpg_author":{"display_name":"thomas - als admin","author_link":"https:\/\/boklima.de\/?author=2"},"rttpg_comment":0,"rttpg_category":"<a href=\"https:\/\/boklima.de\/?cat=155\" rel=\"category\">relevant-BoKlima<\/a> <a href=\"https:\/\/boklima.de\/?cat=157\" rel=\"category\">relevant-KlimaNews<\/a> <a href=\"https:\/\/boklima.de\/?cat=104\" rel=\"category\">\u00f6ffentlich (f\u00fcr alle lesbar)<\/a>","rttpg_excerpt":"Studie von DIFIS , Forschungsstand und Forschungsbedarfe 2022 \/ 3 Forschungsstand und Forschungsbedarfe zum Zusammenhang von Klimawandel, Migration und Sozialpolitik ABSTRACT Begreift man sozialpolitische Strukturen als kritische Infrastrukturen, dann tr\u00e4gt deren Funktionieren bei Umweltkrisen wesentlich zur Resili-enz von Gesellschaften bei. Im Zuge dieser Debatten wird sich ver-mehrt auch die Frage stellen, wie mit bestehenden Mobilit\u00e4tsanspr\u00fc-chen&hellip;","_links":{"self":[{"href":"https:\/\/boklima.de\/index.php?rest_route=\/wp\/v2\/posts\/12929","targetHints":{"allow":["GET"]}}],"collection":[{"href":"https:\/\/boklima.de\/index.php?rest_route=\/wp\/v2\/posts"}],"about":[{"href":"https:\/\/boklima.de\/index.php?rest_route=\/wp\/v2\/types\/post"}],"author":[{"embeddable":true,"href":"https:\/\/boklima.de\/index.php?rest_route=\/wp\/v2\/users\/2"}],"replies":[{"embeddable":true,"href":"https:\/\/boklima.de\/index.php?rest_route=%2Fwp%2Fv2%2Fcomments&post=12929"}],"version-history":[{"count":3,"href":"https:\/\/boklima.de\/index.php?rest_route=\/wp\/v2\/posts\/12929\/revisions"}],"predecessor-version":[{"id":12932,"href":"https:\/\/boklima.de\/index.php?rest_route=\/wp\/v2\/posts\/12929\/revisions\/12932"}],"wp:attachment":[{"href":"https:\/\/boklima.de\/index.php?rest_route=%2Fwp%2Fv2%2Fmedia&parent=12929"}],"wp:term":[{"taxonomy":"category","embeddable":true,"href":"https:\/\/boklima.de\/index.php?rest_route=%2Fwp%2Fv2%2Fcategories&post=12929"},{"taxonomy":"post_tag","embeddable":true,"href":"https:\/\/boklima.de\/index.php?rest_route=%2Fwp%2Fv2%2Ftags&post=12929"}],"curies":[{"name":"wp","href":"https:\/\/api.w.org\/{rel}","templated":true}]}}