{"id":12905,"date":"2023-01-06T20:37:51","date_gmt":"2023-01-06T19:37:51","guid":{"rendered":"https:\/\/boklima.de\/?p=12905"},"modified":"2023-01-06T20:43:58","modified_gmt":"2023-01-06T19:43:58","slug":"dramatischer-wetterwandel-bald-ein-halbes-jahr-sommer","status":"publish","type":"post","link":"https:\/\/boklima.de\/?p=12905","title":{"rendered":"Dramatischer Wetterwandel: &#8220;Bald ein halbes Jahr Sommer&#8221;"},"content":{"rendered":"\n<p>(03.01.23, t-online.de) , Original : <a href=\"https:\/\/www.t-online.de\/nachhaltigkeit\/klima-und-umwelt\/id_100105602\/dramatischer-wetterwandel-das-gab-es-wirklich-noch-nie-.html\" target=\"_blank\" rel=\"noreferrer noopener\">hier<\/a><\/p>\n\n\n\n<h3 class=\"wp-block-heading\"><span class=\"ez-toc-section\" id=\"Duestere_Aussichten_fuer_Jahreszeiten_%E2%80%9CDas_gab_es_wirklich_noch_nie%E2%80%9D\"><\/span>D\u00fcstere Aussichten f\u00fcr Jahreszeiten &#8220;Das gab es wirklich noch nie&#8221;<span class=\"ez-toc-section-end\"><\/span><\/h3>\n\n\n\n<p>Hei\u00dfe und lange Sommer, milde Winter: Die Jahreszeiten in Deutschland werden sich laut einer Expertin im Video radikal wandeln. Das merkt man schon jetzt.<\/p>\n\n\n\n<p>Die warmen Tage rund um den Jahreswechsel f\u00fchlten sich f\u00fcr viele zwar angenehm an, doch die damit einhergehende Wende ist fatal: Die Jahreszeiten in <a href=\"https:\/\/www.t-online.de\/themen\/deutschland\/\" target=\"_blank\" rel=\"noreferrer noopener\">Deutschland<\/a> ver\u00e4ndern sich.<\/p>\n\n\n\n<p>Forscher fanden heraus, dass f\u00fcr uns schon in wenigen Jahren ein v\u00f6llig anderes Zusammenspiel von Winter, Fr\u00fchling, Sommer und Herbst gelten k\u00f6nnte \u2013 und das h\u00e4tte massive Konsequenzen f\u00fcr die zeitlichen Abl\u00e4ufe der Jahreszeiten, f\u00fcr die Natur \u2013 und unsere <a href=\"https:\/\/www.t-online.de\/gesundheit\/\" target=\"_blank\" rel=\"noreferrer noopener\">Gesundheit<\/a>.<\/p>\n\n\n\n<p><em>Wie die Jahreszeiten zuk\u00fcnftig aussehen k\u00f6nnten und vor welchen Folgen die Expertin warnt, erfahren Sie im Video <a href=\"https:\/\/www.t-online.de\/tv\/klima-und-nachhaltigkeit\/id_100105630\/bald-koennten-wir-ein-halbes-jahr-sommer-haben.html\" target=\"_blank\" rel=\"noreferrer noopener\">hier<\/a> oder oben.<\/em><\/p>\n\n\n\n<h3 class=\"wp-block-heading\"><span class=\"ez-toc-section\" id=\"Das_ist_Koschaks_Klima-Kosmos\"><\/span>Das ist Koschaks Klima-Kosmos<span class=\"ez-toc-section-end\"><\/span><\/h3>\n\n\n\n<p>Venedigs Kan\u00e4le trocknen aus, Sandst\u00fcrme nehmen Menschen die Luft zum Atmen, in Touristengebieten tauchen blutrote Seen auf, die Hitze nimmt zu und beherrscht uns. Ist das noklimas\u00fcnderch Wetter oder schon Klima? Welche Ph\u00e4nomene stecken dahinter? M\u00fcssen wir uns jedes Mal Sorgen machen \u2013 und was kann der Mensch tun? t-online-Kolumnistin Michaela Koschak nimmt aktuelle Nachrichten und Bilder sowie generelle Ph\u00e4nomene zum Anlass, um zu erkl\u00e4ren, was hinter ihnen steckt \u2013 in <strong>&#8220;Koschaks Klima-Kosmos&#8221;<\/strong>.<\/p>\n\n\n\n<p>Michaela Koschak hat an der FU <a href=\"https:\/\/www.t-online.de\/region\/berlin\/\" target=\"_blank\" rel=\"noreferrer noopener\">Berlin<\/a> Meteorologie studiert und ist vielen Menschen aus dem Fernsehen bekannt. Die 45-J\u00e4hrige hat unter anderem f\u00fcr <a href=\"https:\/\/www.t-online.de\/themen\/sat-1\/\" target=\"_blank\" rel=\"noreferrer noopener\">Sat.1<\/a>, MDR und NDR das Wetter pr\u00e4sentiert. Au\u00dferdem ist sie Buchautorin.<\/p>\n\n\n\n<ul class=\"wp-block-list\">\n<li>Die Gefahr einer &#8220;Bombenzyklone&#8221;: &#8220;Das Wetter ist wirklich explosiv&#8221;<\/li>\n\n\n\n<li>Toxischer Regen entdeckt: Gefahr durch Mikroplastik<\/li>\n\n\n\n<li>Weltweite Bedrohung: Animation zeigt die gr\u00f6\u00dften Klimas\u00fcnder bei Treibhausgasen<\/li>\n<\/ul>\n\n\n\n<p>Seit 2019 arbeitet Michaela Koschak auch als Wetterkolumnistin f\u00fcr t-online, kommentiert und erkl\u00e4rt bei uns regelm\u00e4\u00dfig Wetterph\u00e4nomene. Zudem blickt sie zweimal pro Woche im Video auf die aktuellen Wetterentwicklungen in Deutschland.<\/p>\n\n\n\n<hr class=\"wp-block-separator has-alpha-channel-opacity\"\/>\n\n\n\n<hr class=\"wp-block-separator has-alpha-channel-opacity\"\/>\n\n\n\n<h1 class=\"wp-block-heading\"><span class=\"ez-toc-section\" id=\"Zum_Klimawandel_bei_DWD_hier\"><\/span>Zum Klimawandel bei DWD : <a href=\"https:\/\/www.dwd.de\/DE\/klimaumwelt\/klimawandel\/ueberblick\/ueberblick_node.html\" target=\"_blank\" rel=\"noreferrer noopener\">hier<\/a><span class=\"ez-toc-section-end\"><\/span><\/h1>\n\n\n\n<p>(Mit vielen hilfreichen Grafiken)<\/p>\n\n\n\n<h2 class=\"wp-block-heading\"><span class=\"ez-toc-section\" id=\"Klimawandel_%E2%80%93_ein_Ueberblick\"><\/span>Klimawandel \u2013 ein \u00dcberblick<span class=\"ez-toc-section-end\"><\/span><\/h2>\n\n\n\n<p>Klima\u00e4nderungen k\u00f6nnen auf nat\u00fcrliche sowie auf menschliche Einfl\u00fcsse zur\u00fcckgef\u00fchrt werden. Seit Mitte des 20. Jahrhunderts haben sich die oberfl\u00e4chennahen Luftschichten der Kontinente und Ozeane der Erde deutlich erw\u00e4rmt. Der Klimawandel zeigt sich in den letzten Jahrzehnten unter anderem in der Zunahme von hei\u00dfen Temperaturextremen, dem stetigen Anstieg des Meeresspiegels und der mancherorts ver\u00e4nderten H\u00e4ufigkeit von extremen Niederschl\u00e4gen. Anthropogene Aktivit\u00e4ten sind hierf\u00fcr die Hauptursache.<\/p>\n\n\n\n<h2 class=\"wp-block-heading\"><span class=\"ez-toc-section\" id=\"Inhaltsverzeichnis\"><\/span>Inhaltsverzeichnis<span class=\"ez-toc-section-end\"><\/span><\/h2>\n\n\n\n<ul class=\"wp-block-list\">\n<li><a href=\"https:\/\/www.dwd.de\/DE\/klimaumwelt\/klimawandel\/ueberblick\/ueberblick_node.html;jsessionid=BE35ED98B6A2672E5346D0268FBADC8A.live11044#doc344940bodyText1\" target=\"_blank\" rel=\"noreferrer noopener\">Exkurs: Das Klimasystem und seine Variabilit\u00e4t<\/a><\/li>\n\n\n\n<li><a href=\"https:\/\/www.dwd.de\/DE\/klimaumwelt\/klimawandel\/ueberblick\/ueberblick_node.html;jsessionid=BE35ED98B6A2672E5346D0268FBADC8A.live11044#doc344940bodyText2\" target=\"_blank\" rel=\"noreferrer noopener\">Der IPCC-Sachstandsbericht<\/a><\/li>\n\n\n\n<li><a href=\"https:\/\/www.dwd.de\/DE\/klimaumwelt\/klimawandel\/ueberblick\/ueberblick_node.html;jsessionid=BE35ED98B6A2672E5346D0268FBADC8A.live11044#doc344940bodyText3\" target=\"_blank\" rel=\"noreferrer noopener\">Die Klimaentwicklung in Deutschland<\/a>\n<ul class=\"wp-block-list\">\n<li><a href=\"https:\/\/www.dwd.de\/DE\/klimaumwelt\/klimawandel\/ueberblick\/ueberblick_node.html;jsessionid=BE35ED98B6A2672E5346D0268FBADC8A.live11044#doc344940bodyText4\" target=\"_blank\" rel=\"noreferrer noopener\">Temperatur<\/a><\/li>\n\n\n\n<li><a href=\"https:\/\/www.dwd.de\/DE\/klimaumwelt\/klimawandel\/ueberblick\/ueberblick_node.html;jsessionid=BE35ED98B6A2672E5346D0268FBADC8A.live11044#doc344940bodyText5\" target=\"_blank\" rel=\"noreferrer noopener\">Niederschlag<\/a><\/li>\n<\/ul>\n<\/li>\n\n\n\n<li><a href=\"https:\/\/www.dwd.de\/DE\/klimaumwelt\/klimawandel\/ueberblick\/ueberblick_node.html;jsessionid=BE35ED98B6A2672E5346D0268FBADC8A.live11044#doc344940bodyText6\" target=\"_blank\" rel=\"noreferrer noopener\">Der Blick in die Zukunft erfordert Szenarien m\u00f6glicher Entwicklungen<\/a>\n<ul class=\"wp-block-list\">\n<li><a href=\"https:\/\/www.dwd.de\/DE\/klimaumwelt\/klimawandel\/ueberblick\/ueberblick_node.html;jsessionid=BE35ED98B6A2672E5346D0268FBADC8A.live11044#doc344940bodyText7\">Klimaszenarien im F\u00fcnften Sachstandsbericht<\/a><\/li>\n\n\n\n<li><a href=\"https:\/\/www.dwd.de\/DE\/klimaumwelt\/klimawandel\/ueberblick\/ueberblick_node.html;jsessionid=BE35ED98B6A2672E5346D0268FBADC8A.live11044#doc344940bodyText8\" target=\"_blank\" rel=\"noreferrer noopener\">Klimaszenarien im Sechsten Sachstandsbericht<\/a><\/li>\n\n\n\n<li><a href=\"https:\/\/www.dwd.de\/DE\/klimaumwelt\/klimawandel\/ueberblick\/ueberblick_node.html;jsessionid=BE35ED98B6A2672E5346D0268FBADC8A.live11044#doc344940bodyText9\">Auswirkungen der Treibhausgase<\/a><\/li>\n<\/ul>\n<\/li>\n\n\n\n<li><a href=\"https:\/\/www.dwd.de\/DE\/klimaumwelt\/klimawandel\/ueberblick\/ueberblick_node.html;jsessionid=BE35ED98B6A2672E5346D0268FBADC8A.live11044#doc344940bodyText10\" target=\"_blank\" rel=\"noreferrer noopener\">Klimaprojektionen f\u00fcr Deutschland<\/a>\n<ul class=\"wp-block-list\">\n<li><a href=\"https:\/\/www.dwd.de\/DE\/klimaumwelt\/klimawandel\/ueberblick\/ueberblick_node.html;jsessionid=BE35ED98B6A2672E5346D0268FBADC8A.live11044#doc344940bodyText11\" target=\"_blank\" rel=\"noreferrer noopener\">Ergebnisse der Klimaprojektionen<\/a><\/li>\n<\/ul>\n<\/li>\n<\/ul>\n\n\n\n<p>Mehr : <a href=\"https:\/\/www.dwd.de\/DE\/klimaumwelt\/klimawandel\/ueberblick\/ueberblick_node.html\" target=\"_blank\" rel=\"noreferrer noopener\">hier<\/a> <\/p>\n<div id=\"ez-toc-container\" class=\"ez-toc-v2_0_82_2 counter-hierarchy ez-toc-counter ez-toc-transparent ez-toc-container-direction\">\n<div class=\"ez-toc-title-container\">\n<p class=\"ez-toc-title\" style=\"cursor:inherit\">Inhalte dieser Seite :<\/p>\n<span class=\"ez-toc-title-toggle\"><a href=\"#\" class=\"ez-toc-pull-right ez-toc-btn ez-toc-btn-xs ez-toc-btn-default ez-toc-toggle\" aria-label=\"Toggle Table of Content\"><span class=\"ez-toc-js-icon-con\"><span class=\"\"><span class=\"eztoc-hide\" style=\"display:none;\">Toggle<\/span><span class=\"ez-toc-icon-toggle-span\"><svg style=\"fill: #999;color:#999\" xmlns=\"http:\/\/www.w3.org\/2000\/svg\" class=\"list-377408\" width=\"20px\" height=\"20px\" viewBox=\"0 0 24 24\" fill=\"none\"><path d=\"M6 6H4v2h2V6zm14 0H8v2h12V6zM4 11h2v2H4v-2zm16 0H8v2h12v-2zM4 16h2v2H4v-2zm16 0H8v2h12v-2z\" fill=\"currentColor\"><\/path><\/svg><svg style=\"fill: #999;color:#999\" class=\"arrow-unsorted-368013\" xmlns=\"http:\/\/www.w3.org\/2000\/svg\" width=\"10px\" height=\"10px\" viewBox=\"0 0 24 24\" version=\"1.2\" baseProfile=\"tiny\"><path d=\"M18.2 9.3l-6.2-6.3-6.2 6.3c-.2.2-.3.4-.3.7s.1.5.3.7c.2.2.4.3.7.3h11c.3 0 .5-.1.7-.3.2-.2.3-.5.3-.7s-.1-.5-.3-.7zM5.8 14.7l6.2 6.3 6.2-6.3c.2-.2.3-.5.3-.7s-.1-.5-.3-.7c-.2-.2-.4-.3-.7-.3h-11c-.3 0-.5.1-.7.3-.2.2-.3.5-.3.7s.1.5.3.7z\"\/><\/svg><\/span><\/span><\/span><\/a><\/span><\/div>\n<nav><ul class='ez-toc-list ez-toc-list-level-1 eztoc-toggle-hide-by-default' ><ul class='ez-toc-list-level-3' ><li class='ez-toc-heading-level-3'><ul class='ez-toc-list-level-3' ><li class='ez-toc-heading-level-3'><a class=\"ez-toc-link ez-toc-heading-1\" href=\"https:\/\/boklima.de\/?p=12905\/#Duestere_Aussichten_fuer_Jahreszeiten_%E2%80%9CDas_gab_es_wirklich_noch_nie%E2%80%9D\" >D\u00fcstere Aussichten f\u00fcr Jahreszeiten &#8220;Das gab es wirklich noch nie&#8221;<\/a><\/li><li class='ez-toc-page-1 ez-toc-heading-level-3'><a class=\"ez-toc-link ez-toc-heading-2\" href=\"https:\/\/boklima.de\/?p=12905\/#Das_ist_Koschaks_Klima-Kosmos\" >Das ist Koschaks Klima-Kosmos<\/a><\/li><\/ul><\/li><\/ul><\/li><li class='ez-toc-page-1 ez-toc-heading-level-1'><a class=\"ez-toc-link ez-toc-heading-3\" href=\"https:\/\/boklima.de\/?p=12905\/#Zum_Klimawandel_bei_DWD_hier\" >Zum Klimawandel bei DWD : hier<\/a><ul class='ez-toc-list-level-2' ><li class='ez-toc-heading-level-2'><a class=\"ez-toc-link ez-toc-heading-4\" href=\"https:\/\/boklima.de\/?p=12905\/#Klimawandel_%E2%80%93_ein_Ueberblick\" >Klimawandel \u2013 ein \u00dcberblick<\/a><\/li><li class='ez-toc-page-1 ez-toc-heading-level-2'><a class=\"ez-toc-link ez-toc-heading-5\" href=\"https:\/\/boklima.de\/?p=12905\/#Inhaltsverzeichnis\" >Inhaltsverzeichnis<\/a><\/li><\/ul><\/li><\/ul><\/nav><\/div>\n","protected":false},"excerpt":{"rendered":"<p>(03.01.23, t-online.de) , Original : hier D\u00fcstere Aussichten f\u00fcr Jahreszeiten &#8220;Das gab es wirklich noch nie&#8221; Hei\u00dfe und lange Sommer, milde Winter: Die Jahreszeiten in Deutschland werden sich laut einer Expertin im Video radikal wandeln. Das merkt man schon jetzt. Die warmen Tage rund um den Jahreswechsel f\u00fchlten sich f\u00fcr viele zwar angenehm an, doch &hellip; <a href=\"https:\/\/boklima.de\/?p=12905\" class=\"more-link\"><span class=\"screen-reader-text\">\u201eDramatischer Wetterwandel: &#8220;Bald ein halbes Jahr Sommer&#8221;\u201c <\/span>weiterlesen<\/a><\/p>\n","protected":false},"author":2,"featured_media":0,"comment_status":"closed","ping_status":"closed","sticky":false,"template":"","format":"standard","meta":{"ngg_post_thumbnail":0,"footnotes":"","_share_on_mastodon":"0"},"categories":[157,130,104,127,129,115,125],"tags":[222,218,219,220,221],"class_list":["post-12905","post","type-post","status-publish","format-standard","hentry","category-relevant-klimanews","category-co2-einsparen","category-oeffentlich-fuer-alle-site-besucher-lesbar","category-temperaturanstieg","category-co2","category-allg-themen","category-klima-schutz-themen","tag-klimasuender","tag-klimawandel","tag-wetterwandel","tag-klimakosmus","tag-jahreszeiten"],"share_on_mastodon":{"url":"https:\/\/ruhr.social\/@BoKlima\/109643947853897551","error":""},"rttpg_featured_image_url":null,"rttpg_author":{"display_name":"thomas - als admin","author_link":"https:\/\/boklima.de\/?author=2"},"rttpg_comment":0,"rttpg_category":"<a href=\"https:\/\/boklima.de\/?cat=157\" rel=\"category\">relevant-KlimaNews<\/a> <a href=\"https:\/\/boklima.de\/?cat=130\" rel=\"category\">CO2-einsparen<\/a> <a href=\"https:\/\/boklima.de\/?cat=104\" rel=\"category\">\u00f6ffentlich (f\u00fcr alle lesbar)<\/a> <a href=\"https:\/\/boklima.de\/?cat=127\" rel=\"category\">Temperaturanstieg<\/a> <a href=\"https:\/\/boklima.de\/?cat=129\" rel=\"category\">CO2<\/a> <a href=\"https:\/\/boklima.de\/?cat=115\" rel=\"category\">Allg Themen<\/a> <a href=\"https:\/\/boklima.de\/?cat=125\" rel=\"category\">Klima-Schutz-Themen<\/a>","rttpg_excerpt":"(03.01.23, t-online.de) , Original : hier D\u00fcstere Aussichten f\u00fcr Jahreszeiten &#8220;Das gab es wirklich noch nie&#8221; Hei\u00dfe und lange Sommer, milde Winter: Die Jahreszeiten in Deutschland werden sich laut einer Expertin im Video radikal wandeln. Das merkt man schon jetzt. Die warmen Tage rund um den Jahreswechsel f\u00fchlten sich f\u00fcr viele zwar angenehm an, doch&hellip;","_links":{"self":[{"href":"https:\/\/boklima.de\/index.php?rest_route=\/wp\/v2\/posts\/12905","targetHints":{"allow":["GET"]}}],"collection":[{"href":"https:\/\/boklima.de\/index.php?rest_route=\/wp\/v2\/posts"}],"about":[{"href":"https:\/\/boklima.de\/index.php?rest_route=\/wp\/v2\/types\/post"}],"author":[{"embeddable":true,"href":"https:\/\/boklima.de\/index.php?rest_route=\/wp\/v2\/users\/2"}],"replies":[{"embeddable":true,"href":"https:\/\/boklima.de\/index.php?rest_route=%2Fwp%2Fv2%2Fcomments&post=12905"}],"version-history":[{"count":3,"href":"https:\/\/boklima.de\/index.php?rest_route=\/wp\/v2\/posts\/12905\/revisions"}],"predecessor-version":[{"id":12909,"href":"https:\/\/boklima.de\/index.php?rest_route=\/wp\/v2\/posts\/12905\/revisions\/12909"}],"wp:attachment":[{"href":"https:\/\/boklima.de\/index.php?rest_route=%2Fwp%2Fv2%2Fmedia&parent=12905"}],"wp:term":[{"taxonomy":"category","embeddable":true,"href":"https:\/\/boklima.de\/index.php?rest_route=%2Fwp%2Fv2%2Fcategories&post=12905"},{"taxonomy":"post_tag","embeddable":true,"href":"https:\/\/boklima.de\/index.php?rest_route=%2Fwp%2Fv2%2Ftags&post=12905"}],"curies":[{"name":"wp","href":"https:\/\/api.w.org\/{rel}","templated":true}]}}