{"id":12863,"date":"2023-01-04T12:43:52","date_gmt":"2023-01-04T11:43:52","guid":{"rendered":"https:\/\/boklima.de\/?p=12863"},"modified":"2023-01-06T11:05:55","modified_gmt":"2023-01-06T10:05:55","slug":"reaktionen-zur-boklima-anregung-eines-rats-buergerentscheides","status":"publish","type":"post","link":"https:\/\/boklima.de\/?p=12863","title":{"rendered":"Reaktionen zur BoKlima-Anregung eines Rats-B\u00fcrgerentscheides zum B\u00f6llerverbot &#8212; Interview von RadioBochum"},"content":{"rendered":"\n<p>  <\/p>\n\n\n\n<hr class=\"wp-block-separator has-alpha-channel-opacity\"\/>\n\n\n\n<h2 class=\"wp-block-heading\"><span class=\"ez-toc-section\" id=\"Radio_Bochum\"><\/span>Radio Bochum<span class=\"ez-toc-section-end\"><\/span><\/h2>\n\n\n\n<p>Radio Bochum hat sich der anregung in einem l\u00e4ngeren Artikel angenommen : <\/p>\n\n\n\n<ul class=\"wp-block-list\">\n<li>(03.01.23, radiobochum.de) , <a rel=\"noreferrer noopener\" href=\"https:\/\/www.radiobochum.de\/artikel\/diskussionen-um-boeller-in-bochum-1529422.html\" target=\"_blank\">Diskussionen um B\u00f6ller in Bochum<\/a> <br>Insbes. sind dort Reaktionen der Ratsfraktionen zusammengetragen <\/li>\n<\/ul>\n\n\n\n<hr class=\"wp-block-separator has-alpha-channel-opacity\"\/>\n\n\n\n<hr class=\"wp-block-separator has-alpha-channel-opacity\"\/>\n\n\n\n<h2 class=\"wp-block-heading\"><span class=\"ez-toc-section\" id=\"Weitere_Berichte\"><\/span>Weitere Berichte<span class=\"ez-toc-section-end\"><\/span><\/h2>\n\n\n\n<ul class=\"wp-block-list\">\n<li>(03.01.23, waz.de ) , Bochumer Klimaschutzb\u00fcndnis will einen B\u00fcrgerentscheid zum m\u00f6glichen B\u00f6llerverbot (Im Artikel : <a rel=\"noreferrer noopener\" href=\"https:\/\/www.waz.de\/staedte\/bochum\/silvester-krawall-in-bochum-debatte-um-boellerverbot-startet-id237275107.html\" target=\"_blank\">Silvesterkrawall in Bochum: Debatte um B\u00f6llerverbot startet)<\/a> <\/li>\n<\/ul>\n\n\n\n<h2 class=\"wp-block-heading\"><span class=\"ez-toc-section\" id=\"Weitere_Aktivitaeten\"><\/span>Weitere Aktivit\u00e4ten <span class=\"ez-toc-section-end\"><\/span><\/h2>\n\n\n\n<p>Auch campact (campact.org) hat einen Aufruf gestartet: <a rel=\"noreferrer noopener\" href=\"https:\/\/aktion.campact.de\/boellerverbot\/appell\/teilnehmen\" target=\"_blank\">hier , B\u00f6llerverbot jetzt<\/a><\/p>\n\n\n\n<p>.<\/p>\n<div id=\"ez-toc-container\" class=\"ez-toc-v2_0_82_2 counter-hierarchy ez-toc-counter ez-toc-transparent ez-toc-container-direction\">\n<div class=\"ez-toc-title-container\">\n<p class=\"ez-toc-title\" style=\"cursor:inherit\">Inhalte dieser Seite :<\/p>\n<span class=\"ez-toc-title-toggle\"><a href=\"#\" class=\"ez-toc-pull-right ez-toc-btn ez-toc-btn-xs ez-toc-btn-default ez-toc-toggle\" aria-label=\"Toggle Table of Content\"><span class=\"ez-toc-js-icon-con\"><span class=\"\"><span class=\"eztoc-hide\" style=\"display:none;\">Toggle<\/span><span class=\"ez-toc-icon-toggle-span\"><svg style=\"fill: #999;color:#999\" xmlns=\"http:\/\/www.w3.org\/2000\/svg\" class=\"list-377408\" width=\"20px\" height=\"20px\" viewBox=\"0 0 24 24\" fill=\"none\"><path d=\"M6 6H4v2h2V6zm14 0H8v2h12V6zM4 11h2v2H4v-2zm16 0H8v2h12v-2zM4 16h2v2H4v-2zm16 0H8v2h12v-2z\" fill=\"currentColor\"><\/path><\/svg><svg style=\"fill: #999;color:#999\" class=\"arrow-unsorted-368013\" xmlns=\"http:\/\/www.w3.org\/2000\/svg\" width=\"10px\" height=\"10px\" viewBox=\"0 0 24 24\" version=\"1.2\" baseProfile=\"tiny\"><path d=\"M18.2 9.3l-6.2-6.3-6.2 6.3c-.2.2-.3.4-.3.7s.1.5.3.7c.2.2.4.3.7.3h11c.3 0 .5-.1.7-.3.2-.2.3-.5.3-.7s-.1-.5-.3-.7zM5.8 14.7l6.2 6.3 6.2-6.3c.2-.2.3-.5.3-.7s-.1-.5-.3-.7c-.2-.2-.4-.3-.7-.3h-11c-.3 0-.5.1-.7.3-.2.2-.3.5-.3.7s.1.5.3.7z\"\/><\/svg><\/span><\/span><\/span><\/a><\/span><\/div>\n<nav><ul class='ez-toc-list ez-toc-list-level-1 eztoc-toggle-hide-by-default' ><li class='ez-toc-page-1 ez-toc-heading-level-2'><a class=\"ez-toc-link ez-toc-heading-1\" href=\"https:\/\/boklima.de\/?p=12863\/#Radio_Bochum\" >Radio Bochum<\/a><\/li><li class='ez-toc-page-1 ez-toc-heading-level-2'><a class=\"ez-toc-link ez-toc-heading-2\" href=\"https:\/\/boklima.de\/?p=12863\/#Weitere_Berichte\" >Weitere Berichte<\/a><\/li><li class='ez-toc-page-1 ez-toc-heading-level-2'><a class=\"ez-toc-link ez-toc-heading-3\" href=\"https:\/\/boklima.de\/?p=12863\/#Weitere_Aktivitaeten\" >Weitere Aktivit\u00e4ten<\/a><\/li><\/ul><\/nav><\/div>\n","protected":false},"excerpt":{"rendered":"<p>Radio Bochum Radio Bochum hat sich der anregung in einem l\u00e4ngeren Artikel angenommen : Weitere Berichte Weitere Aktivit\u00e4ten Auch campact (campact.org) hat einen Aufruf gestartet: hier , B\u00f6llerverbot jetzt .<\/p>\n","protected":false},"author":2,"featured_media":0,"comment_status":"closed","ping_status":"closed","sticky":false,"template":"","format":"standard","meta":{"ngg_post_thumbnail":0,"footnotes":"","_share_on_mastodon":"0"},"categories":[155,104],"tags":[],"class_list":["post-12863","post","type-post","status-publish","format-standard","hentry","category-relevant-boklima","category-oeffentlich-fuer-alle-site-besucher-lesbar"],"share_on_mastodon":{"url":"https:\/\/ruhr.social\/@BoKlima\/109630759474628921","error":""},"rttpg_featured_image_url":null,"rttpg_author":{"display_name":"thomas - als admin","author_link":"https:\/\/boklima.de\/?author=2"},"rttpg_comment":0,"rttpg_category":"<a href=\"https:\/\/boklima.de\/?cat=155\" rel=\"category\">relevant-BoKlima<\/a> <a href=\"https:\/\/boklima.de\/?cat=104\" rel=\"category\">\u00f6ffentlich (f\u00fcr alle lesbar)<\/a>","rttpg_excerpt":"Radio Bochum Radio Bochum hat sich der anregung in einem l\u00e4ngeren Artikel angenommen : Weitere Berichte Weitere Aktivit\u00e4ten Auch campact (campact.org) hat einen Aufruf gestartet: hier , B\u00f6llerverbot jetzt .","_links":{"self":[{"href":"https:\/\/boklima.de\/index.php?rest_route=\/wp\/v2\/posts\/12863","targetHints":{"allow":["GET"]}}],"collection":[{"href":"https:\/\/boklima.de\/index.php?rest_route=\/wp\/v2\/posts"}],"about":[{"href":"https:\/\/boklima.de\/index.php?rest_route=\/wp\/v2\/types\/post"}],"author":[{"embeddable":true,"href":"https:\/\/boklima.de\/index.php?rest_route=\/wp\/v2\/users\/2"}],"replies":[{"embeddable":true,"href":"https:\/\/boklima.de\/index.php?rest_route=%2Fwp%2Fv2%2Fcomments&post=12863"}],"version-history":[{"count":8,"href":"https:\/\/boklima.de\/index.php?rest_route=\/wp\/v2\/posts\/12863\/revisions"}],"predecessor-version":[{"id":12898,"href":"https:\/\/boklima.de\/index.php?rest_route=\/wp\/v2\/posts\/12863\/revisions\/12898"}],"wp:attachment":[{"href":"https:\/\/boklima.de\/index.php?rest_route=%2Fwp%2Fv2%2Fmedia&parent=12863"}],"wp:term":[{"taxonomy":"category","embeddable":true,"href":"https:\/\/boklima.de\/index.php?rest_route=%2Fwp%2Fv2%2Fcategories&post=12863"},{"taxonomy":"post_tag","embeddable":true,"href":"https:\/\/boklima.de\/index.php?rest_route=%2Fwp%2Fv2%2Ftags&post=12863"}],"curies":[{"name":"wp","href":"https:\/\/api.w.org\/{rel}","templated":true}]}}