{"id":12726,"date":"2022-11-14T19:11:09","date_gmt":"2022-11-14T18:11:09","guid":{"rendered":"https:\/\/boklima.de\/?p=12726"},"modified":"2022-11-14T19:11:10","modified_gmt":"2022-11-14T18:11:10","slug":"37-plenum-to-mi-16-11-2022-18h-umweltzentrum-alsenstr","status":"publish","type":"post","link":"https:\/\/boklima.de\/?p=12726","title":{"rendered":"37. Plenum TO , MI. 16.11.2022 18h  , Umweltzentrum, Alsenstr"},"content":{"rendered":"\n<figure class=\"wp-block-image\" id=\"block-51e311cc-f23d-4438-b46f-6b4b88995110\"><img decoding=\"async\" src=\"https:\/\/boklima.de\/wp-content\/uploads\/2020\/06\/20200617-180553-scaled-e1600083008911-1200x515.jpg\" alt=\"Dieses Bild hat ein leeres Alt-Attribut. Der Dateiname ist 20200617-180553-scaled-e1600083008911-1200x515.jpg\"\/><figcaption class=\"wp-element-caption\">Toll &#8212; jetzt mal wieder drau\u00dfen &#8230;.<\/figcaption><\/figure>\n\n\n\n<hr class=\"wp-block-separator has-alpha-channel-opacity is-style-default\" id=\"block-62866694-0c11-447b-a11a-890a915a648b\"\/>\n\n\n\n<p id=\"block-70750d2c-8910-440e-9260-1bc780ac9704\">In Real Life &#8230;.  (( im Umweltzentrum, Alsenstr. 27))<\/p>\n\n\n\n<hr class=\"wp-block-separator has-alpha-channel-opacity is-style-default\" id=\"block-116c9a55-2e6f-4fa7-8179-c13375a97366\"\/>\n\n\n\n<hr class=\"wp-block-separator has-css-opacity\"\/>\n\n\n\n<h2 class=\"has-medium-font-size wp-block-heading\"><span class=\"ez-toc-section\" id=\"ENTWURF_Tagesordnung_MI_16112022_18h_%E2%80%94_in_Praesenz_Umweltzentrum_Alsenstr\"><\/span><strong>ENTWURF<\/strong>  <strong>Tagesordnung <\/strong><br><strong>MI  16.11.2022 ,  18h<\/strong> &#8212; in Pr\u00e4senz <br>(Umweltzentrum , Alsenstr)<span class=\"ez-toc-section-end\"><\/span><\/h2>\n\n\n\n<h4 class=\"wp-block-heading\"><span class=\"ez-toc-section\" id=\"ORGA\"><\/span>ORGA<span class=\"ez-toc-section-end\"><\/span><\/h4>\n\n\n\n<ul class=\"wp-block-list\">\n<li><br>* PAD f\u00fcr Absprachen \/ Protokoll \/ TO :   <a rel=\"noreferrer noopener\" href=\"https:\/\/yopad.eu\/p\/BoKlima-Plenum-12.05-365days\" target=\"_blank\">https:\/\/yopad.eu\/p\/BoKlima-Plenum-12.05-365days<\/a><br>* TO im Internen Bereich : <a href=\"https:\/\/boklima.de\/?p=12543\">https:\/\/boklima.de\/?p=12726<\/a><\/li>\n<\/ul>\n\n\n\n<h4 class=\"wp-block-heading\"><span class=\"ez-toc-section\" id=\"TOPs\"><\/span>TOP&#8217;s<span class=\"ez-toc-section-end\"><\/span><\/h4>\n\n\n\n<p><strong>(01) Begr\u00fc\u00dfung<\/strong> insbesondere neuer Mitstreiter:innen<\/p>\n\n\n\n<p class=\"has-dark-gray-color has-text-color\"><strong>(02) Neues \/ Berichte \/  Gremien   <\/strong>\/ GNK \/ &#8230;<br>&#8212;&#8211; 02.02 <br><\/p>\n\n\n\n<p class=\"has-dark-gray-color has-text-color\"><strong>(03) Teilnahme \/ Mitgestalten Veranstaltungen <\/strong><br>&#8212;&#8211; 03.01 SA 19.11. 14h  Speeddatting KlimaInis : Flyer besprechen <br>&#8212;&#8211; &#8230;&#8230;&#8230;&#8230;..    https:\/\/boklima.de\/?p=12481<br><\/p>\n\n\n\n<p><strong>(04) Balkon &#8211; Solar Initiative <\/strong><br>&#8212;&#8211; siehe auch :  Vorstellung \/ Erkl\u00e4rung \/ Motivation Solar \u2013 Balkonmodul<br>&#8212;&#8211; &#8230;&#8230; &#8211; <a href=\"https:\/\/boklima.de\/?p=11237 \">https:\/\/boklima.de\/?p=11237 <\/a>  , <br>&#8212;&#8211; 04.01 Eigene Veranstaltung ala Dortmund evtl in Pr\u00e4senz (VHS; &#8230;) <br>&#8212;&#8211; &#8230;&#8230;..  ToDo&#8217;s : PM  , Hintergrund Infos &#8230;. , Moderation , &#8230;.<br>&#8212;&#8211; 04.02 Stand der Sammelbestellungen \/ 4. Sammelbestellung ist verteilt<br>&#8212;&#8211;  &#8230;&#8230;&#8230;  (Interesse: balkonsolar@boklima.de  <br>&#8212;&#8211;  &#8230;&#8230;&#8230;.    bzw.:  <a rel=\"noreferrer noopener\" href=\"https:\/\/boklima.de\/?page_id=11312\" target=\"_blank\">https:\/\/boklima.de\/?page_id=11312<\/a>)<br>&#8212;&#8211; 04.03 SolarMesse D\u00fcsseldorf<\/p>\n\n\n\n<p><\/p>\n\n\n\n<p><strong>(05) Boklima-Veranstaltung : Planung einer Diskussionsveranstaltung zu den  Solar-Initiativen der Stadt \/ Stadtwerke  <\/strong><br>&#8212;&#8211;  Einladen von &#8230;. ; Stadtwerke   ; Thorsten Coss w\u00e4re dabei (Gross-AnlagenBau) <br>&#8212;&#8211;  Diskussion kleine vs. grosse Anlagen<\/p>\n\n\n\n<p><strong>(06) Bespielen von Mastodon  <a rel=\"noreferrer noopener\" href=\"https:\/\/ruhr.social\/@boklima\" target=\"_blank\">https:\/\/ruhr.social\/@boklima<\/a><\/strong><\/p>\n\n\n\n<p><strong>(07) Motivation zum Klimaschutz<\/strong><\/p>\n\n\n\n<hr class=\"wp-block-separator has-css-opacity\"\/>\n\n\n\n<p><\/p>\n\n\n\n<hr class=\"wp-block-separator has-alpha-channel-opacity\"\/>\n\n\n\n<p><strong>(10) Sonstiges \/ \u00dcbrig gebliebenes <\/strong>, evtl folgende Themen falls gewuenscht<br>&#8212;&#8211;  09.01 Bespielen der Plattform : <a href=\"https:\/\/govolunteer.com\/suche\/projekte\">https:\/\/govolunteer.com\/suche\/projekte<\/a> (Mariya) <br>&#8212;&#8211; 09.02 AlleeStr &#8211; : <br>&#8212;&#8211; 09.03 Ausblick 2022 : insbes. <strong>Landtagswahl NRW<\/strong> Aktionen <br>&#8212;&#8211; 09.04 Beteiligung GermanZero <\/p>\n\n\n\n<p><strong>(11) Sonstiges \/ \u00dcbrig gebliebenes Bauprojekte und Abholzungen Bochum Stand \/ Aktionen <\/strong><br>&#8212;&#8211;  11.01  Neustr. \/  K\u00f6nigsalle \/  Weitere <\/p>\n\n\n\n<p><strong>(12) Sonstiges &#8230; Fortbildung Umweltschutz (nua nrw = Natur- und Umweltakademie):<\/strong>  <br>&#8212;&#8211; <a href=\"https:\/\/www.nua.nrw.de\/bildungsprogramm\">https:\/\/www.nua.nrw.de\/bildungsprogramm<\/a> <\/p>\n\n\n\n<hr class=\"wp-block-separator has-alpha-channel-opacity\"\/>\n\n\n\n<p><br>=========================<\/p>\n\n\n\n<hr class=\"wp-block-separator has-css-opacity\"\/>\n\n\n\n<hr class=\"wp-block-separator has-css-opacity\"\/>\n\n\n\n<div class=\"wp-block-group has-background\" style=\"background-color:#fbf6d8\"><div class=\"wp-block-group__inner-container is-layout-flow wp-block-group-is-layout-flow\">\n<h2 class=\"wp-block-heading\"><span class=\"ez-toc-section\" id=\"Sofortmassnahmen-Entwurf\"><\/span>Sofortma\u00dfnahmen-Entwurf <span class=\"ez-toc-section-end\"><\/span><\/h2>\n\n\n\n<p>(s. auch im PAD : <a rel=\"noreferrer noopener\" href=\"https:\/\/yopad.eu\/p\/BoKlima-Plenum-12.05-365days\" target=\"_blank\">https:\/\/yopad.eu\/p\/BoKlima-Plenum-12.05-365days<\/a> )<\/p>\n\n\n\n<p>Stefan vom 15.12.2021 m.d.B. um Durchsicht und Kommentierung:<br>*&nbsp;&nbsp;&nbsp; bis 10. Jan &#8217;22 Editieren \/ verfeinern \/ &#8230;..<br>*&nbsp;&nbsp;&nbsp; auf dem Plenum am&nbsp;19.01 sollen diese &#8216;finalisiert&#8217; werden<br>*    Ziel als Forderung f\u00fcr Sofortma\u00dfnahmen in einem KNB ver\u00f6ffentlichen<\/p>\n\n\n\n<h5 class=\"wp-block-heading\"><strong>Sofortma\u00dfnahme 1:&nbsp; Klimaneutralit\u00e4t jetzt!<\/strong><\/h5>\n\n\n\n<ul class=\"wp-block-list\">\n<li>Bei allen aktuell in Planung befindlichen Neubau- und\u00a0\u00a0\u00a0\u00a0\u00a0\u00a0\u00a0 Sanierungsvorhaben st\u00e4dtischer Geb\u00e4ude:\n<ul class=\"wp-block-list\">\n<li>Planung und Ausf\u00fchrung mit dem verbindlichen Ziel klimaneutrale  Geb\u00e4ude mit Schwammfunktion zu schaffen<\/li>\n\n\n\n<li>(Die st\u00e4dtische Leitlinie vom 1.9.2021 (!) bleibt hinter dieser notwendigen Forderung weit zur\u00fcck)<\/li>\n<\/ul>\n<\/li>\n<\/ul>\n\n\n\n<h5 class=\"wp-block-heading\">Sofortma\u00dfnahme 2:&nbsp; Weckruf Dach!&nbsp;<\/h5>\n\n\n\n<ul class=\"wp-block-list\">\n<li>Die D\u00e4cher aller st\u00e4dtischen Geb\u00e4ude hinsichtlich ihrer\u00a0Nutzbarkeit f\u00fcr die drei vordringlichen Aufgaben:\n<ul class=\"wp-block-list\">\n<li>Energiegewinnung (PV oder Solarthermie)<\/li>\n\n\n\n<li>Regenwassernutzung&nbsp;<\/li>\n\n\n\n<li>Verbesserung des Mikroklimas\/Hitzeschutz\/Regenwasserr\u00fcckhaltung (Gr\u00fcnd\u00e4cher)<\/li>\n<\/ul>\n<\/li>\n\n\n\n<li>&nbsp;&nbsp;&nbsp;&nbsp;&nbsp;&nbsp;&nbsp; klassifizieren und entsprechende Ma\u00dfnahmen einleiten.<\/li>\n<\/ul>\n\n\n\n<h5 class=\"wp-block-heading\">Sofortma\u00dfnahme 3:&nbsp; Mobil zu Fu\u00df und Rad!&nbsp;<\/h5>\n\n\n\n<ul class=\"wp-block-list\">\n<li>Gro\u00dfe Tempo 20 \/ 30 Zonen einrichten &#8212; Innenstadt!\n<ul class=\"wp-block-list\">\n<li>im Detail auff\u00fchren\n<ul class=\"wp-block-list\">\n<li>Innenstadtring als Einbahnstr (Bus-, Taxi-, CarSharing- ;&nbsp; Fahrrad- ; Auto-Spur)<\/li>\n<\/ul>\n<\/li>\n<\/ul>\n<\/li>\n\n\n\n<li>&nbsp;&nbsp;kein kostenloses Parken f\u00fcr st\u00e4dtische Mitarbeiter in den Parkh\u00e4usern<\/li>\n\n\n\n<li>&nbsp;&nbsp;keine Dienstverbrenner f\u00fcr die st\u00e4dtischen Mitarbeiter<\/li>\n\n\n\n<li>&nbsp;&nbsp;Tarifsenkung bei der \u00d6PNV-Nutzung<\/li>\n<\/ul>\n\n\n\n<h5 class=\"wp-block-heading\">Sofortma\u00dfnahme 4:&nbsp; Gr\u00fcne Oase Innenstadt!&nbsp;<\/h5>\n\n\n\n<ul class=\"wp-block-list\">\n<li>Erhalt der Freifl\u00e4chen im Stadtgebiet<\/li>\n\n\n\n<li>Begr\u00fcnung in den Hitzeinseln der Stadt <br>(B\u00e4ume, Fassaden- u.&nbsp; Dach-Begr\u00fcnung (siehe Weckruf Dach!))&nbsp;<\/li>\n<\/ul>\n\n\n\n<p><strong>&#8212;- Erg\u00e4nzungen Heidi (Dez&#8217;21) &#8212;<\/strong><\/p>\n\n\n\n<ul class=\"wp-block-list\">\n<li><strong>Baustop auf landwirtschaftlichen Fl\u00e4chen.&nbsp;<\/strong>(Die qm-Preise f\u00fcr landwirtschaftliche B\u00f6den m\u00fcssen viel h\u00f6her liegen. Fast kostenlose Vernutzung von Boden!&nbsp;Immobilienfinanzierung machen durch diese niedrigen Bodenpreise zu viel Reibach. \u00c4nderung der Gesetzgebung. Wertsch\u00e4tzung des Bodens mu\u00df sich \u00e4ndern.)<\/li>\n\n\n\n<li>&#8211; Gewerbegebiete in den Fokus: \u00f6kologische, nachhaltige Sanierung der alten\/\u00e4lteren Geb\u00e4ude und Grundst\u00fccke- dort Entsiegelung \u00fcbergro\u00dfer Parkpl\u00e4tze- Dachbegr\u00fcnung- \u00e4sthetisch ansprechende Gestaltung der Regenr\u00fcckhaltung und des Gel\u00e4ndes\/Grundst\u00fccks- schriftliche Anregungen f\u00fcr Firmen und Gewerbetreibende<\/li>\n\n\n\n<li>&#8211; entsprechende Gestaltung neuer Gewerbegebiete<\/li>\n\n\n\n<li>&#8211; Rub-, Gesundheitscampus: Dachbegr\u00fcnungen, RRB vor Ort<\/li>\n\n\n\n<li><strong>Mobilit\u00e4t<\/strong>:&nbsp;&#8211; Kfz-freie Siedlungen mit \u00f6kologische.nachhaltiger und \u00e4sthetischer Gestaltung- zur Erm\u00f6glichen verbessertes Mobilit\u00e4tsangebot- Entsiegelung \u00fcbergro\u00dfen Parkpl\u00e4tze (s.Lidl, Viktoriastra\u00dfe)<\/li>\n\n\n\n<li><strong>Freifl\u00e4chen\/Gr\u00fcn:<\/strong>-Erhalt und \u00f6kologische Aufwertung<\/li>\n<\/ul>\n<\/div><\/div>\n\n\n\n<hr class=\"wp-block-separator has-alpha-channel-opacity\"\/>\n\n\n\n<p><\/p>\n\n\n\n<hr class=\"wp-block-separator has-alpha-channel-opacity is-style-default\" id=\"block-14f7535a-9e97-49b7-98bb-5bb971991ba7\"\/>\n\n\n\n<hr class=\"wp-block-separator has-alpha-channel-opacity is-style-default\" id=\"block-b223a44c-6197-4c26-996e-bde142f3e87c\"\/>\n\n\n\n<hr class=\"wp-block-separator has-css-opacity\"\/>\n<div id=\"ez-toc-container\" class=\"ez-toc-v2_0_82_2 counter-hierarchy ez-toc-counter ez-toc-transparent ez-toc-container-direction\">\n<div class=\"ez-toc-title-container\">\n<p class=\"ez-toc-title\" style=\"cursor:inherit\">Inhalte dieser Seite :<\/p>\n<span class=\"ez-toc-title-toggle\"><a href=\"#\" class=\"ez-toc-pull-right ez-toc-btn ez-toc-btn-xs ez-toc-btn-default ez-toc-toggle\" aria-label=\"Toggle Table of Content\"><span class=\"ez-toc-js-icon-con\"><span class=\"\"><span class=\"eztoc-hide\" style=\"display:none;\">Toggle<\/span><span class=\"ez-toc-icon-toggle-span\"><svg style=\"fill: #999;color:#999\" xmlns=\"http:\/\/www.w3.org\/2000\/svg\" class=\"list-377408\" width=\"20px\" height=\"20px\" viewBox=\"0 0 24 24\" fill=\"none\"><path d=\"M6 6H4v2h2V6zm14 0H8v2h12V6zM4 11h2v2H4v-2zm16 0H8v2h12v-2zM4 16h2v2H4v-2zm16 0H8v2h12v-2z\" fill=\"currentColor\"><\/path><\/svg><svg style=\"fill: #999;color:#999\" class=\"arrow-unsorted-368013\" xmlns=\"http:\/\/www.w3.org\/2000\/svg\" width=\"10px\" height=\"10px\" viewBox=\"0 0 24 24\" version=\"1.2\" baseProfile=\"tiny\"><path d=\"M18.2 9.3l-6.2-6.3-6.2 6.3c-.2.2-.3.4-.3.7s.1.5.3.7c.2.2.4.3.7.3h11c.3 0 .5-.1.7-.3.2-.2.3-.5.3-.7s-.1-.5-.3-.7zM5.8 14.7l6.2 6.3 6.2-6.3c.2-.2.3-.5.3-.7s-.1-.5-.3-.7c-.2-.2-.4-.3-.7-.3h-11c-.3 0-.5.1-.7.3-.2.2-.3.5-.3.7s.1.5.3.7z\"\/><\/svg><\/span><\/span><\/span><\/a><\/span><\/div>\n<nav><ul class='ez-toc-list ez-toc-list-level-1 eztoc-toggle-hide-by-default' ><li class='ez-toc-page-1 ez-toc-heading-level-2'><a class=\"ez-toc-link ez-toc-heading-1\" href=\"https:\/\/boklima.de\/?p=12726\/#ENTWURF_Tagesordnung_MI_16112022_18h_%E2%80%94_in_Praesenz_Umweltzentrum_Alsenstr\" >ENTWURF  Tagesordnung  MI  16.11.2022 ,  18h &#8212; in Pr\u00e4senz  (Umweltzentrum , Alsenstr)<\/a><ul class='ez-toc-list-level-4' ><li class='ez-toc-heading-level-4'><ul class='ez-toc-list-level-4' ><li class='ez-toc-heading-level-4'><a class=\"ez-toc-link ez-toc-heading-2\" href=\"https:\/\/boklima.de\/?p=12726\/#ORGA\" >ORGA<\/a><\/li><li class='ez-toc-page-1 ez-toc-heading-level-4'><a class=\"ez-toc-link ez-toc-heading-3\" href=\"https:\/\/boklima.de\/?p=12726\/#TOPs\" >TOP&#8217;s<\/a><\/li><\/ul><\/li><\/ul><\/li><li class='ez-toc-page-1 ez-toc-heading-level-2'><a class=\"ez-toc-link ez-toc-heading-4\" href=\"https:\/\/boklima.de\/?p=12726\/#Sofortmassnahmen-Entwurf\" >Sofortma\u00dfnahmen-Entwurf<\/a><\/li><\/ul><\/nav><\/div>\n","protected":false},"excerpt":{"rendered":"<p>In Real Life &#8230;. (( im Umweltzentrum, Alsenstr. 27)) ENTWURF Tagesordnung MI 16.11.2022 , 18h &#8212; in Pr\u00e4senz (Umweltzentrum , Alsenstr) ORGA TOP&#8217;s (01) Begr\u00fc\u00dfung insbesondere neuer Mitstreiter:innen (02) Neues \/ Berichte \/ Gremien \/ GNK \/ &#8230;&#8212;&#8211; 02.02 (03) Teilnahme \/ Mitgestalten Veranstaltungen &#8212;&#8211; 03.01 SA 19.11. 14h Speeddatting KlimaInis : Flyer besprechen &#8212;&#8211; &hellip; <a href=\"https:\/\/boklima.de\/?p=12726\" class=\"more-link\"><span class=\"screen-reader-text\">\u201e37. Plenum TO , MI. 16.11.2022 18h  , Umweltzentrum, Alsenstr\u201c <\/span>weiterlesen<\/a><\/p>\n","protected":false},"author":2,"featured_media":0,"comment_status":"open","ping_status":"closed","sticky":false,"template":"","format":"standard","meta":{"ngg_post_thumbnail":0,"footnotes":"","_share_on_mastodon":"1"},"categories":[68,69,105,67],"tags":[],"class_list":["post-12726","post","type-post","status-publish","format-standard","hentry","category-tagesordnung","category-protokoll","category-intern-alle-fuer-alle-angemeldeten-mitglieder-lesbar","category-boklima-treffen"],"share_on_mastodon":{"url":"https:\/\/ruhr.social\/@BoKlima\/109343504517485358","error":""},"rttpg_featured_image_url":null,"rttpg_author":{"display_name":"thomas - als admin","author_link":"https:\/\/boklima.de\/?author=2"},"rttpg_comment":0,"rttpg_category":"<a href=\"https:\/\/boklima.de\/?cat=68\" rel=\"category\">Tagesordnung<\/a> <a href=\"https:\/\/boklima.de\/?cat=69\" rel=\"category\">Protokoll<\/a> <a href=\"https:\/\/boklima.de\/?cat=105\" rel=\"category\">intern Alle<\/a> <a href=\"https:\/\/boklima.de\/?cat=67\" rel=\"category\">BoKlima Treffen<\/a>","rttpg_excerpt":"In Real Life &#8230;. (( im Umweltzentrum, Alsenstr. 27)) ENTWURF Tagesordnung MI 16.11.2022 , 18h &#8212; in Pr\u00e4senz (Umweltzentrum , Alsenstr) ORGA TOP&#8217;s (01) Begr\u00fc\u00dfung insbesondere neuer Mitstreiter:innen (02) Neues \/ Berichte \/ Gremien \/ GNK \/ &#8230;&#8212;&#8211; 02.02 (03) Teilnahme \/ Mitgestalten Veranstaltungen &#8212;&#8211; 03.01 SA 19.11. 14h Speeddatting KlimaInis : Flyer besprechen &#8212;&#8211;&hellip;","_links":{"self":[{"href":"https:\/\/boklima.de\/index.php?rest_route=\/wp\/v2\/posts\/12726","targetHints":{"allow":["GET"]}}],"collection":[{"href":"https:\/\/boklima.de\/index.php?rest_route=\/wp\/v2\/posts"}],"about":[{"href":"https:\/\/boklima.de\/index.php?rest_route=\/wp\/v2\/types\/post"}],"author":[{"embeddable":true,"href":"https:\/\/boklima.de\/index.php?rest_route=\/wp\/v2\/users\/2"}],"replies":[{"embeddable":true,"href":"https:\/\/boklima.de\/index.php?rest_route=%2Fwp%2Fv2%2Fcomments&post=12726"}],"version-history":[{"count":1,"href":"https:\/\/boklima.de\/index.php?rest_route=\/wp\/v2\/posts\/12726\/revisions"}],"predecessor-version":[{"id":12727,"href":"https:\/\/boklima.de\/index.php?rest_route=\/wp\/v2\/posts\/12726\/revisions\/12727"}],"wp:attachment":[{"href":"https:\/\/boklima.de\/index.php?rest_route=%2Fwp%2Fv2%2Fmedia&parent=12726"}],"wp:term":[{"taxonomy":"category","embeddable":true,"href":"https:\/\/boklima.de\/index.php?rest_route=%2Fwp%2Fv2%2Fcategories&post=12726"},{"taxonomy":"post_tag","embeddable":true,"href":"https:\/\/boklima.de\/index.php?rest_route=%2Fwp%2Fv2%2Ftags&post=12726"}],"curies":[{"name":"wp","href":"https:\/\/api.w.org\/{rel}","templated":true}]}}