{"id":12404,"date":"2022-08-30T00:03:58","date_gmt":"2022-08-29T22:03:58","guid":{"rendered":"https:\/\/boklima.de\/?p=12404"},"modified":"2022-08-30T00:24:27","modified_gmt":"2022-08-29T22:24:27","slug":"die-grosse-duerre-ard","status":"publish","type":"post","link":"https:\/\/boklima.de\/?p=12404","title":{"rendered":"Die gro\u00dfe D\u00fcrre &#8212; ARD"},"content":{"rendered":"\n<h3 class=\"wp-block-heading\"><span class=\"ez-toc-section\" id=\"290822_ARD_Die_Story_im_Ersten_Die_grosse_Duerre\"><\/span>(29.08.22, ARD) Die Story im Ersten: Die gro\u00dfe D\u00fcrre<span class=\"ez-toc-section-end\"><\/span><\/h3>\n\n\n\n<ul class=\"wp-block-list\"><li>Link in die ARD-Mediathek : <a rel=\"noreferrer noopener\" href=\"https:\/\/www.ardmediathek.de\/video\/Y3JpZDovL2Rhc2Vyc3RlLmRlL3JlcG9ydGFnZSBfIGRva3VtZW50YXRpb24gaW0gZXJzdGVuLzZkOTI2YjA4LTg4ZWItNGRjYS1hOWJiLTEyZTBhZmY1Y2U1OA\" target=\"_blank\">hier<\/a><\/li><li>Link zum direktem Abspielen in der Mediathekview : <a href=\"https:\/\/pdvideosdaserste-a.akamaihd.net\/int\/2022\/08\/26\/6d926b08-88eb-4dca-a9bb-12e0aff5ce58\/JOB_167368_sendeton_960x540-50p-1600kbit.mp4\" target=\"_blank\" rel=\"noreferrer noopener\">hier<\/a> <\/li><\/ul>\n\n\n\n<p><a href=\"https:\/\/www.ardmediathek.de\/sendung\/dokus-im-ersten\/Y3JpZDovL2Rhc2Vyc3RlLmRlL3JlcG9ydGFnZSBfIGRva3VtZW50YXRpb24gaW0gZXJzdGVu\"><\/a>Deutschland bereitet sich auf D\u00fcrren vor, Bauern k\u00e4mpfen gegen die Trockenheit, Notfallpl\u00e4ne werden erarbeitet. Wie lange reicht unser Wasser noch? Dieser Frage geht Filmemacher Daniel Harrich gemeinsam mit einem Forscherteam nach.<\/p>\n\n\n\n<h3 class=\"wp-block-heading\"><span class=\"ez-toc-section\" id=\"290822_ARD_Hart_aber_fair_%E2%80%94_Die_Jahrhundert-Duerre_Erleben_wir_gerade_unsere_Zukunft\"><\/span>(29.08.22, ARD) Hart aber fair &#8212; Die Jahrhundert-D\u00fcrre: Erleben wir gerade unsere Zukunft?<span class=\"ez-toc-section-end\"><\/span><\/h3>\n\n\n\n<ul class=\"wp-block-list\"><li>Link in die ARD-Mediathek : <a href=\"https:\/\/www.ardmediathek.de\/video\/Y3JpZDovL3dkci5kZS9CZWl0cmFnLTdmYTYyNWEzLTY5MDAtNDdkNy05NWUyLTllMTk2NTkzNWUyNg\" target=\"_blank\" rel=\"noreferrer noopener\">hier<\/a><\/li><li>Link zum direkten Abspielen in der MediathekView : &#8230;.<\/li><\/ul>\n\n\n\n<p><a href=\"https:\/\/www.ardmediathek.de\/sendung\/hart-aber-fair\/Y3JpZDovL3dkci5kZS9oYXJ0IGFiZXIgZmFpcg\"><\/a><\/p>\n\n\n\n<p>Dauerhitze, kaum Regen: Deutschland im D\u00fcrre-Sommer. Ist das schon der Alltag in Zeiten des Klimawandels? M\u00fcssen wir lernen, mit dem Wassermangel zu leben, uns f\u00fcr einen gr\u00fcnen Rasen und vollen Pool sch\u00e4men? Die Diskussion nach der Dokumentation zum Thema.<\/p>\n\n\n\n<hr class=\"wp-block-separator has-alpha-channel-opacity\"\/>\n\n\n\n<h3 class=\"wp-block-heading\"><span class=\"ez-toc-section\" id=\"Weitere_Sendungen_zum_Thema_MediathekView\"><\/span>Weitere Sendungen zum Thema (MediathekView)<span class=\"ez-toc-section-end\"><\/span><\/h3>\n\n\n\n<p>( Die Links f\u00fchren jeweils zu den Videos in mp4 in mittlerer Aufl\u00f6sung , hohe Aufl\u00f6sung ist \u00fcber die <a rel=\"noreferrer noopener\" href=\"https:\/\/mediathekviewweb.de\/\" target=\"_blank\">MediathekView<\/a> und dann Suche nach dem Titel abrufbar )<\/p>\n\n\n\n<p> <\/p>\n\n\n\n<ul class=\"wp-block-list\"><li>(25.08.22,  ARD) , extra3 , <a rel=\"noreferrer noopener\" href=\"https:\/\/mediandr-a.akamaihd.net\/progressive\/2022\/0825\/TV-20220825-2119-1600.hq.mp4\" target=\"_blank\">D\u00fcrresommer in Europa: Katastrophe mit Ansage <\/a><\/li><li>(25.08.22, ZDF) , MoMa , <a rel=\"noreferrer noopener\" href=\"https:\/\/rodlzdf-a.akamaihd.net\/none\/zdf\/22\/08\/220825_clip_6_mom\/3\/220825_clip_6_mom_2360k_p35v15.mp4\" target=\"_blank\">Resiliente B\u00e4ume gegen D\u00fcrresch\u00e4den<\/a><\/li><li>(23.08.22, ZDF) , frontal . <a rel=\"noreferrer noopener\" href=\"https:\/\/rodlzdf-a.akamaihd.net\/none\/zdf\/22\/08\/220823_clip_1_fro\/1\/220823_clip_1_fro_2360k_p35v15.mp4\" target=\"_blank\">Hitze, D\u00fcrre, Klimawandel &#8211; Wenn die Sonne die Ernten verbrennt<\/a><\/li><li>(23.08.22, 3SAT) , NANO , <a rel=\"noreferrer noopener\" href=\"https:\/\/rodlzdf-a.akamaihd.net\/none\/3sat\/22\/08\/220823_sendung_nano\/1\/220823_sendung_nano_2360k_p35v15.mp4\" target=\"_blank\">Sind D\u00fcrre und Wassermangel das neue Normal?<\/a><\/li><li>(20.08.22, ZDF) , plan b ,<a rel=\"noreferrer noopener\" href=\"https:\/\/rodlzdf-a.akamaihd.net\/none\/zdf\/22\/08\/220820_1735_sendung_pnb\/3\/220820_1735_sendung_pnb_2360k_p35v15.mp4\" target=\"_blank\"> SOS D\u00fcrre-Alarm &#8211; Wege aus der Wassernot<\/a><\/li><li>(17.08.22, ARD) , brisant , <a rel=\"noreferrer noopener\" href=\"https:\/\/odgeomdr-a.akamaihd.net\/mp4dyn2\/3\/FCMS-330b5551-eb72-415d-90b8-d4de45016f95-730aae549c28_33.mp4\" target=\"_blank\">Jahrtausend-D\u00fcrre l\u00e4sst Seen austrocknen<\/a><\/li><li>(17.08.22, ORF) , aktuell , <a rel=\"noreferrer noopener\" href=\"https:\/\/apasfiis.sf.apa.at\/ipad\/cms-worldwide\/2022-08-17_0930_tl_06_ORF-III-AKTUELL_Doku-ueber-Folg__14146361__o__2434995356__s15219181_1__ORF3HD_11021023P_11562800P_Q6A.mp4\/playlist.m3u8\" target=\"_blank\">Doku \u00fcber Folgen der D\u00fcrre<\/a><\/li><li>(16.08.22, ARTE) , Wissenschaft , <a rel=\"noreferrer noopener\" href=\"https:\/\/arteptweb-a.akamaihd.net\/am\/ptweb\/099000\/099700\/099776-000-A_EQ_0_VOA_06887498_MP4-1500_AMM-PTWEB_1q7FumSZeH.mp4\" target=\"_blank\">D\u00fcrre in Europa &#8211; Die Katastrophe ist hausgemacht<\/a><\/li><li>(09.08.22, ARD) , FAKT , <a rel=\"noreferrer noopener\" href=\"https:\/\/odmdr-a.akamaihd.net\/mp4dyn2\/3\/FCMS-32915204-6d4f-4bab-9bdd-58a9a6cbddf0-730aae549c28_32.mp4\" target=\"_blank\">Was tun gegen Hitze und D\u00fcrre in der Stadt?<\/a><\/li><li>(25.07.22, ARD) , Gut zu wissen , <a rel=\"noreferrer noopener\" href=\"https:\/\/cdn-storage.br.de\/MUJIuUOVBwQIbtC2uKJDM6OhuLnC_2rH_71S\/_-0S\/_2bf5-NP5U1S\/05c4d40d-c3ba-4f7f-9a76-c45bcd43bde5_C.mp4\" target=\"_blank\">Unwetter und D\u00fcrren \u00b7 Wie wir uns besser sch\u00fctzen<\/a><\/li><li>(19.07.22, ARD) , Tagesgespr\u00e4ch , <a href=\"https:\/\/cdn-storage.br.de\/b7\/2022-07\/19\/2c7669a6-0752-11ed-863d-02420a000591_C.mp4\" target=\"_blank\" rel=\"noreferrer noopener\">Hitze, D\u00fcrre, Wasserknappheit: Wie m\u00fcssen wir gegensteuern?<\/a><\/li><\/ul>\n\n\n\n<div class=\"wp-block-columns is-layout-flex wp-container-core-columns-is-layout-9d6595d7 wp-block-columns-is-layout-flex\">\n<div class=\"wp-block-column is-layout-flow wp-block-column-is-layout-flow\" style=\"flex-basis:100%\"><\/div>\n<\/div>\n<div id=\"ez-toc-container\" class=\"ez-toc-v2_0_82_2 counter-hierarchy ez-toc-counter ez-toc-transparent ez-toc-container-direction\">\n<div class=\"ez-toc-title-container\">\n<p class=\"ez-toc-title\" style=\"cursor:inherit\">Inhalte dieser Seite :<\/p>\n<span class=\"ez-toc-title-toggle\"><a href=\"#\" class=\"ez-toc-pull-right ez-toc-btn ez-toc-btn-xs ez-toc-btn-default ez-toc-toggle\" aria-label=\"Toggle Table of Content\"><span class=\"ez-toc-js-icon-con\"><span class=\"\"><span class=\"eztoc-hide\" style=\"display:none;\">Toggle<\/span><span class=\"ez-toc-icon-toggle-span\"><svg style=\"fill: #999;color:#999\" xmlns=\"http:\/\/www.w3.org\/2000\/svg\" class=\"list-377408\" width=\"20px\" height=\"20px\" viewBox=\"0 0 24 24\" fill=\"none\"><path d=\"M6 6H4v2h2V6zm14 0H8v2h12V6zM4 11h2v2H4v-2zm16 0H8v2h12v-2zM4 16h2v2H4v-2zm16 0H8v2h12v-2z\" fill=\"currentColor\"><\/path><\/svg><svg style=\"fill: #999;color:#999\" class=\"arrow-unsorted-368013\" xmlns=\"http:\/\/www.w3.org\/2000\/svg\" width=\"10px\" height=\"10px\" viewBox=\"0 0 24 24\" version=\"1.2\" baseProfile=\"tiny\"><path d=\"M18.2 9.3l-6.2-6.3-6.2 6.3c-.2.2-.3.4-.3.7s.1.5.3.7c.2.2.4.3.7.3h11c.3 0 .5-.1.7-.3.2-.2.3-.5.3-.7s-.1-.5-.3-.7zM5.8 14.7l6.2 6.3 6.2-6.3c.2-.2.3-.5.3-.7s-.1-.5-.3-.7c-.2-.2-.4-.3-.7-.3h-11c-.3 0-.5.1-.7.3-.2.2-.3.5-.3.7s.1.5.3.7z\"\/><\/svg><\/span><\/span><\/span><\/a><\/span><\/div>\n<nav><ul class='ez-toc-list ez-toc-list-level-1 eztoc-toggle-hide-by-default' ><li class='ez-toc-page-1 ez-toc-heading-level-3'><a class=\"ez-toc-link ez-toc-heading-1\" href=\"https:\/\/boklima.de\/?p=12404\/#290822_ARD_Die_Story_im_Ersten_Die_grosse_Duerre\" >(29.08.22, ARD) Die Story im Ersten: Die gro\u00dfe D\u00fcrre<\/a><\/li><li class='ez-toc-page-1 ez-toc-heading-level-3'><a class=\"ez-toc-link ez-toc-heading-2\" href=\"https:\/\/boklima.de\/?p=12404\/#290822_ARD_Hart_aber_fair_%E2%80%94_Die_Jahrhundert-Duerre_Erleben_wir_gerade_unsere_Zukunft\" >(29.08.22, ARD) Hart aber fair &#8212; Die Jahrhundert-D\u00fcrre: Erleben wir gerade unsere Zukunft?<\/a><\/li><li class='ez-toc-page-1 ez-toc-heading-level-3'><a class=\"ez-toc-link ez-toc-heading-3\" href=\"https:\/\/boklima.de\/?p=12404\/#Weitere_Sendungen_zum_Thema_MediathekView\" >Weitere Sendungen zum Thema (MediathekView)<\/a><\/li><\/ul><\/nav><\/div>\n","protected":false},"excerpt":{"rendered":"<p>(29.08.22, ARD) Die Story im Ersten: Die gro\u00dfe D\u00fcrre Link in die ARD-Mediathek : hier Link zum direktem Abspielen in der Mediathekview : hier Deutschland bereitet sich auf D\u00fcrren vor, Bauern k\u00e4mpfen gegen die Trockenheit, Notfallpl\u00e4ne werden erarbeitet. Wie lange reicht unser Wasser noch? Dieser Frage geht Filmemacher Daniel Harrich gemeinsam mit einem Forscherteam nach. &hellip; <a href=\"https:\/\/boklima.de\/?p=12404\" class=\"more-link\"><span class=\"screen-reader-text\">\u201eDie gro\u00dfe D\u00fcrre &#8212; ARD\u201c <\/span>weiterlesen<\/a><\/p>\n","protected":false},"author":2,"featured_media":12405,"comment_status":"closed","ping_status":"closed","sticky":false,"template":"","format":"standard","meta":{"ngg_post_thumbnail":0,"footnotes":"","_share_on_mastodon":"0"},"categories":[159,157,104,130,128,129],"tags":[],"class_list":["post-12404","post","type-post","status-publish","format-standard","has-post-thumbnail","hentry","category-energie","category-relevant-klimanews","category-oeffentlich-fuer-alle-site-besucher-lesbar","category-co2-einsparen","category-anpflanzungen","category-co2"],"share_on_mastodon":{"url":"","error":""},"rttpg_featured_image_url":{"full":["https:\/\/boklima.de\/wp-content\/uploads\/2022\/08\/image-13.png",1465,572,false],"landscape":["https:\/\/boklima.de\/wp-content\/uploads\/2022\/08\/image-13.png",1465,572,false],"portraits":["https:\/\/boklima.de\/wp-content\/uploads\/2022\/08\/image-13.png",1465,572,false],"thumbnail":["https:\/\/boklima.de\/wp-content\/uploads\/2022\/08\/image-13-150x150.png",150,150,true],"medium":["https:\/\/boklima.de\/wp-content\/uploads\/2022\/08\/image-13-300x117.png",300,117,true],"large":["https:\/\/boklima.de\/wp-content\/uploads\/2022\/08\/image-13-1024x400.png",840,328,true],"1536x1536":["https:\/\/boklima.de\/wp-content\/uploads\/2022\/08\/image-13.png",1465,572,false],"2048x2048":["https:\/\/boklima.de\/wp-content\/uploads\/2022\/08\/image-13.png",1465,572,false],"post-thumbnail":["https:\/\/boklima.de\/wp-content\/uploads\/2022\/08\/image-13-1200x469.png",1200,469,true]},"rttpg_author":{"display_name":"thomas - als admin","author_link":"https:\/\/boklima.de\/?author=2"},"rttpg_comment":0,"rttpg_category":"<a href=\"https:\/\/boklima.de\/?cat=159\" rel=\"category\">Energie<\/a> <a href=\"https:\/\/boklima.de\/?cat=157\" rel=\"category\">relevant-KlimaNews<\/a> <a href=\"https:\/\/boklima.de\/?cat=104\" rel=\"category\">\u00f6ffentlich (f\u00fcr alle lesbar)<\/a> <a href=\"https:\/\/boklima.de\/?cat=130\" rel=\"category\">CO2-einsparen<\/a> <a href=\"https:\/\/boklima.de\/?cat=128\" rel=\"category\">Anpflanzungen<\/a> <a href=\"https:\/\/boklima.de\/?cat=129\" rel=\"category\">CO2<\/a>","rttpg_excerpt":"(29.08.22, ARD) Die Story im Ersten: Die gro\u00dfe D\u00fcrre Link in die ARD-Mediathek : hier Link zum direktem Abspielen in der Mediathekview : hier Deutschland bereitet sich auf D\u00fcrren vor, Bauern k\u00e4mpfen gegen die Trockenheit, Notfallpl\u00e4ne werden erarbeitet. Wie lange reicht unser Wasser noch? Dieser Frage geht Filmemacher Daniel Harrich gemeinsam mit einem Forscherteam nach.&hellip;","_links":{"self":[{"href":"https:\/\/boklima.de\/index.php?rest_route=\/wp\/v2\/posts\/12404","targetHints":{"allow":["GET"]}}],"collection":[{"href":"https:\/\/boklima.de\/index.php?rest_route=\/wp\/v2\/posts"}],"about":[{"href":"https:\/\/boklima.de\/index.php?rest_route=\/wp\/v2\/types\/post"}],"author":[{"embeddable":true,"href":"https:\/\/boklima.de\/index.php?rest_route=\/wp\/v2\/users\/2"}],"replies":[{"embeddable":true,"href":"https:\/\/boklima.de\/index.php?rest_route=%2Fwp%2Fv2%2Fcomments&post=12404"}],"version-history":[{"count":5,"href":"https:\/\/boklima.de\/index.php?rest_route=\/wp\/v2\/posts\/12404\/revisions"}],"predecessor-version":[{"id":12412,"href":"https:\/\/boklima.de\/index.php?rest_route=\/wp\/v2\/posts\/12404\/revisions\/12412"}],"wp:featuredmedia":[{"embeddable":true,"href":"https:\/\/boklima.de\/index.php?rest_route=\/wp\/v2\/media\/12405"}],"wp:attachment":[{"href":"https:\/\/boklima.de\/index.php?rest_route=%2Fwp%2Fv2%2Fmedia&parent=12404"}],"wp:term":[{"taxonomy":"category","embeddable":true,"href":"https:\/\/boklima.de\/index.php?rest_route=%2Fwp%2Fv2%2Fcategories&post=12404"},{"taxonomy":"post_tag","embeddable":true,"href":"https:\/\/boklima.de\/index.php?rest_route=%2Fwp%2Fv2%2Ftags&post=12404"}],"curies":[{"name":"wp","href":"https:\/\/api.w.org\/{rel}","templated":true}]}}