{"id":12361,"date":"2022-08-28T17:40:12","date_gmt":"2022-08-28T15:40:12","guid":{"rendered":"https:\/\/boklima.de\/?p=12361"},"modified":"2023-06-21T13:09:49","modified_gmt":"2023-06-21T11:09:49","slug":"balkon-solar-initiative-presse-berichte-aus-nachbar-staedten","status":"publish","type":"post","link":"https:\/\/boklima.de\/?p=12361","title":{"rendered":"Balkon-Solar-Initiative &#8212; (Presse-)-Berichte aus (Nachbar-) -St\u00e4dten \/ F\u00f6rderungen"},"content":{"rendered":"\n<p>(zur <a href=\"https:\/\/boklima.de\/pv\">Balkon-PV-Solar-Startseite<\/a>  )<\/p>\n\n\n\n<p>Hier stellen wir Informationen zu F\u00f6rderungen und Presseberichte zu Balkon-Solar-Anlagen von St\u00e4dten aus der Umgebung vor .<\/p>\n\n\n\n<p>Bitte an Alle &#8212; schickt uns bitte weitere Berichte und Fotos via E-M an <a href=\"mailto:balkon-solar@boklima.de\">boalkon-solar [bei ] boklima.de<\/a>  um hier  alle Interessierten ein wenig zu motivieren &#8230; \ud83d\ude42 <\/p>\n\n\n\n<p>Danke, BoKlima.de<\/p>\n\n\n\n<hr class=\"wp-block-separator has-alpha-channel-opacity\"\/>\n\n\n\n<div class=\"wp-block-group has-background\" style=\"background-color:#daf9d3\"><div class=\"wp-block-group__inner-container is-layout-flow wp-block-group-is-layout-flow\">\n<h2 class=\"wp-block-heading\"><span class=\"ez-toc-section\" id=\"200623_%E2%80%94_Foerderungen_von_Kommunen_%E2%80%94_Bochum_auch_dabei\"><\/span>(20.06.23)  &#8212; F\u00f6rderungen von Kommunen &#8212; Bochum auch dabei  <span class=\"ez-toc-section-end\"><\/span><\/h2>\n\n\n\n<p><strong>Ab 01.06.23 <\/strong>Bochum , St\u00e4dtische F\u00f6rderung von Photovoltaikanlagen :<\/p>\n\n\n\n<ul class=\"wp-block-list\">\n<li><strong>Quelle<\/strong> und weiter Infos bei der Stadt : : <a rel=\"noreferrer noopener\" href=\"https:\/\/www.bochum.de\/Stabsstelle-Klimaschutz\/Dienstleistungen-und-Infos\/Foerderung-von-Photovoltaikanlagen\" target=\"_blank\">hier<\/a>  \n\n\n\n\n<ul class=\"wp-block-list\">\n<li>Sie im Bereich Downloads finden.&nbsp;<\/li>\n<\/ul>\n\n\n\n<ul class=\"wp-block-list\">\n<li><a rel=\"noreferrer noopener\" href=\"https:\/\/www.bochum.de\/media\/Richtlinie-ueber-die-Gewaehrung-von-Zuwendungen-aus-Mitteln-des-Landes-NRW-fuer-die-Sonderfoerderung-von-Photovoltaik-Anlagen-auf-dem-Gebiet-der-Stadt-Bochum\" target=\"_blank\">F\u00f6rderrichtlinie<\/a><\/li>\n<\/ul>\n\n\n\n<ul class=\"wp-block-list\">\n<li><a rel=\"noreferrer noopener\" href=\"https:\/\/www.bochum.de\/media\/Antrag-auf-Gewaehrung-eines-Zuschusses-zur-Foerderung-von-Solarstrom-Anlagen_1\" target=\"_blank\">F\u00f6rderantrag<\/a><br><\/li>\n<\/ul>\n<\/li>\n\n\n\n<li>Stabsstelle Klima : F\u00f6rdertopf von rund 100 000 Euro<\/li>\n\n\n\n<li>Gef\u00f6rdert werden Photovoltaikanlagen auf den D\u00e4chern von Einfamilienh\u00e4usern sowie kleinere sogenannte Steckersolarger\u00e4te, welche meist auf dem Balkon eingesetzt werden.<\/li>\n\n\n\n<li>Der Zuschuss : Leistung von 400 bis 600 Watt entsprechend dem Kaufpreis bis maximal 400 Euro.<\/li>\n\n\n\n<li>(Bescheinigung der Verbraucherzentrale \u00fcber die Teilnahme am Online-Vortrag muss dem Antrag beigef\u00fcgt werden).<\/li>\n<\/ul>\n\n\n\n<hr class=\"wp-block-separator has-alpha-channel-opacity\"\/>\n\n\n\n<p><strong>F\u00f6rderung in weiteren Kommunen :<\/strong><\/p>\n\n\n\n<ul class=\"wp-block-list\">\n<li>(Bochum ist noch nicjht in den \u00dcberblickslisten) <\/li>\n\n\n\n<li>Quellen : https:\/\/www.energiemagazin.com\/balkonkraftwerk\/foerderung\/ ; https:\/\/efahrer.chip.de\/solaranlagen\/foerderung-von-balkonkraftwerken-in-diesen-staedten-bekommen-sie-geld-dazu_1011016#foerderung-balkonkraftwerke-nordrheim-westfalen<\/li>\n\n\n\n<li>Aachen : F\u00f6rderung: 300 Euro pauschal<\/li>\n\n\n\n<li>Castrop-Rauxel : F\u00f6rderung: 100 Euro pauschal<\/li>\n\n\n\n<li>pro Wohneinheit<\/li>\n\n\n\n<li>Essen ab 300 Wp 200 \u20ac<\/li>\n\n\n\n<li>Gelsenkirchen : F\u00f6rderung: 100 Euro pauschal<\/li>\n\n\n\n<li>Hattingen : 300EU bei Eigenleistung ; 500EU bei Fachbetrieb<\/li>\n<\/ul>\n<\/div><\/div>\n\n\n\n<hr class=\"wp-block-separator has-alpha-channel-opacity\"\/>\n\n\n\n<div class=\"wp-block-group has-background\" style=\"background-color:#daf9d3\"><div class=\"wp-block-group__inner-container is-layout-flow wp-block-group-is-layout-flow\">\n<h2 class=\"wp-block-heading\"><span class=\"ez-toc-section\" id=\"260323_%E2%80%94_Broschuere_Leitfaden_Balkonsolaranlagen\"><\/span>(26.03.23)  &#8212; Brosch\u00fcre <br>Leitfaden Balkonsolaranlagen<span class=\"ez-toc-section-end\"><\/span><\/h2>\n\n\n\n<p>(von : <a rel=\"noreferrer noopener\" href=\"https:\/\/klimaschutz-im-bundestag.de\/wp-content\/uploads\/2023\/03\/Leitfaden_Steckersolaranlagen.pdf\" target=\"_blank\">Klimaschutz im Bundestag.de<\/a>)  <a href=\"https:\/\/klimaschutz-im-bundestag.de\/\" target=\"_blank\" rel=\"noreferrer noopener\">https:\/\/klimaschutz-im-bundestag.de\/<\/a><\/p>\n\n\n\n<p>.<\/p>\n\n\n<div class=\"wp-block-image is-style-default\">\n<figure class=\"aligncenter size-large is-resized\"><a href=\"https:\/\/boklima.de\/wp-content\/uploads\/2023\/03\/grafik-6.png\"><img loading=\"lazy\" decoding=\"async\" src=\"https:\/\/boklima.de\/wp-content\/uploads\/2023\/03\/grafik-6-1024x715.png\" alt=\"\" class=\"wp-image-13021\" width=\"256\" height=\"179\" srcset=\"https:\/\/boklima.de\/wp-content\/uploads\/2023\/03\/grafik-6-1024x715.png 1024w, https:\/\/boklima.de\/wp-content\/uploads\/2023\/03\/grafik-6-300x209.png 300w, https:\/\/boklima.de\/wp-content\/uploads\/2023\/03\/grafik-6-768x536.png 768w, https:\/\/boklima.de\/wp-content\/uploads\/2023\/03\/grafik-6-1200x837.png 1200w, https:\/\/boklima.de\/wp-content\/uploads\/2023\/03\/grafik-6.png 1327w\" sizes=\"auto, (max-width: 256px) 85vw, 256px\" \/><\/a><\/figure>\n<\/div>\n\n\n<p><a href=\"https:\/\/klimaschutz-im-bundestag.de\/wp-content\/uploads\/2023\/03\/Leitfaden_Steckersolaranlagen.pdf\" target=\"_blank\" rel=\"noreferrer noopener\">Inhalt:<br>1 R\u00fcckblick <br>2 Was ist ein Steckersolarger\u00e4t?.<br>3 Montageorte f\u00fcr Steckersolarger\u00e4te? <br>4 Ist Ihr Steckersolarger\u00e4t versichert? <br>5 Zu erwartende monatliche Solarertr\u00e4ge <br>6 Welcher Ertrag bei welcher Ausrichtung?.<br>7 Mit wieviel Eigenstromerzeugung kann ich rechnen?<br>8 Lohnt sich ein Steckersolarger\u00e4t wirtschaftlich? <br>9 Was sollten Herstellende\/Betreibende einer Balkonsolaranlage beachten?<br>10 Welche Solarmodule sind an Fassaden oder Balkongel\u00e4ndern zugelassen? <br>11 Welche Montagesysteme sind an Fassaden oder Balkonen zugelassen?<br>12 Beispiele f\u00fcr Montagen an Balkonen<br>13 Sind Steckersolarger\u00e4te stromseitig sicher &#8211; was ist zu beachten?.<br>14 Muss ich ein Steckersolarger\u00e4t anmelden?.<br>15 Werden neue Stromz\u00e4hler notwendig?<br>16 Steckersolarger\u00e4te in Kundenanlagen &#8211; kollektive Eigenversorgung? <br>17 Wer nutzt Steckersolarger\u00e4te bisher &#8211; und wie hoch ist das Potential? <br>18 F\u00f6rderprogramme f\u00fcr Steckersolarger\u00e4te? <br>19 Erfassung der Strommenge (Monitoring<br>20 Ist ein Batteriespeicher sinnvoll?<\/a> <br>21 Umweltauswirkungen der PV und Ausblick <br><\/p>\n\n\n\n<p><\/p>\n\n\n\n<hr class=\"wp-block-separator has-alpha-channel-opacity\"\/>\n<\/div><\/div>\n\n\n\n<p><\/p>\n\n\n\n<hr class=\"wp-block-separator has-alpha-channel-opacity\"\/>\n\n\n\n<div class=\"wp-block-group has-background\" style=\"background-color:#daf9d3\"><div class=\"wp-block-group__inner-container is-layout-flow wp-block-group-is-layout-flow\">\n<h2 class=\"wp-block-heading\"><span class=\"ez-toc-section\" id=\"260323_%E2%80%94_Balkon-PV-Initiative_in_Freiburg_hier\"><\/span>(26.03.23)  &#8212; Balkon-PV-Initiative in Freiburg :<a rel=\"noreferrer noopener\" href=\"https:\/\/balkon.solar\/was-ist-ein-balkonsolar-geraet\/\" target=\"_blank\"> hier <\/a>  <span class=\"ez-toc-section-end\"><\/span><\/h2>\n\n\n<div class=\"wp-block-image is-style-default\">\n<figure class=\"alignright size-full is-resized\"><a href=\"https:\/\/boklima.de\/wp-content\/uploads\/2023\/03\/grafik-5.png\"><img loading=\"lazy\" decoding=\"async\" src=\"https:\/\/boklima.de\/wp-content\/uploads\/2023\/03\/grafik-5.png\" alt=\"\" class=\"wp-image-13016\" width=\"146\" height=\"72\" srcset=\"https:\/\/boklima.de\/wp-content\/uploads\/2023\/03\/grafik-5.png 585w, https:\/\/boklima.de\/wp-content\/uploads\/2023\/03\/grafik-5-300x148.png 300w\" sizes=\"auto, (max-width: 146px) 85vw, 146px\" \/><\/a><\/figure>\n<\/div>\n\n\n<p>KurzVideo aus Freibug : <a href=\"https:\/\/youtu.be\/xhPVTOHvfQU\" target=\"_blank\" rel=\"noreferrer noopener\">hier<\/a> <\/p>\n\n\n\n<hr class=\"wp-block-separator has-alpha-channel-opacity\"\/>\n<\/div><\/div>\n\n\n\n<hr class=\"wp-block-separator has-alpha-channel-opacity\"\/>\n\n\n\n<div class=\"wp-block-group has-background\" style=\"background-color:#daf9d3\"><div class=\"wp-block-group__inner-container is-layout-flow wp-block-group-is-layout-flow\">\n<h2 class=\"wp-block-heading\"><span class=\"ez-toc-section\" id=\"221222_%E2%80%94_Nullsteuersatz_fuer_Photovoltaik_hier\"><\/span>(22.12.22)  &#8212; Nullsteuersatz f\u00fcr Photovoltaik: <a href=\"https:\/\/boklima.de\/?p=12830\">hier<\/a><span class=\"ez-toc-section-end\"><\/span><\/h2>\n\n\n\n<p><\/p>\n<\/div><\/div>\n\n\n\n<hr class=\"wp-block-separator has-alpha-channel-opacity\"\/>\n\n\n\n<div class=\"wp-block-group has-background\" style=\"background-color:#daf9d3\"><div class=\"wp-block-group__inner-container is-layout-flow wp-block-group-is-layout-flow\">\n<h2 class=\"wp-block-heading\"><span class=\"ez-toc-section\" id=\"211122_Umweltinstitut_Muenchen_%E2%80%94_Solarstrom_einfach_selber_machen\"><\/span>(21.11.22,  Umweltinstitut M\u00fcnchen)  &#8212; Solarstrom einfach selber machen<span class=\"ez-toc-section-end\"><\/span><\/h2>\n\n\n\n<p>&#8230; Mit einem Mini-Kraftwerk auf dem Balkon <\/p>\n\n\n\n<figure class=\"wp-block-image size-large is-style-default\"><img loading=\"lazy\" decoding=\"async\" width=\"737\" height=\"1024\" src=\"https:\/\/boklima.de\/wp-content\/uploads\/2022\/11\/221121-umweltinst-muc-balkonpv1-737x1024.jpg\" alt=\"\" class=\"wp-image-12738\" srcset=\"https:\/\/boklima.de\/wp-content\/uploads\/2022\/11\/221121-umweltinst-muc-balkonpv1-737x1024.jpg 737w, https:\/\/boklima.de\/wp-content\/uploads\/2022\/11\/221121-umweltinst-muc-balkonpv1-216x300.jpg 216w, https:\/\/boklima.de\/wp-content\/uploads\/2022\/11\/221121-umweltinst-muc-balkonpv1-768x1068.jpg 768w, https:\/\/boklima.de\/wp-content\/uploads\/2022\/11\/221121-umweltinst-muc-balkonpv1-1105x1536.jpg 1105w, https:\/\/boklima.de\/wp-content\/uploads\/2022\/11\/221121-umweltinst-muc-balkonpv1-1473x2048.jpg 1473w, https:\/\/boklima.de\/wp-content\/uploads\/2022\/11\/221121-umweltinst-muc-balkonpv1-1200x1668.jpg 1200w, https:\/\/boklima.de\/wp-content\/uploads\/2022\/11\/221121-umweltinst-muc-balkonpv1.jpg 1648w\" sizes=\"auto, (max-width: 709px) 85vw, (max-width: 909px) 67vw, (max-width: 984px) 61vw, (max-width: 1362px) 45vw, 600px\" \/><\/figure>\n\n\n\n<figure class=\"wp-block-image size-large is-style-default\"><img loading=\"lazy\" decoding=\"async\" width=\"737\" height=\"1024\" src=\"https:\/\/boklima.de\/wp-content\/uploads\/2022\/11\/221121-umweltinst-muc-balkonpv2-737x1024.jpg\" alt=\"\" class=\"wp-image-12739\" srcset=\"https:\/\/boklima.de\/wp-content\/uploads\/2022\/11\/221121-umweltinst-muc-balkonpv2-737x1024.jpg 737w, https:\/\/boklima.de\/wp-content\/uploads\/2022\/11\/221121-umweltinst-muc-balkonpv2-216x300.jpg 216w, https:\/\/boklima.de\/wp-content\/uploads\/2022\/11\/221121-umweltinst-muc-balkonpv2-768x1068.jpg 768w, https:\/\/boklima.de\/wp-content\/uploads\/2022\/11\/221121-umweltinst-muc-balkonpv2-1105x1536.jpg 1105w, https:\/\/boklima.de\/wp-content\/uploads\/2022\/11\/221121-umweltinst-muc-balkonpv2-1473x2048.jpg 1473w, https:\/\/boklima.de\/wp-content\/uploads\/2022\/11\/221121-umweltinst-muc-balkonpv2-1200x1668.jpg 1200w, https:\/\/boklima.de\/wp-content\/uploads\/2022\/11\/221121-umweltinst-muc-balkonpv2.jpg 1648w\" sizes=\"auto, (max-width: 709px) 85vw, (max-width: 909px) 67vw, (max-width: 984px) 61vw, (max-width: 1362px) 45vw, 600px\" \/><\/figure>\n\n\n\n<p>&#8230;<\/p>\n<\/div><\/div>\n\n\n\n<hr class=\"wp-block-separator has-alpha-channel-opacity\"\/>\n\n\n\n<div class=\"wp-block-group has-background\" style=\"background-color:#daf9d3\"><div class=\"wp-block-group__inner-container is-layout-flow wp-block-group-is-layout-flow\">\n<h2 class=\"wp-block-heading\"><span class=\"ez-toc-section\" id=\"011122_mdrde_%E2%80%94_Jena_foerdert_Balkonkraftwerke\"><\/span>(01.11.22,  mdr.de)  &#8212; <br><a href=\"https:\/\/www.mdr.de\/nachrichten\/thueringen\/ost-thueringen\/jena\/balkon-kraftwerk-solaranlage-zuschuss-foerderung-100.html\" target=\"_blank\" rel=\"noreferrer noopener\">Jena f\u00f6rdert Balkonkraftwerke<\/a><span class=\"ez-toc-section-end\"><\/span><\/h2>\n\n\n\n<p>Als erste Kommune in Th\u00fcringen hat Jena ein F\u00f6rderprogramm f\u00fcr sogenannte Balkonkraftwerke auf den Weg gebracht. Mit der etwa 800 Euro teuren Photovoltaik-Anlage sollen Mieter klimafreundlichen Strom erzeugen k\u00f6nnen.<\/p>\n\n\n<div class=\"wp-block-image is-style-default\">\n<figure class=\"aligncenter size-large is-resized\"><a href=\"https:\/\/boklima.de\/wp-content\/uploads\/2022\/11\/grafik-6.png\"><img loading=\"lazy\" decoding=\"async\" src=\"https:\/\/boklima.de\/wp-content\/uploads\/2022\/11\/grafik-6-1024x461.png\" alt=\"\" class=\"wp-image-12712\" width=\"512\" height=\"231\" srcset=\"https:\/\/boklima.de\/wp-content\/uploads\/2022\/11\/grafik-6-1024x461.png 1024w, https:\/\/boklima.de\/wp-content\/uploads\/2022\/11\/grafik-6-300x135.png 300w, https:\/\/boklima.de\/wp-content\/uploads\/2022\/11\/grafik-6-768x346.png 768w, https:\/\/boklima.de\/wp-content\/uploads\/2022\/11\/grafik-6-1536x691.png 1536w, https:\/\/boklima.de\/wp-content\/uploads\/2022\/11\/grafik-6-1200x540.png 1200w, https:\/\/boklima.de\/wp-content\/uploads\/2022\/11\/grafik-6.png 1569w\" sizes=\"auto, (max-width: 512px) 85vw, 512px\" \/><\/a><\/figure>\n<\/div>\n\n\n<p>&#8230;<\/p>\n<\/div><\/div>\n\n\n\n<hr class=\"wp-block-separator has-alpha-channel-opacity\"\/>\n\n\n\n<div class=\"wp-block-group has-background\" style=\"background-color:#daf9d3\"><div class=\"wp-block-group__inner-container is-layout-flow wp-block-group-is-layout-flow\">\n<h2 class=\"wp-block-heading\"><span class=\"ez-toc-section\" id=\"290922_GamStarde_%E2%80%94_Ich_habe_mir_ein_Balkonkraftwerk_gebaut_um_jaehrlich_200_Euro_Strom_zu_sparen\"><\/span>(29.09.22, GamStar.de)  &#8212; <br><a href=\"https:\/\/www.gamestar.de\/artikel\/balkonkraftwerk-strom-sparen-200-euro,3383889.html\" target=\"_blank\" rel=\"noreferrer noopener\">Ich habe mir ein Balkonkraftwerk gebaut, um j\u00e4hrlich 200 Euro Strom zu sparen<\/a><span class=\"ez-toc-section-end\"><\/span><\/h2>\n\n\n\n<p>Die Strompreise steigen, der Gaming-PC saugt an der Steckdose. Mit einer Mini-PV-Anlage, einem Balkonkraftwerk, erzeugt ihr tags\u00fcber selbst Strom.<\/p>\n\n\n\n<h4 class=\"wp-block-heading\" id=\"strom-selbst-produzieren-statt-nur-einzusparen\"><span class=\"ez-toc-section\" id=\"Strom_selbst_produzieren_statt_nur_einzusparen\"><\/span>Strom selbst produzieren statt nur einzusparen<span class=\"ez-toc-section-end\"><\/span><\/h4>\n\n\n\n<p>Aber wie w\u00e4re es denn, den Strom, neben dem Beherzigen der g\u00e4ngigen Spartipps, tats\u00e4chlich so zu erzeugen, wie im Strategiespiel bei Energieknappheit? <strong>In etwa 150 Millionen Kilometern befindet sich praktischerweise ein gigantischer Fusionsreaktor, der sich sogar aus dieser Entfernung noch anzapfen l\u00e4sst<\/strong>: Solarstrom l\u00e4sst sich auch auf kleiner Fl\u00e4che <q>ernten<\/q> und seit 2019 erleichtert uns die gesetzliche Regelung den Betrieb einer kleinen eigenen Photovoltaikanlage. Der Begriff Balkonkraftwerk hat sich hier ebenso etabliert wie Mini-PV oder Balkon-Solaranlage. Es geht aber auch ohne Balkon, in meinem Fall dient eine Garage als Unterlage.<\/p>\n\n\n\n<p>&#8230;<\/p>\n<\/div><\/div>\n\n\n\n<hr class=\"wp-block-separator has-alpha-channel-opacity\"\/>\n\n\n\n<div class=\"wp-block-group has-background\" style=\"background-color:#daf9d3\"><div class=\"wp-block-group__inner-container is-layout-flow wp-block-group-is-layout-flow\">\n<h2 class=\"wp-block-heading\"><span class=\"ez-toc-section\" id=\"260822_WAZ-Langeberg_%E2%80%94_Foerderprogramm_fuer_Stecker-Solar-Anlagen\"><\/span>(26.08.22, WAZ-Langeberg)  &#8212; <br>F\u00f6rderprogramm f\u00fcr Stecker-Solar-Anlagen<span class=\"ez-toc-section-end\"><\/span><\/h2>\n\n\n\n<p>&#8212; Der Kreis Mettmann unterst\u00fctzt die Installation von Ger\u00e4ten f\u00fcr Balkon &amp; Co. &#8212;<\/p>\n\n\n\n<figure class=\"wp-block-image size-large is-resized is-style-default\"><a href=\"https:\/\/boklima.de\/wp-content\/uploads\/2022\/08\/image-4.png\"><img loading=\"lazy\" decoding=\"async\" src=\"https:\/\/boklima.de\/wp-content\/uploads\/2022\/08\/image-4-1024x422.png\" alt=\"\" class=\"wp-image-12362\" width=\"512\" height=\"211\" srcset=\"https:\/\/boklima.de\/wp-content\/uploads\/2022\/08\/image-4-1024x422.png 1024w, https:\/\/boklima.de\/wp-content\/uploads\/2022\/08\/image-4-300x124.png 300w, https:\/\/boklima.de\/wp-content\/uploads\/2022\/08\/image-4-768x317.png 768w, https:\/\/boklima.de\/wp-content\/uploads\/2022\/08\/image-4-1536x634.png 1536w, https:\/\/boklima.de\/wp-content\/uploads\/2022\/08\/image-4-1200x495.png 1200w, https:\/\/boklima.de\/wp-content\/uploads\/2022\/08\/image-4.png 2019w\" sizes=\"auto, (max-width: 512px) 85vw, 512px\" \/><\/a><\/figure>\n<\/div><\/div>\n\n\n\n<hr class=\"wp-block-separator has-alpha-channel-opacity\"\/>\n\n\n\n<hr class=\"wp-block-separator has-alpha-channel-opacity\"\/>\n\n\n\n<hr class=\"wp-block-separator has-alpha-channel-opacity\"\/>\n\n\n\n<h2 class=\"wp-block-heading\"><span class=\"ez-toc-section\" id=\"Weitere_Pressemitteilungen\"><\/span>Weitere Pressemitteilungen <span class=\"ez-toc-section-end\"><\/span><\/h2>\n\n\n\n<ul class=\"wp-block-list\">\n<li><a href=\"https:\/\/boklima.de\/?p=12443\">Photovoltaik-Anlagen lieferten im August knapp 7,57 Terawattstunden Solarstrom<\/a><\/li>\n\n\n\n<li>x<\/li>\n<\/ul>\n\n\n\n<hr class=\"wp-block-separator has-alpha-channel-opacity\"\/>\n\n\n\n<div class=\"wp-block-group has-background\" style=\"background-color:#daf9d3\"><div class=\"wp-block-group__inner-container is-layout-flow wp-block-group-is-layout-flow\">\n<h2 class=\"wp-block-heading\"><span class=\"ez-toc-section\" id=\"Hinweis_links_zu_weiteren_Gruppen_Initiativen\"><\/span>Hinweis \/ links zu weiteren Gruppen \/ Initiativen<span class=\"ez-toc-section-end\"><\/span><\/h2>\n\n\n\n<h3 class=\"wp-block-heading\"><span class=\"ez-toc-section\" id=\"%E2%80%94_Bremer_SolarStrom_%E2%80%94_Der_Bremer_SolidarStrom_bringt_die_Energiewende_in_Bremen_und_umzu_voran_%E2%80%93_gemeinsam_mit_dir\"><\/span>&#8212; <br><a href=\"https:\/\/bremer-solidarstrom.de\/\" target=\"_blank\" rel=\"noreferrer noopener\">Bremer SolarStrom &#8212; Der Bremer SolidarStrom bringt die Energiewende in Bremen und umzu voran \u2013 gemeinsam mit dir.<\/a><span class=\"ez-toc-section-end\"><\/span><\/h3>\n\n\n\n<p>Das geht ganz einfach: Beziehe von uns \u00d6kostrom, ein Balkon-Solarmodul oder baue mit uns eine Solaranlage. Als solidarische Community unterst\u00fctzen wir uns gegenseitig dabei. Gemeinsam packen wir\u2019s an \u2013 f\u00fcr ein gutes Klima!. -&#8230;<\/p>\n\n\n\n<h5 class=\"wp-block-heading\">Nachhaltige Energie auf dem Balkon<\/h5>\n\n\n\n<p>Balkon-Solarmodule werden auch Balkonkraftwerke oder Stecker-Solarger\u00e4te genannt. Sie werden oft an Balkongel\u00e4ndern angebracht, k\u00f6nnen aber auch an Fassaden, auf Flach- oder Steild\u00e4chern montiert werden. Jeder Haushalt darf bis zu zwei Balkon-Solarmodule benutzen und damit schnell und einfach an der Energiewende teilnehmen. Ein Balkon-Solarmodul spart j\u00e4hrlich ca. 75 \u20ac Stromkosten und 100 kg CO2. Balkon-Solarmodule sind sicher, \u00f6kologisch sinnvoll und legal. Die Installation ist ganz einfach. Mit unserem solidarischen Preissystem entscheidest Du selbst, was Du zahlst: 500, 600 oder 700\u20ac.<\/p>\n\n\n\n<p>Nicht nur mit unseren Kundinnen und Kunden, sondern auch gegen\u00fcber den Menschen, die unsere Vorprodukte herstellen, ist uns ein solidarischer und nachhaltiger Umgang wichtig. Wir achten in unserer Beschaffung auf soziale und \u00f6kologische Standards. Hierzu sind wir in Kontakt mit unseren Zulieferern. Bei unseren Solarmodulen verzichten wir zum Beispiel ausdr\u00fccklich auf solche aus Polysilizium, welches mithilfe von uigurischer Zwangsarbeit in der chinesischen Region Xinjiang hergestellt wird. &#8230;<a href=\"https:\/\/bremer-solidarstrom.de\/balkonmodule\/\" target=\"_blank\" rel=\"noreferrer noopener\"> mehr<\/a><\/p>\n<\/div><\/div>\n\n\n\n<hr class=\"wp-block-separator has-alpha-channel-opacity\"\/>\n\n\n\n<p>Erg\u00e4nzungsw\u00fcnsche \/ Anregungen zu obigen Infos bitte per E-M an <a href=\"mailto:boklima@boklima.de\" target=\"_blank\" rel=\"noreferrer noopener\">boklima [bei] boklima.de<\/a><\/p>\n\n\n\n<hr class=\"wp-block-separator has-alpha-channel-opacity\"\/>\n\n\n\n<p>Interessierte tragen  bitte neue Infos \/ \u00c4nsderungen via Kommentar ein <br>(bleibt freigeschaltet solange da keine FehlNutzung stattfindet)<\/p>\n\n\n\n<hr class=\"wp-block-separator has-alpha-channel-opacity\"\/>\n<div id=\"ez-toc-container\" class=\"ez-toc-v2_0_82_2 counter-hierarchy ez-toc-counter ez-toc-transparent ez-toc-container-direction\">\n<div class=\"ez-toc-title-container\">\n<p class=\"ez-toc-title\" style=\"cursor:inherit\">Inhalte dieser Seite :<\/p>\n<span class=\"ez-toc-title-toggle\"><a href=\"#\" class=\"ez-toc-pull-right ez-toc-btn ez-toc-btn-xs ez-toc-btn-default ez-toc-toggle\" aria-label=\"Toggle Table of Content\"><span class=\"ez-toc-js-icon-con\"><span class=\"\"><span class=\"eztoc-hide\" style=\"display:none;\">Toggle<\/span><span class=\"ez-toc-icon-toggle-span\"><svg style=\"fill: #999;color:#999\" xmlns=\"http:\/\/www.w3.org\/2000\/svg\" class=\"list-377408\" width=\"20px\" height=\"20px\" viewBox=\"0 0 24 24\" fill=\"none\"><path d=\"M6 6H4v2h2V6zm14 0H8v2h12V6zM4 11h2v2H4v-2zm16 0H8v2h12v-2zM4 16h2v2H4v-2zm16 0H8v2h12v-2z\" fill=\"currentColor\"><\/path><\/svg><svg style=\"fill: #999;color:#999\" class=\"arrow-unsorted-368013\" xmlns=\"http:\/\/www.w3.org\/2000\/svg\" width=\"10px\" height=\"10px\" viewBox=\"0 0 24 24\" version=\"1.2\" baseProfile=\"tiny\"><path d=\"M18.2 9.3l-6.2-6.3-6.2 6.3c-.2.2-.3.4-.3.7s.1.5.3.7c.2.2.4.3.7.3h11c.3 0 .5-.1.7-.3.2-.2.3-.5.3-.7s-.1-.5-.3-.7zM5.8 14.7l6.2 6.3 6.2-6.3c.2-.2.3-.5.3-.7s-.1-.5-.3-.7c-.2-.2-.4-.3-.7-.3h-11c-.3 0-.5.1-.7.3-.2.2-.3.5-.3.7s.1.5.3.7z\"\/><\/svg><\/span><\/span><\/span><\/a><\/span><\/div>\n<nav><ul class='ez-toc-list ez-toc-list-level-1 eztoc-toggle-hide-by-default' ><li class='ez-toc-page-1 ez-toc-heading-level-2'><a class=\"ez-toc-link ez-toc-heading-1\" href=\"https:\/\/boklima.de\/?p=12361\/#200623_%E2%80%94_Foerderungen_von_Kommunen_%E2%80%94_Bochum_auch_dabei\" >(20.06.23)  &#8212; F\u00f6rderungen von Kommunen &#8212; Bochum auch dabei<\/a><\/li><li class='ez-toc-page-1 ez-toc-heading-level-2'><a class=\"ez-toc-link ez-toc-heading-2\" href=\"https:\/\/boklima.de\/?p=12361\/#260323_%E2%80%94_Broschuere_Leitfaden_Balkonsolaranlagen\" >(26.03.23)  &#8212; Brosch\u00fcre  Leitfaden Balkonsolaranlagen<\/a><\/li><li class='ez-toc-page-1 ez-toc-heading-level-2'><a class=\"ez-toc-link ez-toc-heading-3\" href=\"https:\/\/boklima.de\/?p=12361\/#260323_%E2%80%94_Balkon-PV-Initiative_in_Freiburg_hier\" >(26.03.23)  &#8212; Balkon-PV-Initiative in Freiburg : hier<\/a><\/li><li class='ez-toc-page-1 ez-toc-heading-level-2'><a class=\"ez-toc-link ez-toc-heading-4\" href=\"https:\/\/boklima.de\/?p=12361\/#221222_%E2%80%94_Nullsteuersatz_fuer_Photovoltaik_hier\" >(22.12.22)  &#8212; Nullsteuersatz f\u00fcr Photovoltaik: hier<\/a><\/li><li class='ez-toc-page-1 ez-toc-heading-level-2'><a class=\"ez-toc-link ez-toc-heading-5\" href=\"https:\/\/boklima.de\/?p=12361\/#211122_Umweltinstitut_Muenchen_%E2%80%94_Solarstrom_einfach_selber_machen\" >(21.11.22,  Umweltinstitut M\u00fcnchen)  &#8212; Solarstrom einfach selber machen<\/a><\/li><li class='ez-toc-page-1 ez-toc-heading-level-2'><a class=\"ez-toc-link ez-toc-heading-6\" href=\"https:\/\/boklima.de\/?p=12361\/#011122_mdrde_%E2%80%94_Jena_foerdert_Balkonkraftwerke\" >(01.11.22,  mdr.de)  &#8212;  Jena f\u00f6rdert Balkonkraftwerke<\/a><\/li><li class='ez-toc-page-1 ez-toc-heading-level-2'><a class=\"ez-toc-link ez-toc-heading-7\" href=\"https:\/\/boklima.de\/?p=12361\/#290922_GamStarde_%E2%80%94_Ich_habe_mir_ein_Balkonkraftwerk_gebaut_um_jaehrlich_200_Euro_Strom_zu_sparen\" >(29.09.22, GamStar.de)  &#8212;  Ich habe mir ein Balkonkraftwerk gebaut, um j\u00e4hrlich 200 Euro Strom zu sparen<\/a><ul class='ez-toc-list-level-4' ><li class='ez-toc-heading-level-4'><ul class='ez-toc-list-level-4' ><li class='ez-toc-heading-level-4'><a class=\"ez-toc-link ez-toc-heading-8\" href=\"https:\/\/boklima.de\/?p=12361\/#Strom_selbst_produzieren_statt_nur_einzusparen\" >Strom selbst produzieren statt nur einzusparen<\/a><\/li><\/ul><\/li><\/ul><\/li><li class='ez-toc-page-1 ez-toc-heading-level-2'><a class=\"ez-toc-link ez-toc-heading-9\" href=\"https:\/\/boklima.de\/?p=12361\/#260822_WAZ-Langeberg_%E2%80%94_Foerderprogramm_fuer_Stecker-Solar-Anlagen\" >(26.08.22, WAZ-Langeberg)  &#8212;  F\u00f6rderprogramm f\u00fcr Stecker-Solar-Anlagen<\/a><\/li><li class='ez-toc-page-1 ez-toc-heading-level-2'><a class=\"ez-toc-link ez-toc-heading-10\" href=\"https:\/\/boklima.de\/?p=12361\/#Weitere_Pressemitteilungen\" >Weitere Pressemitteilungen<\/a><\/li><li class='ez-toc-page-1 ez-toc-heading-level-2'><a class=\"ez-toc-link ez-toc-heading-11\" href=\"https:\/\/boklima.de\/?p=12361\/#Hinweis_links_zu_weiteren_Gruppen_Initiativen\" >Hinweis \/ links zu weiteren Gruppen \/ Initiativen<\/a><ul class='ez-toc-list-level-3' ><li class='ez-toc-heading-level-3'><a class=\"ez-toc-link ez-toc-heading-12\" href=\"https:\/\/boklima.de\/?p=12361\/#%E2%80%94_Bremer_SolarStrom_%E2%80%94_Der_Bremer_SolidarStrom_bringt_die_Energiewende_in_Bremen_und_umzu_voran_%E2%80%93_gemeinsam_mit_dir\" >&#8212;  Bremer SolarStrom &#8212; Der Bremer SolidarStrom bringt die Energiewende in Bremen und umzu voran \u2013 gemeinsam mit dir.<\/a><\/li><\/ul><\/li><\/ul><\/nav><\/div>\n","protected":false},"excerpt":{"rendered":"<p>(zur Balkon-PV-Solar-Startseite ) Hier stellen wir Informationen zu F\u00f6rderungen und Presseberichte zu Balkon-Solar-Anlagen von St\u00e4dten aus der Umgebung vor . Bitte an Alle &#8212; schickt uns bitte weitere Berichte und Fotos via E-M an boalkon-solar [bei ] boklima.de um hier alle Interessierten ein wenig zu motivieren &#8230; \ud83d\ude42 Danke, BoKlima.de (20.06.23) &#8212; F\u00f6rderungen von Kommunen &hellip; <a href=\"https:\/\/boklima.de\/?p=12361\" class=\"more-link\"><span class=\"screen-reader-text\">\u201eBalkon-Solar-Initiative &#8212; (Presse-)-Berichte aus (Nachbar-) -St\u00e4dten \/ F\u00f6rderungen\u201c <\/span>weiterlesen<\/a><\/p>\n","protected":false},"author":2,"featured_media":12281,"comment_status":"open","ping_status":"closed","sticky":false,"template":"","format":"standard","meta":{"ngg_post_thumbnail":0,"footnotes":"","_share_on_mastodon":"1"},"categories":[159,210,155,104,130],"tags":[],"class_list":["post-12361","post","type-post","status-publish","format-standard","has-post-thumbnail","hentry","category-energie","category-pv-initiative","category-relevant-boklima","category-oeffentlich-fuer-alle-site-besucher-lesbar","category-co2-einsparen"],"share_on_mastodon":{"url":"https:\/\/ruhr.social\/@BoKlima\/109327601866267398","error":""},"rttpg_featured_image_url":{"full":["https:\/\/boklima.de\/wp-content\/uploads\/2022\/08\/threema-20220806-150515705.jpg",1024,462,false],"landscape":["https:\/\/boklima.de\/wp-content\/uploads\/2022\/08\/threema-20220806-150515705.jpg",1024,462,false],"portraits":["https:\/\/boklima.de\/wp-content\/uploads\/2022\/08\/threema-20220806-150515705.jpg",1024,462,false],"thumbnail":["https:\/\/boklima.de\/wp-content\/uploads\/2022\/08\/threema-20220806-150515705-150x150.jpg",150,150,true],"medium":["https:\/\/boklima.de\/wp-content\/uploads\/2022\/08\/threema-20220806-150515705-300x135.jpg",300,135,true],"large":["https:\/\/boklima.de\/wp-content\/uploads\/2022\/08\/threema-20220806-150515705.jpg",840,379,false],"1536x1536":["https:\/\/boklima.de\/wp-content\/uploads\/2022\/08\/threema-20220806-150515705.jpg",1024,462,false],"2048x2048":["https:\/\/boklima.de\/wp-content\/uploads\/2022\/08\/threema-20220806-150515705.jpg",1024,462,false],"post-thumbnail":["https:\/\/boklima.de\/wp-content\/uploads\/2022\/08\/threema-20220806-150515705.jpg",1024,462,false]},"rttpg_author":{"display_name":"thomas - als admin","author_link":"https:\/\/boklima.de\/?author=2"},"rttpg_comment":0,"rttpg_category":"<a href=\"https:\/\/boklima.de\/?cat=159\" rel=\"category\">Energie<\/a> <a href=\"https:\/\/boklima.de\/?cat=210\" rel=\"category\">PV-Initiative<\/a> <a href=\"https:\/\/boklima.de\/?cat=155\" rel=\"category\">relevant-BoKlima<\/a> <a href=\"https:\/\/boklima.de\/?cat=104\" rel=\"category\">\u00f6ffentlich (f\u00fcr alle lesbar)<\/a> <a href=\"https:\/\/boklima.de\/?cat=130\" rel=\"category\">CO2-einsparen<\/a>","rttpg_excerpt":"(zur Balkon-PV-Solar-Startseite ) Hier stellen wir Informationen zu F\u00f6rderungen und Presseberichte zu Balkon-Solar-Anlagen von St\u00e4dten aus der Umgebung vor . Bitte an Alle &#8212; schickt uns bitte weitere Berichte und Fotos via E-M an boalkon-solar [bei ] boklima.de um hier alle Interessierten ein wenig zu motivieren &#8230; \ud83d\ude42 Danke, BoKlima.de (20.06.23) &#8212; F\u00f6rderungen von Kommunen&hellip;","_links":{"self":[{"href":"https:\/\/boklima.de\/index.php?rest_route=\/wp\/v2\/posts\/12361","targetHints":{"allow":["GET"]}}],"collection":[{"href":"https:\/\/boklima.de\/index.php?rest_route=\/wp\/v2\/posts"}],"about":[{"href":"https:\/\/boklima.de\/index.php?rest_route=\/wp\/v2\/types\/post"}],"author":[{"embeddable":true,"href":"https:\/\/boklima.de\/index.php?rest_route=\/wp\/v2\/users\/2"}],"replies":[{"embeddable":true,"href":"https:\/\/boklima.de\/index.php?rest_route=%2Fwp%2Fv2%2Fcomments&post=12361"}],"version-history":[{"count":9,"href":"https:\/\/boklima.de\/index.php?rest_route=\/wp\/v2\/posts\/12361\/revisions"}],"predecessor-version":[{"id":13256,"href":"https:\/\/boklima.de\/index.php?rest_route=\/wp\/v2\/posts\/12361\/revisions\/13256"}],"wp:featuredmedia":[{"embeddable":true,"href":"https:\/\/boklima.de\/index.php?rest_route=\/wp\/v2\/media\/12281"}],"wp:attachment":[{"href":"https:\/\/boklima.de\/index.php?rest_route=%2Fwp%2Fv2%2Fmedia&parent=12361"}],"wp:term":[{"taxonomy":"category","embeddable":true,"href":"https:\/\/boklima.de\/index.php?rest_route=%2Fwp%2Fv2%2Fcategories&post=12361"},{"taxonomy":"post_tag","embeddable":true,"href":"https:\/\/boklima.de\/index.php?rest_route=%2Fwp%2Fv2%2Ftags&post=12361"}],"curies":[{"name":"wp","href":"https:\/\/api.w.org\/{rel}","templated":true}]}}