{"id":12333,"date":"2022-08-22T17:43:34","date_gmt":"2022-08-22T15:43:34","guid":{"rendered":"https:\/\/boklima.de\/?p=12333"},"modified":"2022-08-22T17:45:14","modified_gmt":"2022-08-22T15:45:14","slug":"fff-demo-zur-mobilitaetswende-fr-26-08-22-15h-schauspielhaus","status":"publish","type":"post","link":"https:\/\/boklima.de\/?p=12333","title":{"rendered":"FFF : Demo zur Mobilit\u00e4tswende : Fr 26.08.22 15h, Schauspielhaus"},"content":{"rendered":"\n<p>&gt;&gt;Fridays for Future Bochum organisiert f\u00fcr den 26. August eine weitere Demo zur Mobilit\u00e4tswende. Geplant ist eine Laufdemonstration, welche um 15:00 Uhr vor dem Schauspielhaus beginnt. Damit setzt sich die Ortsgruppe f\u00fcr eine Fortf\u00fchrung des 9-Euro-Tickets sowie die Herstellung von Fl\u00e4chengerechtigkeit auf den Bochumer Stra\u00dfen und Pl\u00e4tzen ein.<\/p>\n\n\n\n<p>Zum 9-Euro-Ticket, das nach Ende August von der Bundesregierung nicht fortgef\u00fchrt wird, erkl\u00e4rte Emil G\u00f6rtzen: &#8220;Die starke Nachfrage nach dem 9-Euro-Ticket und die hohe Auslastung des \u00d6PNV in den letzten drei Monaten zeigt, dass der Wunsch nach einem bezahlbaren \u00d6PNV in der Bev\u00f6lkerung vorhanden ist. Die Bundesregierung muss das 9-Euro-Ticket auch \u00fcber diese drei Monate hinaus erm\u00f6glichen und den \u00d6PNV massiv ausbauen.&#8221;<\/p>\n\n\n\n<hr class=\"wp-block-separator has-css-opacity\"\/>\n\n\n\n<p>Nach der Demonstration vom 29. Juli ist dies bereits die zweite Demonstration zur Mobilit\u00e4tswende der Bochumer FFF-Gruppe in k\u00fcrzerer Zeit. Zudem ist die Aktion eingebettet in einen Aktionstag, mit dem sich Fridays for Future bundesweit f\u00fcr die Fortf\u00fchrung des 9-Euro-Tickets einsetzen.<\/p>\n\n\n\n<p>Aber auch kommunal steht die Mobilit\u00e4tswende im Fokus. &#8220;Es ist nicht nachvollziehbar, warum die Stadt Bochum fahrenden und parkenden Autos so viel Fl\u00e4che einr\u00e4umt, w\u00e4hrend Fu\u00dfg\u00e4nger<em>innen und Radfahrer<\/em>innen oft nur unzureichend Platz zur Verf\u00fcgung steht. Wir ben\u00f6tigen echte Fl\u00e4chengerechtigkeit. Als Sofortma\u00dfnahme m\u00fcssen alle Schilder abgebaut werden, welche Autos das Parken auf Gehwegen erlauben&#8221;, erg\u00e4nzte Carla Debbeler.&lt;&lt;<\/p>\n\n\n\n<h2 class=\"wp-block-heading\">weitere Links<\/h2>\n\n\n\n<p><\/p>\n","protected":false},"excerpt":{"rendered":"<p>&gt;&gt;Fridays for Future Bochum organisiert f\u00fcr den 26. August eine weitere Demo zur Mobilit\u00e4tswende. Geplant ist eine Laufdemonstration, welche um 15:00 Uhr vor dem Schauspielhaus beginnt. Damit setzt sich die Ortsgruppe f\u00fcr eine Fortf\u00fchrung des 9-Euro-Tickets sowie die Herstellung von Fl\u00e4chengerechtigkeit auf den Bochumer Stra\u00dfen und Pl\u00e4tzen ein. Zum 9-Euro-Ticket, das nach Ende August von &hellip; <a href=\"https:\/\/boklima.de\/?p=12333\" class=\"more-link\"><span class=\"screen-reader-text\">\u201eFFF : Demo zur Mobilit\u00e4tswende : Fr 26.08.22 15h, Schauspielhaus\u201c <\/span>weiterlesen<\/a><\/p>\n","protected":false},"author":2,"featured_media":12334,"comment_status":"closed","ping_status":"closed","sticky":false,"template":"","format":"standard","meta":{"ngg_post_thumbnail":0,"footnotes":"","_share_on_mastodon":"0"},"categories":[155,156,104],"tags":[],"class_list":["post-12333","post","type-post","status-publish","format-standard","has-post-thumbnail","hentry","category-relevant-boklima","category-relevant-bochum","category-oeffentlich-fuer-alle-site-besucher-lesbar"],"share_on_mastodon":{"url":"","error":""},"rttpg_featured_image_url":{"full":["https:\/\/boklima.de\/wp-content\/uploads\/2022\/08\/image.png",999,1009,false],"landscape":["https:\/\/boklima.de\/wp-content\/uploads\/2022\/08\/image.png",999,1009,false],"portraits":["https:\/\/boklima.de\/wp-content\/uploads\/2022\/08\/image.png",999,1009,false],"thumbnail":["https:\/\/boklima.de\/wp-content\/uploads\/2022\/08\/image-150x150.png",150,150,true],"medium":["https:\/\/boklima.de\/wp-content\/uploads\/2022\/08\/image-297x300.png",297,300,true],"large":["https:\/\/boklima.de\/wp-content\/uploads\/2022\/08\/image.png",840,848,false],"1536x1536":["https:\/\/boklima.de\/wp-content\/uploads\/2022\/08\/image.png",999,1009,false],"2048x2048":["https:\/\/boklima.de\/wp-content\/uploads\/2022\/08\/image.png",999,1009,false],"post-thumbnail":["https:\/\/boklima.de\/wp-content\/uploads\/2022\/08\/image.png",999,1009,false]},"rttpg_author":{"display_name":"thomas - als admin","author_link":"https:\/\/boklima.de\/?author=2"},"rttpg_comment":0,"rttpg_category":"<a href=\"https:\/\/boklima.de\/?cat=155\" rel=\"category\">relevant-BoKlima<\/a> <a href=\"https:\/\/boklima.de\/?cat=156\" rel=\"category\">relevant-Bochum<\/a> <a href=\"https:\/\/boklima.de\/?cat=104\" rel=\"category\">\u00f6ffentlich (f\u00fcr alle lesbar)<\/a>","rttpg_excerpt":"&gt;&gt;Fridays for Future Bochum organisiert f\u00fcr den 26. August eine weitere Demo zur Mobilit\u00e4tswende. Geplant ist eine Laufdemonstration, welche um 15:00 Uhr vor dem Schauspielhaus beginnt. Damit setzt sich die Ortsgruppe f\u00fcr eine Fortf\u00fchrung des 9-Euro-Tickets sowie die Herstellung von Fl\u00e4chengerechtigkeit auf den Bochumer Stra\u00dfen und Pl\u00e4tzen ein. Zum 9-Euro-Ticket, das nach Ende August von&hellip;","_links":{"self":[{"href":"https:\/\/boklima.de\/index.php?rest_route=\/wp\/v2\/posts\/12333","targetHints":{"allow":["GET"]}}],"collection":[{"href":"https:\/\/boklima.de\/index.php?rest_route=\/wp\/v2\/posts"}],"about":[{"href":"https:\/\/boklima.de\/index.php?rest_route=\/wp\/v2\/types\/post"}],"author":[{"embeddable":true,"href":"https:\/\/boklima.de\/index.php?rest_route=\/wp\/v2\/users\/2"}],"replies":[{"embeddable":true,"href":"https:\/\/boklima.de\/index.php?rest_route=%2Fwp%2Fv2%2Fcomments&post=12333"}],"version-history":[{"count":2,"href":"https:\/\/boklima.de\/index.php?rest_route=\/wp\/v2\/posts\/12333\/revisions"}],"predecessor-version":[{"id":12336,"href":"https:\/\/boklima.de\/index.php?rest_route=\/wp\/v2\/posts\/12333\/revisions\/12336"}],"wp:featuredmedia":[{"embeddable":true,"href":"https:\/\/boklima.de\/index.php?rest_route=\/wp\/v2\/media\/12334"}],"wp:attachment":[{"href":"https:\/\/boklima.de\/index.php?rest_route=%2Fwp%2Fv2%2Fmedia&parent=12333"}],"wp:term":[{"taxonomy":"category","embeddable":true,"href":"https:\/\/boklima.de\/index.php?rest_route=%2Fwp%2Fv2%2Fcategories&post=12333"},{"taxonomy":"post_tag","embeddable":true,"href":"https:\/\/boklima.de\/index.php?rest_route=%2Fwp%2Fv2%2Ftags&post=12333"}],"curies":[{"name":"wp","href":"https:\/\/api.w.org\/{rel}","templated":true}]}}