{"id":11704,"date":"2022-05-19T13:36:01","date_gmt":"2022-05-19T11:36:01","guid":{"rendered":"https:\/\/boklima.de\/?p=11704"},"modified":"2022-05-19T13:43:49","modified_gmt":"2022-05-19T11:43:49","slug":"klimaplan-die-3-ws-wohnen-18-05-22-14-17h-stadtarchiv-diesmal-gertec","status":"publish","type":"post","link":"https:\/\/boklima.de\/?p=11704","title":{"rendered":"Klimaplan &#8212; die 3.  WS-Wohnen: 18.05.22, 14-17h, Stadtarchiv (diesmal Gertec)"},"content":{"rendered":"\n<p>  <\/p>\n\n\n\n<h2 class=\"wp-block-heading\"><span class=\"ez-toc-section\" id=\"Was_bisher_geschah_%E2%80%A6\"><\/span>Was bisher geschah &#8230;<span class=\"ez-toc-section-end\"><\/span><\/h2>\n\n\n\n<ul class=\"wp-block-list\"><li>\u00dcberblick Klimaplan : <a href=\"https:\/\/boklima.de\/?p=10626\">hier<\/a><\/li><li>(Infos zur 1. Runde : <a href=\"https:\/\/boklima.de\/?p=11446\">hier<\/a> ; <\/li><li>Beteiligung , Ideen zum  Klimaschutz : <a rel=\"noreferrer noopener\" href=\"https:\/\/bochum.klimabeteiligung.de\/\" target=\"_blank\">Direkt zum Klimadialog<\/a> , <a rel=\"noreferrer noopener\" href=\"http:\/\/www.bochum.klimamap.de\/\" target=\"_blank\">Direkt zur Klimamap<\/a> )<br>( Leider keine Eintr\u00e4ge mehr m\u00f6glich &#8230; Boklima bem\u00fcht sich um erneute Freischaltung )<\/li><\/ul>\n\n\n\n<h2 class=\"wp-block-heading\"><span class=\"ez-toc-section\" id=\"180522_Kurzbericht_vom_3_WS\"><\/span>(18.05.22) Kurzbericht vom 3. WS <span class=\"ez-toc-section-end\"><\/span><\/h2>\n\n\n\n<ul class=\"wp-block-list\"><li>ca 33 Anwesende davon ca. 25 aus Stadt, Stadtverwaltung bzw. addon<\/li><li>Visionen : falls man Klimadikatur spielen d\u00fcrfte  &#8230;<\/li><\/ul>\n\n\n\n<p>&#8230; folgt &#8230;<\/p>\n\n\n\n<hr class=\"wp-block-separator\"\/>\n\n\n\n<h2 class=\"wp-block-heading\"><span class=\"ez-toc-section\" id=\"050522_Aufruf_zur_3_Runde_WS_%E2%80%93_Wohnen\"><\/span>(05.05.22 ) Aufruf zur 3. Runde , WS &#8211; Wohnen  : <span class=\"ez-toc-section-end\"><\/span><\/h2>\n\n\n\n<p>Von: Gertec &lt;info@gertec.de&gt;<br>Verschickt: Do, 5. Mai 2022 9:38<br>Betreff: Klimaplan Bochum 2035; Fachworkshop klimagerechtes und freundliches Wohnen\/Quartiere<br><br>Sehr geehrte Klima-Fachinteressierte, &nbsp; wie Sie u.a. bereits durch die Auftaktveranstaltung im Dezember letzten Jahres oder auch im Zusammenhang mit weiteren Klima-Aktivit\u00e4ten erfahren haben, erarbeitet die Stadt Bochum mit Unterst\u00fctzung externer Gutachter*innen, unter anderen durch uns &#8211; der Gertec Ingenieurgesellschaft &#8211; zurzeit den Klimaplan Bochum 2035. Die Zielvision f\u00fcr das Jahr 2035 ist die klimaneutrale, erneuerbare Schwammstadt Bochum (weitere Informationen unter <a rel=\"noreferrer noopener\" href=\"http:\/\/www.bochum.de\/klimaplan\" target=\"_blank\">www.bochum.de\/klimaplan<\/a>). &nbsp; Neben einer breiten B\u00fcrger*innenbeteiligung ist uns dabei auch der fachliche Input von Expert*innen aus Bochum sehr wichtig. Diesen wollen wir vor allem mit Fachworkshops sicherstellen, die begleitend zur Erarbeitung des Ma\u00dfnahmenplans f\u00fcr die verschiedenen Handlungsfelder seit Ende April stattfinden. Im Auftrag der Stadt Bochum f\u00fchren wir daher einen Fachworkshop durch, der den thematischen Schwerpunkt auf die die klimagerechte Entwicklung des Wohngeb\u00e4udebestandes und -neubaus legt. Dabei steht die nachhaltige Quartiersentwicklung in Bochum im Mittelpunkt. Mit diesem Workshop sollen auch die bisherigen Aktivit\u00e4ten der Allianz f\u00fcr Wohnen aufgegriffen und die bisherigen Ergebnisse weiterentwickelt werden. <strong>&nbsp;<\/strong> <\/p>\n\n\n\n<p>Wir laden Sie hiermit herzlich zu diesem Workshop ein: Die Veranstaltung findet am <strong>18. Mai 2022 von 14:00 bis 17:00 Uhr im Stadtarchiv Bochum<\/strong>, Wittener Str. 47 statt. Ziel und Schwerpunkt des Workshops wird es sein, Ihre und weitere Ma\u00dfnahmenvorschl\u00e4ge im Handlungsfeld <em>Klimagerechtes und -freundliches Wohnen: Geb\u00e4udesanierung und Stadtentwicklung<\/em> zu diskutieren und f\u00fcr Bochum zu konkretisieren. &nbsp; Bitte melden Sie sich bei Kristine Braun per E-Mail (<a rel=\"noreferrer noopener\" href=\"mailto:Kristine.Braun@gertec.de\" target=\"_blank\">Kristine.Braun@gertec.de<\/a>) bis sp\u00e4testens zum <strong>12. Mai 2022<\/strong> verbindlich zur\u00fcck, damit wir die Veranstaltung entsprechend vorbereiten k\u00f6nnen. Da wir nicht alle Expert*innen zum Themengebiet des klimagerechten und -freundlichen Wohnens im Vorfeld vollst\u00e4ndig erfassen k\u00f6nnen, leiten Sie die Einladung gerne auch an Ihnen bekannte, ausgewiesene Fachkolleg*innen weiter. &nbsp; Bitte beachten Sie, dass maximal 30 Teilnehmende vor Ort anwesend sein d\u00fcrfen, um die noch immer gegebenen Corona-Risiken m\u00f6glichst gering zu halten. <\/p>\n\n\n\n<p>Es gilt die 3G-Regel, das Tragen von FFP2-Masken ist empfohlen. Sofern wir mehr als 30 Anmeldungen erhalten, werden wir diese pr\u00fcfen und ggfs. zus\u00e4tzlich alternative, u.U. auch digitale Formate einsetzen. &nbsp; Im Anhang finden Sie einen ersten Programmentwurf f\u00fcr den Workshop. Einige Tage vor dem Workshop erhalten Sie dann das finale Programm sowie weiteren fachlichen Input als Grundlage zur Vorbereitung auf die Veranstaltung. &nbsp; Wir bedanken uns bereits jetzt f\u00fcr Ihr Engagement und freuen uns auf Ihre R\u00fcckmeldung und Teilnahme. <\/p>\n\n\n\n<p>F\u00fcr R\u00fcckfragen stehen Ihnen Andreas H\u00fcbner (<a rel=\"noreferrer noopener\" href=\"mailto:Andreas.Huebner@gertec.de\" target=\"_blank\">Andreas.Huebner@gertec.de<\/a>) und Kristine Braun (<a rel=\"noreferrer noopener\" href=\"mailto:Kristine.Braun@gertec.de\" target=\"_blank\">Kristine.Braun@gertec.de<\/a>) gerne zur Verf\u00fcgung. &nbsp; &nbsp; &nbsp;<\/p>\n\n\n\n<h3 class=\"wp-block-heading\"><span class=\"ez-toc-section\" id=\"Programm\"><\/span>Programm : <span class=\"ez-toc-section-end\"><\/span><\/h3>\n\n\n\n<div class=\"wp-block-algori-pdf-viewer-block-algori-pdf-viewer\"><iframe class=\"wp-block-algori-pdf-viewer-block-algori-pdf-viewer-iframe\" src=\"https:\/\/boklima.de\/wp-content\/plugins\/algori-pdf-viewer\/dist\/web\/viewer.html?file=https%3A%2F%2Fboklima.de%2Fwp-content%2Fuploads%2F2022%2F05%2F220505-klimaplan-mgrenz-programm-ws-wohnen.pdf\" style=\"width:600px;height:860px\"><\/iframe><\/div>\n\n\n\n<h2 class=\"wp-block-heading\"><span class=\"ez-toc-section\" id=\"Weitere_Links\"><\/span>Weitere Links <span class=\"ez-toc-section-end\"><\/span><\/h2>\n\n\n\n<ul class=\"wp-block-list\"><li>(01.04.22, boklima) , <a href=\"https:\/\/boklima.de\/?p=11446\">Klimaplan Bochum 2035 \u2013 Aufruf zur B\u00fcrgerbeteiligung \u2014 Ideensammlung (e-p-c)<\/a><\/li><li>(29.03.22, bo-alt) , <a href=\"https:\/\/boklima.de\/?p=8427\">nicht erschienener Leserbrief : Klimapl\u00e4ne: Widerstand aus NRW!<\/a><\/li><li>(22.02.22, bo-alt) , <a href=\"https:\/\/www.bo-alternativ.de\/2022\/02\/22\/weniger-kann-mehr-sein\/\">Weniger kann mehr sein!<\/a><\/li><li>(21.12.21, boklima) , <a href=\"https:\/\/boklima.de\/?p=10626\">Klimaplan Bochum 203<\/a>5<\/li><li>(16.12.21, bo-alt) , <a href=\"https:\/\/www.bo-alternativ.de\/2021\/12\/16\/technisch-gelungen-thematisch-leider-unvollstaendig\/\">Technisch gelungen \u2013 thematisch leider unvollst\u00e4ndig!<\/a> <a href=\"https:\/\/www.bo-alternativ.de\/2021\/12\/16\/technisch-gelungen-thematisch-leider-unvollstaendig\/#tc-comment-title\">1<\/a><\/li><li>(15.12.21, boklima) , <a href=\"https:\/\/boklima.de\/?p=10699\">Klimaplan Historisch (25.03.2000)<\/a><\/li><li>(13.12.21, bo-alt) , <a href=\"https:\/\/www.bo-alternativ.de\/2021\/12\/13\/klimaplan-2035-the-same-procedure\/\">Klimaplan 2035? The same procedure?<\/a><\/li><li>(27.05.21, boklima) , <a href=\"https:\/\/boklima.de\/?p=8427\">nicht erschienener Leserbrief : Klimapl\u00e4ne: Widerstand aus NRW!<\/a><\/li><li><\/li><\/ul>\n<div id=\"ez-toc-container\" class=\"ez-toc-v2_0_82_2 counter-hierarchy ez-toc-counter ez-toc-transparent ez-toc-container-direction\">\n<div class=\"ez-toc-title-container\">\n<p class=\"ez-toc-title\" style=\"cursor:inherit\">Inhalte dieser Seite :<\/p>\n<span class=\"ez-toc-title-toggle\"><a href=\"#\" class=\"ez-toc-pull-right ez-toc-btn ez-toc-btn-xs ez-toc-btn-default ez-toc-toggle\" aria-label=\"Toggle Table of Content\"><span class=\"ez-toc-js-icon-con\"><span class=\"\"><span class=\"eztoc-hide\" style=\"display:none;\">Toggle<\/span><span class=\"ez-toc-icon-toggle-span\"><svg style=\"fill: #999;color:#999\" xmlns=\"http:\/\/www.w3.org\/2000\/svg\" class=\"list-377408\" width=\"20px\" height=\"20px\" viewBox=\"0 0 24 24\" fill=\"none\"><path d=\"M6 6H4v2h2V6zm14 0H8v2h12V6zM4 11h2v2H4v-2zm16 0H8v2h12v-2zM4 16h2v2H4v-2zm16 0H8v2h12v-2z\" fill=\"currentColor\"><\/path><\/svg><svg style=\"fill: #999;color:#999\" class=\"arrow-unsorted-368013\" xmlns=\"http:\/\/www.w3.org\/2000\/svg\" width=\"10px\" height=\"10px\" viewBox=\"0 0 24 24\" version=\"1.2\" baseProfile=\"tiny\"><path d=\"M18.2 9.3l-6.2-6.3-6.2 6.3c-.2.2-.3.4-.3.7s.1.5.3.7c.2.2.4.3.7.3h11c.3 0 .5-.1.7-.3.2-.2.3-.5.3-.7s-.1-.5-.3-.7zM5.8 14.7l6.2 6.3 6.2-6.3c.2-.2.3-.5.3-.7s-.1-.5-.3-.7c-.2-.2-.4-.3-.7-.3h-11c-.3 0-.5.1-.7.3-.2.2-.3.5-.3.7s.1.5.3.7z\"\/><\/svg><\/span><\/span><\/span><\/a><\/span><\/div>\n<nav><ul class='ez-toc-list ez-toc-list-level-1 eztoc-toggle-hide-by-default' ><li class='ez-toc-page-1 ez-toc-heading-level-2'><a class=\"ez-toc-link ez-toc-heading-1\" href=\"https:\/\/boklima.de\/?p=11704\/#Was_bisher_geschah_%E2%80%A6\" >Was bisher geschah &#8230;<\/a><\/li><li class='ez-toc-page-1 ez-toc-heading-level-2'><a class=\"ez-toc-link ez-toc-heading-2\" href=\"https:\/\/boklima.de\/?p=11704\/#180522_Kurzbericht_vom_3_WS\" >(18.05.22) Kurzbericht vom 3. WS<\/a><\/li><li class='ez-toc-page-1 ez-toc-heading-level-2'><a class=\"ez-toc-link ez-toc-heading-3\" href=\"https:\/\/boklima.de\/?p=11704\/#050522_Aufruf_zur_3_Runde_WS_%E2%80%93_Wohnen\" >(05.05.22 ) Aufruf zur 3. Runde , WS &#8211; Wohnen  :<\/a><ul class='ez-toc-list-level-3' ><li class='ez-toc-heading-level-3'><a class=\"ez-toc-link ez-toc-heading-4\" href=\"https:\/\/boklima.de\/?p=11704\/#Programm\" >Programm :<\/a><\/li><\/ul><\/li><li class='ez-toc-page-1 ez-toc-heading-level-2'><a class=\"ez-toc-link ez-toc-heading-5\" href=\"https:\/\/boklima.de\/?p=11704\/#Weitere_Links\" >Weitere Links<\/a><\/li><\/ul><\/nav><\/div>\n","protected":false},"excerpt":{"rendered":"<p>Was bisher geschah &#8230; \u00dcberblick Klimaplan : hier (Infos zur 1. Runde : hier ; Beteiligung , Ideen zum Klimaschutz : Direkt zum Klimadialog , Direkt zur Klimamap )( Leider keine Eintr\u00e4ge mehr m\u00f6glich &#8230; Boklima bem\u00fcht sich um erneute Freischaltung ) (18.05.22) Kurzbericht vom 3. WS ca 33 Anwesende davon ca. 25 aus Stadt, &hellip; <a href=\"https:\/\/boklima.de\/?p=11704\" class=\"more-link\"><span class=\"screen-reader-text\">\u201eKlimaplan &#8212; die 3.  WS-Wohnen: 18.05.22, 14-17h, Stadtarchiv (diesmal Gertec)\u201c <\/span>weiterlesen<\/a><\/p>\n","protected":false},"author":2,"featured_media":0,"comment_status":"open","ping_status":"open","sticky":false,"template":"","format":"standard","meta":{"ngg_post_thumbnail":0,"footnotes":"","_share_on_mastodon":"0"},"categories":[156,155,104],"tags":[],"class_list":["post-11704","post","type-post","status-publish","format-standard","hentry","category-relevant-bochum","category-relevant-boklima","category-oeffentlich-fuer-alle-site-besucher-lesbar"],"share_on_mastodon":{"url":"","error":""},"rttpg_featured_image_url":null,"rttpg_author":{"display_name":"thomas - als admin","author_link":"https:\/\/boklima.de\/?author=2"},"rttpg_comment":0,"rttpg_category":"<a href=\"https:\/\/boklima.de\/?cat=156\" rel=\"category\">relevant-Bochum<\/a> <a href=\"https:\/\/boklima.de\/?cat=155\" rel=\"category\">relevant-BoKlima<\/a> <a href=\"https:\/\/boklima.de\/?cat=104\" rel=\"category\">\u00f6ffentlich (f\u00fcr alle lesbar)<\/a>","rttpg_excerpt":"Was bisher geschah &#8230; \u00dcberblick Klimaplan : hier (Infos zur 1. Runde : hier ; Beteiligung , Ideen zum Klimaschutz : Direkt zum Klimadialog , Direkt zur Klimamap )( Leider keine Eintr\u00e4ge mehr m\u00f6glich &#8230; Boklima bem\u00fcht sich um erneute Freischaltung ) (18.05.22) Kurzbericht vom 3. WS ca 33 Anwesende davon ca. 25 aus Stadt,&hellip;","_links":{"self":[{"href":"https:\/\/boklima.de\/index.php?rest_route=\/wp\/v2\/posts\/11704","targetHints":{"allow":["GET"]}}],"collection":[{"href":"https:\/\/boklima.de\/index.php?rest_route=\/wp\/v2\/posts"}],"about":[{"href":"https:\/\/boklima.de\/index.php?rest_route=\/wp\/v2\/types\/post"}],"author":[{"embeddable":true,"href":"https:\/\/boklima.de\/index.php?rest_route=\/wp\/v2\/users\/2"}],"replies":[{"embeddable":true,"href":"https:\/\/boklima.de\/index.php?rest_route=%2Fwp%2Fv2%2Fcomments&post=11704"}],"version-history":[{"count":5,"href":"https:\/\/boklima.de\/index.php?rest_route=\/wp\/v2\/posts\/11704\/revisions"}],"predecessor-version":[{"id":11713,"href":"https:\/\/boklima.de\/index.php?rest_route=\/wp\/v2\/posts\/11704\/revisions\/11713"}],"wp:attachment":[{"href":"https:\/\/boklima.de\/index.php?rest_route=%2Fwp%2Fv2%2Fmedia&parent=11704"}],"wp:term":[{"taxonomy":"category","embeddable":true,"href":"https:\/\/boklima.de\/index.php?rest_route=%2Fwp%2Fv2%2Fcategories&post=11704"},{"taxonomy":"post_tag","embeddable":true,"href":"https:\/\/boklima.de\/index.php?rest_route=%2Fwp%2Fv2%2Ftags&post=11704"}],"curies":[{"name":"wp","href":"https:\/\/api.w.org\/{rel}","templated":true}]}}