{"id":11608,"date":"2022-05-05T11:17:00","date_gmt":"2022-05-05T09:17:00","guid":{"rendered":"https:\/\/boklima.de\/?p=11608"},"modified":"2022-05-05T15:58:32","modified_gmt":"2022-05-05T13:58:32","slug":"klima-camp-bochum-04-mai-20-mai","status":"publish","type":"post","link":"https:\/\/boklima.de\/?p=11608","title":{"rendered":"Klima-Camp Bochum 04.Mai &#8211; 20.Mai"},"content":{"rendered":"\n<p>weitere Infos folgen &#8230;<\/p>\n\n\n\n<hr class=\"wp-block-separator\"\/>\n\n\n\n<h3 class=\"wp-block-heading\"><span class=\"ez-toc-section\" id=\"050522_WAZ_Zelt-Demo_fuer_mehr_Umweltschutz\"><\/span>(05.05.22, WAZ ) , Zelt-Demo f\u00fcr mehr Umweltschutz<span class=\"ez-toc-section-end\"><\/span><\/h3>\n\n\n\n<figure class=\"wp-block-gallery has-nested-images columns-default is-cropped wp-block-gallery-1 is-layout-flex wp-block-gallery-is-layout-flex\">\n<figure class=\"wp-block-image size-large is-style-default\"><a href=\"https:\/\/boklima.de\/wp-content\/uploads\/2022\/05\/220505-waz-jugendliche-klimacampvorpauluskirche-bild-klein.jpg\"><img loading=\"lazy\" decoding=\"async\" width=\"816\" height=\"720\" data-id=\"11652\" src=\"https:\/\/boklima.de\/wp-content\/uploads\/2022\/05\/220505-waz-jugendliche-klimacampvorpauluskirche-bild-klein.jpg\" alt=\"\" class=\"wp-image-11652\" srcset=\"https:\/\/boklima.de\/wp-content\/uploads\/2022\/05\/220505-waz-jugendliche-klimacampvorpauluskirche-bild-klein.jpg 816w, https:\/\/boklima.de\/wp-content\/uploads\/2022\/05\/220505-waz-jugendliche-klimacampvorpauluskirche-bild-klein-300x265.jpg 300w, https:\/\/boklima.de\/wp-content\/uploads\/2022\/05\/220505-waz-jugendliche-klimacampvorpauluskirche-bild-klein-768x678.jpg 768w\" sizes=\"auto, (max-width: 709px) 85vw, (max-width: 909px) 67vw, (max-width: 984px) 61vw, (max-width: 1362px) 45vw, 600px\" \/><\/a><\/figure>\n\n\n\n<figure class=\"wp-block-image size-large is-style-default\"><a href=\"https:\/\/boklima.de\/wp-content\/uploads\/2022\/05\/220505-waz-jugendliche-klimacampvorpauluskirche-text-klein.jpg\"><img loading=\"lazy\" decoding=\"async\" width=\"840\" height=\"800\" data-id=\"11653\" src=\"https:\/\/boklima.de\/wp-content\/uploads\/2022\/05\/220505-waz-jugendliche-klimacampvorpauluskirche-text-klein.jpg\" alt=\"\" class=\"wp-image-11653\" srcset=\"https:\/\/boklima.de\/wp-content\/uploads\/2022\/05\/220505-waz-jugendliche-klimacampvorpauluskirche-text-klein.jpg 840w, https:\/\/boklima.de\/wp-content\/uploads\/2022\/05\/220505-waz-jugendliche-klimacampvorpauluskirche-text-klein-300x286.jpg 300w, https:\/\/boklima.de\/wp-content\/uploads\/2022\/05\/220505-waz-jugendliche-klimacampvorpauluskirche-text-klein-768x731.jpg 768w\" sizes=\"auto, (max-width: 709px) 85vw, (max-width: 909px) 67vw, (max-width: 1362px) 62vw, 840px\" \/><\/a><\/figure>\n<\/figure>\n\n\n\n<hr class=\"wp-block-separator\"\/>\n\n\n\n<p>Liebe MitstreiterInnen, <br>nach zahlreichen Klimacamps in diversen St\u00e4dten wird es vom <a>04.05<\/a> bis <a>20.05<\/a>, passend zur Landtagswahl in NRW, ein Klimacamp in der Bochumer Innenstadt geben!<\/p>\n\n\n\n<p>Wir wollen ein Ort sein, an dem f\u00fcr Klimagerechtigkeit und f\u00fcr sozialgerechten Klimaschutz in Bochum und NRW gek\u00e4mpft wird. An dem Wissen geteilt wird, Kontakte gekn\u00fcpft werden und an dem an die Klimakatastrophe erinnert wird. Und vor allem ein Ort, an dem jeder Mensch willkommen ist. Es gibt noch die M\u00f6glichkei sich mit Musik, Workshops, Vortr\u00e4gen, offenen Treffen oder allem weiteren, was im Camp angeboten werden kann, am Programm zu beteiligen. <\/p>\n\n\n\n<p>Wir sind ab Mittwoch mittags an der Pauluskirche beim Dr. Ruer Platz und laden auch herzlich zum \u00dcbernachten oder Besuchen im Camp ein. Tragt euch in Zuge dessen auch gerne in unseren Schichtplan f\u00fcr das Camp ein, damit wir planen k\u00f6nnen, dass wir immer genug Menschen sind.<br><a rel=\"noreferrer noopener\" href=\"https:\/\/whentomawa.hopto.org\/?id=1619027\" target=\"_blank\">https:\/\/whentomawa.hopto.org\/?id=1619027<\/a> oder falls ihr ein einfaches Pad bevorzugt: <a rel=\"noreferrer noopener\" href=\"https:\/\/wachstumswende.de\/project\/klimacamp-bochum\/document\/anwesenheit\/edit\" target=\"_blank\">https:\/\/wachstumswende.de\/project\/klimacamp-bochum\/document\/anwesenheit\/edit<\/a>\/ <\/p>\n\n\n\n<p>Wenn ihr Interesse daran h\u00e4ttet einen solchen Programmpunkt zu organisieren oder einfach Fragen habt, schreibt gerne einfach Zora an (Signal an <a>0171\/1630355<\/a>, \u00fcber Telegram an @punkyv).\u00a0 <\/p>\n\n\n\n<p>Mit freundlichen Gr\u00fc\u00dfen<br>das Klimacamp Bochum Orga-Team<\/p>\n\n\n\n<h3 class=\"wp-block-heading\"><span class=\"ez-toc-section\" id=\"290422_WAZ_Klimacamp_rund_um_die_Uhr\"><\/span>(29.04.22, WAZ ) , Klimacamp rund um die Uhr<span class=\"ez-toc-section-end\"><\/span><\/h3>\n\n\n\n<figure class=\"wp-block-image size-large is-resized is-style-default\"><a href=\"https:\/\/boklima.de\/wp-content\/uploads\/2022\/05\/220429-waz-umeltdemorundumdieuhr-klimacamp.jpg\"><img loading=\"lazy\" decoding=\"async\" src=\"https:\/\/boklima.de\/wp-content\/uploads\/2022\/05\/220429-waz-umeltdemorundumdieuhr-klimacamp-1024x737.jpg\" alt=\"\" class=\"wp-image-11642\" width=\"512\" height=\"369\" srcset=\"https:\/\/boklima.de\/wp-content\/uploads\/2022\/05\/220429-waz-umeltdemorundumdieuhr-klimacamp-1024x737.jpg 1024w, https:\/\/boklima.de\/wp-content\/uploads\/2022\/05\/220429-waz-umeltdemorundumdieuhr-klimacamp-300x216.jpg 300w, https:\/\/boklima.de\/wp-content\/uploads\/2022\/05\/220429-waz-umeltdemorundumdieuhr-klimacamp-768x553.jpg 768w, https:\/\/boklima.de\/wp-content\/uploads\/2022\/05\/220429-waz-umeltdemorundumdieuhr-klimacamp-1200x864.jpg 1200w, https:\/\/boklima.de\/wp-content\/uploads\/2022\/05\/220429-waz-umeltdemorundumdieuhr-klimacamp.jpg 1272w\" sizes=\"auto, (max-width: 512px) 85vw, 512px\" \/><\/a><\/figure>\n\n\n\n<hr class=\"wp-block-separator\"\/>\n\n\n\n<p>Das Plakat als PDF :<\/p>\n\n\n\n<div class=\"wp-block-algori-pdf-viewer-block-algori-pdf-viewer\"><iframe class=\"wp-block-algori-pdf-viewer-block-algori-pdf-viewer-iframe\" src=\"https:\/\/boklima.de\/wp-content\/plugins\/algori-pdf-viewer\/dist\/web\/viewer.html?file=https%3A%2F%2Fboklima.de%2Fwp-content%2Fuploads%2F2022%2F04%2F220429-klimacamp-04-05-20-05-plakat-small.pdf\" style=\"width:600px;height:860px\"><\/iframe><\/div>\n<div id=\"ez-toc-container\" class=\"ez-toc-v2_0_82_2 counter-hierarchy ez-toc-counter ez-toc-transparent ez-toc-container-direction\">\n<div class=\"ez-toc-title-container\">\n<p class=\"ez-toc-title\" style=\"cursor:inherit\">Inhalte dieser Seite :<\/p>\n<span class=\"ez-toc-title-toggle\"><a href=\"#\" class=\"ez-toc-pull-right ez-toc-btn ez-toc-btn-xs ez-toc-btn-default ez-toc-toggle\" aria-label=\"Toggle Table of Content\"><span class=\"ez-toc-js-icon-con\"><span class=\"\"><span class=\"eztoc-hide\" style=\"display:none;\">Toggle<\/span><span class=\"ez-toc-icon-toggle-span\"><svg style=\"fill: #999;color:#999\" xmlns=\"http:\/\/www.w3.org\/2000\/svg\" class=\"list-377408\" width=\"20px\" height=\"20px\" viewBox=\"0 0 24 24\" fill=\"none\"><path d=\"M6 6H4v2h2V6zm14 0H8v2h12V6zM4 11h2v2H4v-2zm16 0H8v2h12v-2zM4 16h2v2H4v-2zm16 0H8v2h12v-2z\" fill=\"currentColor\"><\/path><\/svg><svg style=\"fill: #999;color:#999\" class=\"arrow-unsorted-368013\" xmlns=\"http:\/\/www.w3.org\/2000\/svg\" width=\"10px\" height=\"10px\" viewBox=\"0 0 24 24\" version=\"1.2\" baseProfile=\"tiny\"><path d=\"M18.2 9.3l-6.2-6.3-6.2 6.3c-.2.2-.3.4-.3.7s.1.5.3.7c.2.2.4.3.7.3h11c.3 0 .5-.1.7-.3.2-.2.3-.5.3-.7s-.1-.5-.3-.7zM5.8 14.7l6.2 6.3 6.2-6.3c.2-.2.3-.5.3-.7s-.1-.5-.3-.7c-.2-.2-.4-.3-.7-.3h-11c-.3 0-.5.1-.7.3-.2.2-.3.5-.3.7s.1.5.3.7z\"\/><\/svg><\/span><\/span><\/span><\/a><\/span><\/div>\n<nav><ul class='ez-toc-list ez-toc-list-level-1 eztoc-toggle-hide-by-default' ><li class='ez-toc-page-1 ez-toc-heading-level-3'><a class=\"ez-toc-link ez-toc-heading-1\" href=\"https:\/\/boklima.de\/?p=11608\/#050522_WAZ_Zelt-Demo_fuer_mehr_Umweltschutz\" >(05.05.22, WAZ ) , Zelt-Demo f\u00fcr mehr Umweltschutz<\/a><\/li><li class='ez-toc-page-1 ez-toc-heading-level-3'><a class=\"ez-toc-link ez-toc-heading-2\" href=\"https:\/\/boklima.de\/?p=11608\/#290422_WAZ_Klimacamp_rund_um_die_Uhr\" >(29.04.22, WAZ ) , Klimacamp rund um die Uhr<\/a><\/li><\/ul><\/nav><\/div>\n","protected":false},"excerpt":{"rendered":"<p>weitere Infos folgen &#8230; (05.05.22, WAZ ) , Zelt-Demo f\u00fcr mehr Umweltschutz Liebe MitstreiterInnen, nach zahlreichen Klimacamps in diversen St\u00e4dten wird es vom 04.05 bis 20.05, passend zur Landtagswahl in NRW, ein Klimacamp in der Bochumer Innenstadt geben! Wir wollen ein Ort sein, an dem f\u00fcr Klimagerechtigkeit und f\u00fcr sozialgerechten Klimaschutz in Bochum und NRW &hellip; <a href=\"https:\/\/boklima.de\/?p=11608\" class=\"more-link\"><span class=\"screen-reader-text\">\u201eKlima-Camp Bochum 04.Mai &#8211; 20.Mai\u201c <\/span>weiterlesen<\/a><\/p>\n","protected":false},"author":2,"featured_media":11609,"comment_status":"open","ping_status":"open","sticky":false,"template":"","format":"standard","meta":{"ngg_post_thumbnail":0,"footnotes":"","_share_on_mastodon":"0"},"categories":[155,104],"tags":[],"class_list":["post-11608","post","type-post","status-publish","format-standard","has-post-thumbnail","hentry","category-relevant-boklima","category-oeffentlich-fuer-alle-site-besucher-lesbar"],"share_on_mastodon":{"url":"","error":""},"rttpg_featured_image_url":{"full":["https:\/\/boklima.de\/wp-content\/uploads\/2022\/04\/220429-klimacamp-04-05-20-05-plakat-small.jpg",1190,1684,false],"landscape":["https:\/\/boklima.de\/wp-content\/uploads\/2022\/04\/220429-klimacamp-04-05-20-05-plakat-small.jpg",1190,1684,false],"portraits":["https:\/\/boklima.de\/wp-content\/uploads\/2022\/04\/220429-klimacamp-04-05-20-05-plakat-small.jpg",1190,1684,false],"thumbnail":["https:\/\/boklima.de\/wp-content\/uploads\/2022\/04\/220429-klimacamp-04-05-20-05-plakat-small-150x150.jpg",150,150,true],"medium":["https:\/\/boklima.de\/wp-content\/uploads\/2022\/04\/220429-klimacamp-04-05-20-05-plakat-small-212x300.jpg",212,300,true],"large":["https:\/\/boklima.de\/wp-content\/uploads\/2022\/04\/220429-klimacamp-04-05-20-05-plakat-small-724x1024.jpg",724,1024,true],"1536x1536":["https:\/\/boklima.de\/wp-content\/uploads\/2022\/04\/220429-klimacamp-04-05-20-05-plakat-small-1085x1536.jpg",1085,1536,true],"2048x2048":["https:\/\/boklima.de\/wp-content\/uploads\/2022\/04\/220429-klimacamp-04-05-20-05-plakat-small.jpg",1190,1684,false],"post-thumbnail":["https:\/\/boklima.de\/wp-content\/uploads\/2022\/04\/220429-klimacamp-04-05-20-05-plakat-small.jpg",1190,1684,false]},"rttpg_author":{"display_name":"thomas - als admin","author_link":"https:\/\/boklima.de\/?author=2"},"rttpg_comment":0,"rttpg_category":"<a href=\"https:\/\/boklima.de\/?cat=155\" rel=\"category\">relevant-BoKlima<\/a> <a href=\"https:\/\/boklima.de\/?cat=104\" rel=\"category\">\u00f6ffentlich (f\u00fcr alle lesbar)<\/a>","rttpg_excerpt":"weitere Infos folgen &#8230; (05.05.22, WAZ ) , Zelt-Demo f\u00fcr mehr Umweltschutz Liebe MitstreiterInnen, nach zahlreichen Klimacamps in diversen St\u00e4dten wird es vom 04.05 bis 20.05, passend zur Landtagswahl in NRW, ein Klimacamp in der Bochumer Innenstadt geben! Wir wollen ein Ort sein, an dem f\u00fcr Klimagerechtigkeit und f\u00fcr sozialgerechten Klimaschutz in Bochum und NRW&hellip;","_links":{"self":[{"href":"https:\/\/boklima.de\/index.php?rest_route=\/wp\/v2\/posts\/11608","targetHints":{"allow":["GET"]}}],"collection":[{"href":"https:\/\/boklima.de\/index.php?rest_route=\/wp\/v2\/posts"}],"about":[{"href":"https:\/\/boklima.de\/index.php?rest_route=\/wp\/v2\/types\/post"}],"author":[{"embeddable":true,"href":"https:\/\/boklima.de\/index.php?rest_route=\/wp\/v2\/users\/2"}],"replies":[{"embeddable":true,"href":"https:\/\/boklima.de\/index.php?rest_route=%2Fwp%2Fv2%2Fcomments&post=11608"}],"version-history":[{"count":4,"href":"https:\/\/boklima.de\/index.php?rest_route=\/wp\/v2\/posts\/11608\/revisions"}],"predecessor-version":[{"id":11660,"href":"https:\/\/boklima.de\/index.php?rest_route=\/wp\/v2\/posts\/11608\/revisions\/11660"}],"wp:featuredmedia":[{"embeddable":true,"href":"https:\/\/boklima.de\/index.php?rest_route=\/wp\/v2\/media\/11609"}],"wp:attachment":[{"href":"https:\/\/boklima.de\/index.php?rest_route=%2Fwp%2Fv2%2Fmedia&parent=11608"}],"wp:term":[{"taxonomy":"category","embeddable":true,"href":"https:\/\/boklima.de\/index.php?rest_route=%2Fwp%2Fv2%2Fcategories&post=11608"},{"taxonomy":"post_tag","embeddable":true,"href":"https:\/\/boklima.de\/index.php?rest_route=%2Fwp%2Fv2%2Ftags&post=11608"}],"curies":[{"name":"wp","href":"https:\/\/api.w.org\/{rel}","templated":true}]}}