{"id":11573,"date":"2022-05-19T14:25:00","date_gmt":"2022-05-19T12:25:00","guid":{"rendered":"https:\/\/boklima.de\/?p=11573"},"modified":"2022-05-19T18:25:01","modified_gmt":"2022-05-19T16:25:01","slug":"klimaplan-die-2-26-04-22-stadtarchiv","status":"publish","type":"post","link":"https:\/\/boklima.de\/?p=11573","title":{"rendered":"(Aktualisiert) Klimaplan &#8212; die 2. : 26.04.22, 10h, Stadtarchiv ; Dokumentation (epc)"},"content":{"rendered":"\n<p><\/p>\n\n\n\n<h3 class=\"wp-block-heading\"><span class=\"ez-toc-section\" id=\"190522_Dokumentation_von_epc_zum_Workshop\"><\/span>(19.05.22) Dokumentation von epc zum  Workshop<span class=\"ez-toc-section-end\"><\/span><\/h3>\n\n\n\n<div class=\"wp-block-algori-pdf-viewer-block-algori-pdf-viewer\"><iframe class=\"wp-block-algori-pdf-viewer-block-algori-pdf-viewer-iframe\" src=\"https:\/\/boklima.de\/wp-content\/plugins\/algori-pdf-viewer\/dist\/web\/viewer.html?file=https%3A%2F%2Fboklima.de%2Fwp-content%2Fuploads%2F2022%2F05%2F220519-klimaplan-epc-ws-1-dokumentation-ws-klimafolgenanpassung-klimaplan-2035.pdf\" style=\"width:600px;height:840px\"><\/iframe><\/div>\n\n\n\n<hr class=\"wp-block-separator\"\/>\n\n\n\n<p>Aufruf zur 2. Runde , Achtung Anmeldung bis 20.04 : <\/p>\n\n\n\n<p>(Infos zur 1. Runde : <a href=\"https:\/\/boklima.de\/?p=11446\">hier<\/a> ; <br>Beteilinug , Ideen zum Klimaschutz : <a rel=\"noreferrer noopener\" href=\"https:\/\/bochum.klimabeteiligung.de\/\" target=\"_blank\">Direkt zum Klimadialog<\/a> , <a rel=\"noreferrer noopener\" href=\"http:\/\/www.bochum.klimamap.de\/\" target=\"_blank\">Direkt zur Klimamap<\/a> )<\/p>\n\n\n\n<h3 class=\"wp-block-heading\"><span class=\"ez-toc-section\" id=\"Programm\"><\/span>Programm : <span class=\"ez-toc-section-end\"><\/span><\/h3>\n\n\n\n<div class=\"wp-block-algori-pdf-viewer-block-algori-pdf-viewer\"><iframe class=\"wp-block-algori-pdf-viewer-block-algori-pdf-viewer-iframe\" src=\"https:\/\/boklima.de\/wp-content\/plugins\/algori-pdf-viewer\/dist\/web\/viewer.html?file=https%3A%2F%2Fboklima.de%2Fwp-content%2Fuploads%2F2022%2F04%2F220413-klimaplan-2035-2-programm-ws-klimaanpassung-260422.pdf\" style=\"width:600px;height:950px\"><\/iframe><\/div>\n\n\n\n<p>Sehr geehrte Klima-Fachinteressierte,<\/p>\n\n\n\n<p>wie Sie u.a. bereits durch die Auftaktveranstaltung im Dezember letzten Jahres oder auch im Zusammenhang mit weiteren Klima-Aktivit\u00e4ten erfahren haben, erarbeitet die Stadt Bochum mit Unterst\u00fctzung externer Gutachter*innen, unter anderen durch uns &#8211; der EPC gGmbH &#8211; zurzeit den Klimaplan Bochum 2035. Die Zielvision f\u00fcr das Jahr 2035 ist die klimaneutrale, erneuerbare Schwammstadt Bochum. Die St\u00e4rkung der Klimaresilienz gegen die bereits eingetretenen Folgen der Klimakrise ist hierbei ein zentrales Ziel und Handlungsfeld des Klimaplans (weitere Informationen unter <a href=\"http:\/\/www.bochum.de\/klimaplan\">www.bochum.de\/klimaplan<\/a>).<\/p>\n\n\n\n<p>Neben einer breiten B\u00fcrger*innenbeteiligung ist uns dabei auch der fachliche Input von Expert*innen aus Bochum sehr wichtig. Diesen wollen wir vor allem mit Fachworkshops sicherstellen, die begleitend zur Erarbeitung des Ma\u00dfnahmenplans f\u00fcr die verschiedenen Handlungsfelder ab Ende April stattfinden. Im Auftrag der Stadt Bochum starten wir nun mit dem ersten Fachworkshop, der den thematischen Fokus auf die Klimafolgenanpassung setzt. Dabei stehen die gesundheitlichen Risiken durch Hitze ebenso wie der Schutz von Infrastrukturen vor \u00dcberflutungsereignissen und allgemeine Aspekte der Aufenthalts- und Lebensqualit\u00e4t in Bochum im Mittelpunkt.<\/p>\n\n\n\n<p>Wir laden Sie hiermit herzlich zu diesem Workshop ein: die Veranstaltung findet am <br><br><strong>26. April 2022 von 10:00 bis 14:00 Uhr im Stadtarchiv Bochum<\/strong>, <br>Wittener Str. 47 statt. <\/p>\n\n\n\n<p>Ziel und Schwerpunkt des Workshops wird es sein, Ihre und weitere Ma\u00dfnahmenvorschl\u00e4ge im Handlungsfeld der Klimafolgenanpassung zu diskutieren und f\u00fcr Bochum zu konkretisieren.<\/p>\n\n\n\n<p>Bitte melden Sie sich bei Daniela Wilden per E-Mail (<a href=\"mailto:wilden@e-p-c.de\">wilden@e-p-c.de<\/a>) bis sp\u00e4testens zum <strong>20. April 2022<\/strong> verbindlich zur\u00fcck, damit wir die Veranstaltung entsprechend vorbereiten k\u00f6nnen. Da wir nicht alle Expert*innen zum Themengebiet der Klimafolgenanpassung im Vorfeld vollst\u00e4ndig erfassen k\u00f6nnen, leiten Sie die Einladung gerne auch an Ihnen bekannte, ausgewiesene Fachkolleg*innen weiter.<\/p>\n\n\n\n<p>Bitte beachten Sie, dass maximal 30 Teilnehmende vor Ort anwesend sein d\u00fcrfen, um die noch immer gegebenen Corona-Risiken m\u00f6glichst gering zu halten. Es gilt die 3G-Regel, das Tragen von FFP2-Masken ist empfohlen. Sofern wir mehr als 30 Anmeldungen erhalten, werden wir diese pr\u00fcfen und ggfs. zus\u00e4tzlich alternative, u.U. auch digitale Formate einsetzen.<\/p>\n\n\n\n<p>Im Anhang finden Sie einen ersten Programmentwurf f\u00fcr den Workshop. Einige Tage vor dem Workshop erhalten Sie dann das finale Programm sowie weiteren fachlichen Input als Grundlage zur Vorbereitung auf die Veranstaltung.<\/p>\n\n\n\n<p>Wir bedanken uns bereits jetzt f\u00fcr Ihr Engagement und freuen uns auf Ihre R\u00fcckmeldung und Teilnahme. F\u00fcr R\u00fcckfragen stehen Ihnen Dr. Ulrich Eimer (<a href=\"mailto:eimer@e-p-c.de\">eimer@e-p-c.de<\/a>) und Daniela Wilden (<a href=\"mailto:wilden@e-p-c.de\">wilden@e-p-c.de<\/a>) gerne zur Verf\u00fcgung.<\/p>\n\n\n\n<p>Mit freundlichen Gr\u00fc\u00dfen,<\/p>\n\n\n\n<figure class=\"wp-block-image size-full\"><img loading=\"lazy\" decoding=\"async\" width=\"188\" height=\"78\" src=\"https:\/\/boklima.de\/wp-content\/uploads\/2022\/04\/image-5.png\" alt=\"\" class=\"wp-image-11574\"\/><\/figure>\n\n\n\n<p><strong>EPC PROJEKTGESELLSCHAFT F\u00dcR<\/strong><br><strong>KLIMA. NACHHALTIGKEIT. KOMMUNIKATION. mbH<\/strong> (gemeinn\u00fctzig)<\/p>\n\n\n\n<p><strong>B\u00dcRO RUHR<\/strong> \u2013&nbsp;Ruhrallee 185, 45136 Essen , <br>+49 (0)201 8945211 , +49 (0)176 34563629&nbsp;&nbsp;&nbsp;&nbsp;&nbsp;&nbsp;&nbsp;&nbsp;&nbsp;&nbsp;&nbsp;&nbsp;&nbsp;&nbsp;&nbsp;&nbsp;&nbsp;&nbsp;&nbsp;&nbsp;&nbsp;&nbsp;&nbsp;&nbsp;&nbsp;&nbsp;&nbsp;&nbsp;&nbsp;&nbsp;&nbsp;&nbsp;&nbsp;<br><a href=\"mailto:wilden@e-p-c.de\">wilden@e-p-c.de<\/a><br><a href=\"http:\/\/www.e-p-c.de\/\">www.e-p-c.de<\/a>&nbsp;\/ <a href=\"https:\/\/e-p-c.de\/newsletter\/\">zum EPC Newsletter<\/a><\/p>\n\n\n\n<hr class=\"wp-block-separator\"\/>\n\n\n\n<h2 class=\"wp-block-heading\"><span class=\"ez-toc-section\" id=\"Weitere_Links\"><\/span>Weitere Links <span class=\"ez-toc-section-end\"><\/span><\/h2>\n\n\n\n<ul class=\"wp-block-list\"><li>(01.04.22, boklima) , <a href=\"https:\/\/boklima.de\/?p=11446\">Klimaplan Bochum 2035 \u2013 Aufruf zur B\u00fcrgerbeteiligung \u2014 Ideensammlung (e-p-c)<\/a><\/li><li>(29.03.22, bo-alt) , <a href=\"https:\/\/boklima.de\/?p=8427\">nicht erschienener Leserbrief : Klimapl\u00e4ne: Widerstand aus NRW!<\/a><\/li><li>(22.02.22, bo-alt) , <a href=\"https:\/\/www.bo-alternativ.de\/2022\/02\/22\/weniger-kann-mehr-sein\/\">Weniger kann mehr sein!<\/a><\/li><li>(21.12.21, boklima) , <a href=\"https:\/\/boklima.de\/?p=10626\">Klimaplan Bochum 203<\/a>5<\/li><li>(16.12.21, bo-alt) , <a href=\"https:\/\/www.bo-alternativ.de\/2021\/12\/16\/technisch-gelungen-thematisch-leider-unvollstaendig\/\">Technisch gelungen \u2013 thematisch leider unvollst\u00e4ndig!<\/a> <a href=\"https:\/\/www.bo-alternativ.de\/2021\/12\/16\/technisch-gelungen-thematisch-leider-unvollstaendig\/#tc-comment-title\">1<\/a><\/li><li>(15.12.21, boklima) , <a href=\"https:\/\/boklima.de\/?p=10699\">Klimaplan Historisch (25.03.2000)<\/a><\/li><li>(13.12.21, bo-alt) , <a href=\"https:\/\/www.bo-alternativ.de\/2021\/12\/13\/klimaplan-2035-the-same-procedure\/\">Klimaplan 2035? The same procedure?<\/a><\/li><li>(27.05.21, boklima) , <a href=\"https:\/\/boklima.de\/?p=8427\">nicht erschienener Leserbrief : Klimapl\u00e4ne: Widerstand aus NRW!<\/a><\/li><li><\/li><\/ul>\n<div id=\"ez-toc-container\" class=\"ez-toc-v2_0_82_2 counter-hierarchy ez-toc-counter ez-toc-transparent ez-toc-container-direction\">\n<div class=\"ez-toc-title-container\">\n<p class=\"ez-toc-title\" style=\"cursor:inherit\">Inhalte dieser Seite :<\/p>\n<span class=\"ez-toc-title-toggle\"><a href=\"#\" class=\"ez-toc-pull-right ez-toc-btn ez-toc-btn-xs ez-toc-btn-default ez-toc-toggle\" aria-label=\"Toggle Table of Content\"><span class=\"ez-toc-js-icon-con\"><span class=\"\"><span class=\"eztoc-hide\" style=\"display:none;\">Toggle<\/span><span class=\"ez-toc-icon-toggle-span\"><svg style=\"fill: #999;color:#999\" xmlns=\"http:\/\/www.w3.org\/2000\/svg\" class=\"list-377408\" width=\"20px\" height=\"20px\" viewBox=\"0 0 24 24\" fill=\"none\"><path d=\"M6 6H4v2h2V6zm14 0H8v2h12V6zM4 11h2v2H4v-2zm16 0H8v2h12v-2zM4 16h2v2H4v-2zm16 0H8v2h12v-2z\" fill=\"currentColor\"><\/path><\/svg><svg style=\"fill: #999;color:#999\" class=\"arrow-unsorted-368013\" xmlns=\"http:\/\/www.w3.org\/2000\/svg\" width=\"10px\" height=\"10px\" viewBox=\"0 0 24 24\" version=\"1.2\" baseProfile=\"tiny\"><path d=\"M18.2 9.3l-6.2-6.3-6.2 6.3c-.2.2-.3.4-.3.7s.1.5.3.7c.2.2.4.3.7.3h11c.3 0 .5-.1.7-.3.2-.2.3-.5.3-.7s-.1-.5-.3-.7zM5.8 14.7l6.2 6.3 6.2-6.3c.2-.2.3-.5.3-.7s-.1-.5-.3-.7c-.2-.2-.4-.3-.7-.3h-11c-.3 0-.5.1-.7.3-.2.2-.3.5-.3.7s.1.5.3.7z\"\/><\/svg><\/span><\/span><\/span><\/a><\/span><\/div>\n<nav><ul class='ez-toc-list ez-toc-list-level-1 eztoc-toggle-hide-by-default' ><ul class='ez-toc-list-level-3' ><li class='ez-toc-heading-level-3'><a class=\"ez-toc-link ez-toc-heading-1\" href=\"https:\/\/boklima.de\/?p=11573\/#190522_Dokumentation_von_epc_zum_Workshop\" >(19.05.22) Dokumentation von epc zum  Workshop<\/a><\/li><li class='ez-toc-page-1 ez-toc-heading-level-3'><a class=\"ez-toc-link ez-toc-heading-2\" href=\"https:\/\/boklima.de\/?p=11573\/#Programm\" >Programm :<\/a><\/li><\/ul><\/li><li class='ez-toc-page-1 ez-toc-heading-level-2'><a class=\"ez-toc-link ez-toc-heading-3\" href=\"https:\/\/boklima.de\/?p=11573\/#Weitere_Links\" >Weitere Links<\/a><\/li><\/ul><\/nav><\/div>\n","protected":false},"excerpt":{"rendered":"<p>(19.05.22) Dokumentation von epc zum Workshop Aufruf zur 2. Runde , Achtung Anmeldung bis 20.04 : (Infos zur 1. Runde : hier ; Beteilinug , Ideen zum Klimaschutz : Direkt zum Klimadialog , Direkt zur Klimamap ) Programm : Sehr geehrte Klima-Fachinteressierte, wie Sie u.a. bereits durch die Auftaktveranstaltung im Dezember letzten Jahres oder auch &hellip; <a href=\"https:\/\/boklima.de\/?p=11573\" class=\"more-link\"><span class=\"screen-reader-text\">\u201e(Aktualisiert) Klimaplan &#8212; die 2. : 26.04.22, 10h, Stadtarchiv ; Dokumentation (epc)\u201c <\/span>weiterlesen<\/a><\/p>\n","protected":false},"author":2,"featured_media":0,"comment_status":"open","ping_status":"open","sticky":false,"template":"","format":"standard","meta":{"ngg_post_thumbnail":0,"footnotes":"","_share_on_mastodon":"0"},"categories":[155,156,104],"tags":[],"class_list":["post-11573","post","type-post","status-publish","format-standard","hentry","category-relevant-boklima","category-relevant-bochum","category-oeffentlich-fuer-alle-site-besucher-lesbar"],"share_on_mastodon":{"url":"","error":""},"rttpg_featured_image_url":null,"rttpg_author":{"display_name":"thomas - als admin","author_link":"https:\/\/boklima.de\/?author=2"},"rttpg_comment":0,"rttpg_category":"<a href=\"https:\/\/boklima.de\/?cat=155\" rel=\"category\">relevant-BoKlima<\/a> <a href=\"https:\/\/boklima.de\/?cat=156\" rel=\"category\">relevant-Bochum<\/a> <a href=\"https:\/\/boklima.de\/?cat=104\" rel=\"category\">\u00f6ffentlich (f\u00fcr alle lesbar)<\/a>","rttpg_excerpt":"(19.05.22) Dokumentation von epc zum Workshop Aufruf zur 2. Runde , Achtung Anmeldung bis 20.04 : (Infos zur 1. Runde : hier ; Beteilinug , Ideen zum Klimaschutz : Direkt zum Klimadialog , Direkt zur Klimamap ) Programm : Sehr geehrte Klima-Fachinteressierte, wie Sie u.a. bereits durch die Auftaktveranstaltung im Dezember letzten Jahres oder auch&hellip;","_links":{"self":[{"href":"https:\/\/boklima.de\/index.php?rest_route=\/wp\/v2\/posts\/11573","targetHints":{"allow":["GET"]}}],"collection":[{"href":"https:\/\/boklima.de\/index.php?rest_route=\/wp\/v2\/posts"}],"about":[{"href":"https:\/\/boklima.de\/index.php?rest_route=\/wp\/v2\/types\/post"}],"author":[{"embeddable":true,"href":"https:\/\/boklima.de\/index.php?rest_route=\/wp\/v2\/users\/2"}],"replies":[{"embeddable":true,"href":"https:\/\/boklima.de\/index.php?rest_route=%2Fwp%2Fv2%2Fcomments&post=11573"}],"version-history":[{"count":5,"href":"https:\/\/boklima.de\/index.php?rest_route=\/wp\/v2\/posts\/11573\/revisions"}],"predecessor-version":[{"id":11719,"href":"https:\/\/boklima.de\/index.php?rest_route=\/wp\/v2\/posts\/11573\/revisions\/11719"}],"wp:attachment":[{"href":"https:\/\/boklima.de\/index.php?rest_route=%2Fwp%2Fv2%2Fmedia&parent=11573"}],"wp:term":[{"taxonomy":"category","embeddable":true,"href":"https:\/\/boklima.de\/index.php?rest_route=%2Fwp%2Fv2%2Fcategories&post=11573"},{"taxonomy":"post_tag","embeddable":true,"href":"https:\/\/boklima.de\/index.php?rest_route=%2Fwp%2Fv2%2Ftags&post=11573"}],"curies":[{"name":"wp","href":"https:\/\/api.w.org\/{rel}","templated":true}]}}